{"id":317877,"date":"2022-05-16T19:26:13","date_gmt":"2022-05-16T19:26:13","guid":{"rendered":"https:\/\/dimensionturistica.com\/es\/?p=317877"},"modified":"2022-05-16T19:26:13","modified_gmt":"2022-05-16T19:26:13","slug":"un-nuevo-asiento-en-la-clase-business-y-una-propuesta-de-alimentos-mas-sostenible-air-france-continua-con-su-estrategia-de-llevar-la-elegancia-a-nuevas-alturas","status":"publish","type":"post","link":"https:\/\/dimensionturistica.com\/es\/un-nuevo-asiento-en-la-clase-business-y-una-propuesta-de-alimentos-mas-sostenible-air-france-continua-con-su-estrategia-de-llevar-la-elegancia-a-nuevas-alturas\/","title":{"rendered":"Un nuevo asiento en la clase Business y una propuesta de alimentos m\u00e1s sostenible: Air France contin\u00faa con su estrategia de llevar la elegancia a nuevas alturas."},"content":{"rendered":"<p><img decoding=\"async\" class=\" wp-image-317890 alignleft\" src=\"https:\/\/dimensionturistica.com\/es\/wp-content\/uploads\/2022\/05\/CINCO-300x169.jpg\" alt=\"\" width=\"359\" height=\"202\" srcset=\"https:\/\/dimensionturistica.com\/es\/wp-content\/uploads\/2022\/05\/CINCO-300x169.jpg 300w, https:\/\/dimensionturistica.com\/es\/wp-content\/uploads\/2022\/05\/CINCO.jpg 500w\" sizes=\"(max-width: 359px) 100vw, 359px\" \/>Air France contin\u00faa con su estrategia de llevar la elegancia a nuevas alturas y present\u00f3, el 10 de mayo de 2022, su nuevo asiento para la clase Business, en los vuelos de larga distancia, un asiento que reafirma con elegancia el arte de viajar con un toque franc\u00e9s. En constante evoluci\u00f3n para ofrecer siempre el m\u00e1s alto nivel de confort, la compa\u00f1\u00eda renov\u00f3 su ic\u00f3nico asiento, con el fin de ofrecer una versi\u00f3n completamente nueva.<br \/>\nEl dise\u00f1o de este asiento se basa, por sus siglas en ingl\u00e9s, en las \u201c3 F\u201d: Full Flat, lo que significa que el asiento se transforma en una cama de casi dos metros de largo, Full Access, para brindar a todos los pasajeros acceso directo al pasillo, y Full Privacy, para garantizar una privacidad \u00f3ptima. Una nueva puerta corrediza permite a los pasajeros crear un espacio totalmente privado, fuera de la vista de otros pasajeros. Para mayor sensaci\u00f3n de privacidad de los<img decoding=\"async\" class=\"size-medium wp-image-317891 alignright\" src=\"https:\/\/dimensionturistica.com\/es\/wp-content\/uploads\/2022\/05\/CUATRO-300x169.jpg\" alt=\"\" width=\"300\" height=\"169\" srcset=\"https:\/\/dimensionturistica.com\/es\/wp-content\/uploads\/2022\/05\/CUATRO-300x169.jpg 300w, https:\/\/dimensionturistica.com\/es\/wp-content\/uploads\/2022\/05\/CUATRO.jpg 500w\" sizes=\"(max-width: 300px) 100vw, 300px\" \/> pasajeros que viajan juntos, los asientos ubicados en el centro de la cabina ahora est\u00e1n equipados con un panel central que baja presion\u00e1ndolo, creando as\u00ed un espacio de convivencia durante un vuelo compartido. El asiento tambi\u00e9n cuenta con una amplia pantalla que no deslumbra, con resoluci\u00f3n de alta definici\u00f3n 4k y 43.94 cent\u00edmetros, adem\u00e1s de auriculares que reducen el ruido, una nueva conexi\u00f3n Bluetooth que permite a los pasajeros usar sus propios auriculares y varios puertos de conexi\u00f3n.<br \/>\nEn el asiento, el s\u00edmbolo de Air France que encarna la rica historia de la compa\u00f1\u00eda, el caballito de mar alado, iluminado recibe a los pasajeros. El tapizado del asiento aporta suavidad y una sensaci\u00f3n de comodidad. Lana, aluminio cepillado, son los materiales nobles, suaves y naturales elegidos por<img decoding=\"async\" class=\"size-medium wp-image-317895 alignright\" src=\"https:\/\/dimensionturistica.com\/es\/wp-content\/uploads\/2022\/05\/DIEZ-300x169.jpg\" alt=\"\" width=\"300\" height=\"169\" srcset=\"https:\/\/dimensionturistica.com\/es\/wp-content\/uploads\/2022\/05\/DIEZ-300x169.jpg 300w, https:\/\/dimensionturistica.com\/es\/wp-content\/uploads\/2022\/05\/DIEZ.jpg 500w\" sizes=\"(max-width: 300px) 100vw, 300px\" \/> Air France para la fabricaci\u00f3n de sus asientos. Cada asiento tambi\u00e9n est\u00e1 bordado con el acento rojo caracter\u00edstico de la compa\u00f1\u00eda.<br \/>\nAir France introduce, con este asiento, un nuevo est\u00e1ndar en la clase de viaje Business. Disponible progresivamente en 12 Boeing 777-300, a partir de septiembre de 2022, cada avi\u00f3n estar\u00e1 equipado con 48 asientos en esta clase.<br \/>\nLa compa\u00f1\u00eda tambi\u00e9n est\u00e1 instalando sus m\u00e1s recientes asientos en las clases de viaje Premium Economy (48 lugares) y Economy (273 lugares) a bordo de estos aviones, para una comodidad \u00f3ptima.<br \/>\nCada cabina est\u00e1 elegantemente decorada con los colores caracter\u00edsticos de la marca: azul marino, blanco para aportar luz y contraste, adem\u00e1s de toques de rojo.<img decoding=\"async\" class=\"size-medium wp-image-317896 alignright\" src=\"https:\/\/dimensionturistica.com\/es\/wp-content\/uploads\/2022\/05\/NUEVE-300x169.jpg\" alt=\"\" width=\"300\" height=\"169\" srcset=\"https:\/\/dimensionturistica.com\/es\/wp-content\/uploads\/2022\/05\/NUEVE-300x169.jpg 300w, https:\/\/dimensionturistica.com\/es\/wp-content\/uploads\/2022\/05\/NUEVE.jpg 500w\" sizes=\"(max-width: 300px) 100vw, 300px\" \/><br \/>\nBautizado como \u201cFontainebleau\u201d, el primer avi\u00f3n equipado con los nuevos asientos, y conexi\u00f3n WiFi, volar\u00e1 de Par\u00eds a Nueva York-JFK este oto\u00f1o. Bienestar \u00f3ptimo en las clases Premium Economy y Economy<br \/>\nPara la clase Premium Economy, Air France present\u00f3 su m\u00e1s reciente modelo de asiento reclinable, ya disponible en el Airbus A350, en una versi\u00f3n a\u00fan m\u00e1s c\u00f3moda. Cada asiento ofrece 96 cm de espacio para las piernas. Los cojines de los asientos han sido redise\u00f1ados y el tejido de espiga en azul marino a\u00f1adi\u00f3 suavidad. El respaldo del asiento se reclina 124 grados y se ha ensanchado para brindar mayor privacidad. Nuevos auriculares con reducci\u00f3n de ruido est\u00e1n integrados en el asiento y son f\u00e1ciles de usar en cualquier momento durante el vuelo. El asiento tambi\u00e9n cuenta con puertos USB A y C.<img decoding=\"async\" class=\"size-medium wp-image-317897 alignright\" src=\"https:\/\/dimensionturistica.com\/es\/wp-content\/uploads\/2022\/05\/ONCE-300x169.jpg\" alt=\"\" width=\"300\" height=\"169\" srcset=\"https:\/\/dimensionturistica.com\/es\/wp-content\/uploads\/2022\/05\/ONCE-300x169.jpg 300w, https:\/\/dimensionturistica.com\/es\/wp-content\/uploads\/2022\/05\/ONCE.jpg 500w\" sizes=\"(max-width: 300px) 100vw, 300px\" \/><br \/>\nEn la cabina Economy, los asientos tambi\u00e9n cumplen con los m\u00e1s altos est\u00e1ndares de confort del mercado. Cada asiento tiene una base amplia de 43 cm, una reclinaci\u00f3n de 119 grados y 79 cm de espacio para las piernas. El respaldo tiene un dise\u00f1o ergon\u00f3mico con soporte lateral reforzado. Tambi\u00e9n est\u00e1 equipado con un puerto USB A.<br \/>\nLos asientos de estas dos cabinas est\u00e1n equipados con una amplia pantalla de alta definici\u00f3n 4K de 33.78 cent\u00edmetros con conexi\u00f3n Bluetooth, ideal para disfrutar de m\u00e1s de 1.000 horas de entretenimiento on-demand.<br \/>\nUna oferta de alimentos m\u00e1s responsable<br \/>\nPara una deliciosa pausa durante el vuelo, Air France propondr\u00e1 a los pasajeros, en sus vuelos de larga distancia que inicien en Par\u00eds, una oferta gastron\u00f3mica responsable integrada por productos nutritivos y de origen local. En la clase Business, los principales chefs franceses, reconocidos con estrellas Michelin, estar\u00e1n a cargo de una selecci\u00f3n de platos vegetarianos, as\u00ed como platos refinados elaborados a base de carne, aves y pescado. En Premium Economy, los clientes disfrutar\u00e1n de una comida especial que cuenta, sistem\u00e1ticamente, con certificaci\u00f3n Nutri-Score A o B.<br \/>\nPara finales de 2022, en todos los vuelos que inicien en Par\u00eds, la compa\u00f1\u00eda ofrecer\u00e1, en todas sus clases de viaje, carne, productos l\u00e1cteos y huevos de<img decoding=\"async\" class=\"size-medium wp-image-317898 alignright\" src=\"https:\/\/dimensionturistica.com\/es\/wp-content\/uploads\/2022\/05\/SEIS-300x169.jpg\" alt=\"\" width=\"300\" height=\"169\" srcset=\"https:\/\/dimensionturistica.com\/es\/wp-content\/uploads\/2022\/05\/SEIS-300x169.jpg 300w, https:\/\/dimensionturistica.com\/es\/wp-content\/uploads\/2022\/05\/SEIS.jpg 500w\" sizes=\"(max-width: 300px) 100vw, 300px\" \/> origen local, pescado procedente de pesca sostenible, la opci\u00f3n de un plato vegetariano, y comidas totalmente preparadas en Francia. La compa\u00f1\u00eda tambi\u00e9n ofrecer\u00e1 men\u00fas para ni\u00f1os y beb\u00e9s elaborados con ingredientes totalmente org\u00e1nicos.<br \/>\nAdem\u00e1s, en su lucha contra el desperdicio de alimentos, Air France tambi\u00e9n integrar\u00e1, progresivamente, la opci\u00f3n de que los clientes preseleccionen el platillo caliente de su elecci\u00f3n en clase Business, antes de la salida de sus vuelos. Esta opci\u00f3n busca combinar la garant\u00eda de tener a bordo la elecci\u00f3n del cliente y un consumo m\u00e1s racional. La compa\u00f1\u00eda tambi\u00e9n est\u00e1 comprometida con reciclar y eliminar el 90% de los art\u00edculos de pl\u00e1stico de un<img decoding=\"async\" class=\"size-medium wp-image-317899 alignright\" src=\"https:\/\/dimensionturistica.com\/es\/wp-content\/uploads\/2022\/05\/SIETE-300x169.jpg\" alt=\"\" width=\"300\" height=\"169\" srcset=\"https:\/\/dimensionturistica.com\/es\/wp-content\/uploads\/2022\/05\/SIETE-300x169.jpg 300w, https:\/\/dimensionturistica.com\/es\/wp-content\/uploads\/2022\/05\/SIETE.jpg 500w\" sizes=\"(max-width: 300px) 100vw, 300px\" \/> solo uso a bordo de sus aviones, para principios de 2023. Con el fin de alcanzar este objetivo, Air France contin\u00faa desarrollando art\u00edculos dise\u00f1ados ecol\u00f3gicamente, fabricados a partir de materiales de base biol\u00f3gica.<br \/>\nUna oferta de alimentos sostenible es parte del plan de acci\u00f3n de Air France, para impulsar que viajar se haga de forma cada vez m\u00e1s responsable. Las iniciativas de la compa\u00f1\u00eda al respecto, se agrupan bajo el nombre Air France ACT.<\/p>\n","protected":false},"excerpt":{"rendered":"<p>Air France contin\u00faa con su estrategia de llevar la elegancia a nuevas alturas y present\u00f3, el 10 de mayo de 2022, su nuevo asiento para la clase Business, en los vuelos de larga distancia, un asiento que reafirma con elegancia el arte de viajar con un toque franc\u00e9s. En constante evoluci\u00f3n para ofrecer siempre el [&hellip;]<\/p>\n","protected":false},"author":1,"featured_media":317900,"comment_status":"open","ping_status":"closed","sticky":false,"template":"","format":"standard","meta":{"om_disable_all_campaigns":false,"jnews-multi-image_gallery":[],"jnews_single_post":{"source_name":"","source_url":"","via_name":"","via_url":"","override_template":"0","override":[{"template":"1","single_blog_custom":"","parallax":"1","fullscreen":"1","layout":"right-sidebar","sidebar":"default-sidebar","second_sidebar":"default-sidebar","sticky_sidebar":"1","share_position":"top","share_float_style":"share-monocrhome","show_share_counter":"1","show_view_counter":"1","show_featured":"1","show_post_meta":"1","show_post_author":"1","show_post_author_image":"1","show_post_date":"1","post_date_format":"default","post_date_format_custom":"Y\/m\/d","show_post_category":"1","show_post_reading_time":"0","post_reading_time_wpm":"300","show_zoom_button":"0","zoom_button_out_step":"2","zoom_button_in_step":"3","show_post_tag":"1","show_prev_next_post":"1","show_popup_post":"1","number_popup_post":"1","show_author_box":"0","show_post_related":"0","show_inline_post_related":"0"}],"override_image_size":"0","image_override":[{"single_post_thumbnail_size":"crop-500","single_post_gallery_size":"crop-500"}],"trending_post":"0","trending_post_position":"meta","trending_post_label":"Trending","sponsored_post":"0","sponsored_post_label":"Sponsored by","sponsored_post_name":"","sponsored_post_url":"","sponsored_post_logo_enable":"0","sponsored_post_logo":"","sponsored_post_desc":"","disable_ad":"0"},"jnews_primary_category":{"id":""},"jnews_social_meta":{"fb_title":"","fb_description":"","fb_image":"","twitter_title":"","twitter_description":"","twitter_image":""},"footnotes":""},"categories":[40],"tags":[],"class_list":["post-317877","post","type-post","status-publish","format-standard","has-post-thumbnail","hentry","category-industria"],"_links":{"self":[{"href":"https:\/\/dimensionturistica.com\/es\/wp-json\/wp\/v2\/posts\/317877","targetHints":{"allow":["GET"]}}],"collection":[{"href":"https:\/\/dimensionturistica.com\/es\/wp-json\/wp\/v2\/posts"}],"about":[{"href":"https:\/\/dimensionturistica.com\/es\/wp-json\/wp\/v2\/types\/post"}],"author":[{"embeddable":true,"href":"https:\/\/dimensionturistica.com\/es\/wp-json\/wp\/v2\/users\/1"}],"replies":[{"embeddable":true,"href":"https:\/\/dimensionturistica.com\/es\/wp-json\/wp\/v2\/comments?post=317877"}],"version-history":[{"count":0,"href":"https:\/\/dimensionturistica.com\/es\/wp-json\/wp\/v2\/posts\/317877\/revisions"}],"wp:featuredmedia":[{"embeddable":true,"href":"https:\/\/dimensionturistica.com\/es\/wp-json\/wp\/v2\/media\/317900"}],"wp:attachment":[{"href":"https:\/\/dimensionturistica.com\/es\/wp-json\/wp\/v2\/media?parent=317877"}],"wp:term":[{"taxonomy":"category","embeddable":true,"href":"https:\/\/dimensionturistica.com\/es\/wp-json\/wp\/v2\/categories?post=317877"},{"taxonomy":"post_tag","embeddable":true,"href":"https:\/\/dimensionturistica.com\/es\/wp-json\/wp\/v2\/tags?post=317877"}],"curies":[{"name":"wp","href":"https:\/\/api.w.org\/{rel}","templated":true}]}}