{"id":317859,"date":"2022-05-16T18:48:16","date_gmt":"2022-05-16T18:48:16","guid":{"rendered":"https:\/\/dimensionturistica.com\/es\/?p=317859"},"modified":"2022-05-16T18:48:16","modified_gmt":"2022-05-16T18:48:16","slug":"avis-es-nombrada-una-super-empresa-por-segundo-ano-consecutivo","status":"publish","type":"post","link":"https:\/\/dimensionturistica.com\/es\/avis-es-nombrada-una-super-empresa-por-segundo-ano-consecutivo\/","title":{"rendered":"AVIS es nombrada una S\u00faper Empresa por segundo a\u00f1o consecutivo"},"content":{"rendered":"<p>Este 2022 ha sido un gran a\u00f1o para Avis y queremos compartir contigo las buenas noticias que hemos recibido. En marzo, Avis se convirti\u00f3 en la primera arrendadora con autos Tesla en Latinoam\u00e9rica, ofreciendo a sus clientes una nueva experiencia de viaje sustentable, diferente e innovadora. Con esta nueva flota de autos el\u00e9ctricos, Avis M\u00e9xico reforz\u00f3 su compromiso de ser una empresa socialmente responsable, pero tambi\u00e9n vanguardista e innovadora.<br \/>\nY son estas las caracter\u00edsticas que llevaron a Avis M\u00e9xico a ser nombrada una<img decoding=\"async\" class=\"wp-image-317866 alignleft\" src=\"https:\/\/dimensionturistica.com\/es\/wp-content\/uploads\/2022\/05\/AVISREN-300x199.jpg\" alt=\"\" width=\"384\" height=\"255\" srcset=\"https:\/\/dimensionturistica.com\/es\/wp-content\/uploads\/2022\/05\/AVISREN-300x199.jpg 300w, https:\/\/dimensionturistica.com\/es\/wp-content\/uploads\/2022\/05\/AVISREN.jpg 500w\" sizes=\"(max-width: 384px) 100vw, 384px\" \/> S\u00faper Empresa 2022, un reconocimiento otorgado en d\u00edas pasados por Expansi\u00f3n y TOP Companies, quienes se encargan de otorgar esta distinci\u00f3n a las empresas \u201cen donde todos quieren trabajar\u201d, ya que se trata de compa\u00f1\u00edas que ofrecen culturas s\u00f3lidas, l\u00edderes involucrados, inter\u00e9s genuino en la mejora continua, servicio impecable, calidad en sus productos, colaboradores comprometidos, condiciones laborales adecuadas y rentables, pero sobre todo, humanas.<br \/>\nEl nombramiento de AVIS M\u00e9xico como una S\u00faper Empresa representa un gran momento y significado para la organizaci\u00f3n.<br \/>\n\u201cPara nosotros es un orgullo este reconocimiento y queremos reafirmar que estamos comprometidos con nuestros clientes y su seguridad, as\u00ed como con nuestros empleados y el ambiente laboral que ofrecemos\u201d, coment\u00f3 Eddy Breach, Director de Marketing para M\u00e9xico.<br \/>\n\u201cAvis M\u00e9xico es una empresa innovadora y socialmente responsable, y nos encargaremos de seguir mejorando d\u00eda a d\u00eda para ofrecer siempre los mejores servicios y la mejor atenci\u00f3n. Queremos ser parte de las experiencias de viaje de nuestros clientes, as\u00ed como brindar un espacio de trabajo donde nuestros empleados se sientan satisfechos.\u201d<br \/>\nAsimismo, es de gran trascendencia mencionar que tambi\u00e9n en marzo, Avis se convirti\u00f3, por primera vez, en la arrendadora de autos #1 en M\u00e9rida, Yucat\u00e1n; al lograr el mayor n\u00famero de transacciones del sector de arrendamiento de autos en el aeropuerto de esta ciudad. No cabe duda, que la tambi\u00e9n llamada Ciudad Blanca, es un destino muy importante para la marca, ya que no s\u00f3lo ha captado la atenci\u00f3n de turistas nacionales y extranjeros en los \u00faltimos a\u00f1os, sino que adem\u00e1s es la ciudad sede del corporativo de Avis M\u00e9xico.<br \/>\nM\u00e9rida es tambi\u00e9n una de las cinco ciudades donde puedes encontrar los autos Tesla Model 3, incluyendo Ciudad de M\u00e9xico, Guadalajara, Monterrey y Canc\u00fan.<br \/>\nFinalmente, queremos anunciarles que del 22 al 25 de mayo, Avis participar\u00e1 en uno de los eventos m\u00e1s importantes del trade en M\u00e9xico: el \u201cTianguis Tur\u00edstico 2022\u201d, cuya sede ser\u00e1 el puerto de Acapulco, Guerrero; con el objetivo de reforzar sus relaciones comerciales con clientes, medios de comunicaci\u00f3n y abrir canales de comunicaci\u00f3n a nuevos socios; as\u00ed tambi\u00e9n para platicar de todas las novedades, beneficios y servicios con los que cuenta AVIS en el pa\u00eds.<br \/>\n*Fuente: Reporte ASUR, abril 2022.<br \/>\nPara conocer m\u00e1s detalles visita Avis.mx<br \/>\n\u00a1S\u00edguenos en nuestras redes sociales! Encu\u00e9ntranos en Instagram como @avismexico, Facebook @AvisM\u00e9xico y LinkedIn @AvisMexico.<\/p>\n","protected":false},"excerpt":{"rendered":"<p>Este 2022 ha sido un gran a\u00f1o para Avis y queremos compartir contigo las buenas noticias que hemos recibido. En marzo, Avis se convirti\u00f3 en la primera arrendadora con autos Tesla en Latinoam\u00e9rica, ofreciendo a sus clientes una nueva experiencia de viaje sustentable, diferente e innovadora. Con esta nueva flota de autos el\u00e9ctricos, Avis M\u00e9xico [&hellip;]<\/p>\n","protected":false},"author":1,"featured_media":317870,"comment_status":"open","ping_status":"closed","sticky":false,"template":"","format":"standard","meta":{"om_disable_all_campaigns":false,"jnews-multi-image_gallery":[],"jnews_single_post":{"source_name":"","source_url":"","via_name":"","via_url":"","override_template":"0","override":[{"template":"1","single_blog_custom":"","parallax":"1","fullscreen":"1","layout":"right-sidebar","sidebar":"default-sidebar","second_sidebar":"default-sidebar","sticky_sidebar":"1","share_position":"top","share_float_style":"share-monocrhome","show_share_counter":"1","show_view_counter":"1","show_featured":"1","show_post_meta":"1","show_post_author":"1","show_post_author_image":"1","show_post_date":"1","post_date_format":"default","post_date_format_custom":"Y\/m\/d","show_post_category":"1","show_post_reading_time":"0","post_reading_time_wpm":"300","show_zoom_button":"0","zoom_button_out_step":"2","zoom_button_in_step":"3","show_post_tag":"1","show_prev_next_post":"1","show_popup_post":"1","number_popup_post":"1","show_author_box":"0","show_post_related":"0","show_inline_post_related":"0"}],"override_image_size":"0","image_override":[{"single_post_thumbnail_size":"crop-500","single_post_gallery_size":"crop-500"}],"trending_post":"0","trending_post_position":"meta","trending_post_label":"Trending","sponsored_post":"0","sponsored_post_label":"Sponsored by","sponsored_post_name":"","sponsored_post_url":"","sponsored_post_logo_enable":"0","sponsored_post_logo":"","sponsored_post_desc":"","disable_ad":"0"},"jnews_primary_category":{"id":""},"jnews_social_meta":{"fb_title":"","fb_description":"","fb_image":"","twitter_title":"","twitter_description":"","twitter_image":""},"footnotes":""},"categories":[40],"tags":[],"class_list":["post-317859","post","type-post","status-publish","format-standard","has-post-thumbnail","hentry","category-industria"],"_links":{"self":[{"href":"https:\/\/dimensionturistica.com\/es\/wp-json\/wp\/v2\/posts\/317859","targetHints":{"allow":["GET"]}}],"collection":[{"href":"https:\/\/dimensionturistica.com\/es\/wp-json\/wp\/v2\/posts"}],"about":[{"href":"https:\/\/dimensionturistica.com\/es\/wp-json\/wp\/v2\/types\/post"}],"author":[{"embeddable":true,"href":"https:\/\/dimensionturistica.com\/es\/wp-json\/wp\/v2\/users\/1"}],"replies":[{"embeddable":true,"href":"https:\/\/dimensionturistica.com\/es\/wp-json\/wp\/v2\/comments?post=317859"}],"version-history":[{"count":0,"href":"https:\/\/dimensionturistica.com\/es\/wp-json\/wp\/v2\/posts\/317859\/revisions"}],"wp:featuredmedia":[{"embeddable":true,"href":"https:\/\/dimensionturistica.com\/es\/wp-json\/wp\/v2\/media\/317870"}],"wp:attachment":[{"href":"https:\/\/dimensionturistica.com\/es\/wp-json\/wp\/v2\/media?parent=317859"}],"wp:term":[{"taxonomy":"category","embeddable":true,"href":"https:\/\/dimensionturistica.com\/es\/wp-json\/wp\/v2\/categories?post=317859"},{"taxonomy":"post_tag","embeddable":true,"href":"https:\/\/dimensionturistica.com\/es\/wp-json\/wp\/v2\/tags?post=317859"}],"curies":[{"name":"wp","href":"https:\/\/api.w.org\/{rel}","templated":true}]}}