{"id":317765,"date":"2022-05-16T16:25:10","date_gmt":"2022-05-16T16:25:10","guid":{"rendered":"https:\/\/dimensionturistica.com\/es\/?p=317765"},"modified":"2022-05-16T16:25:10","modified_gmt":"2022-05-16T16:25:10","slug":"comeva-acoge-la-conferencia-una-dulce-historia-de-rafael-juan-ceo-de-vicky-foods","status":"publish","type":"post","link":"https:\/\/dimensionturistica.com\/es\/comeva-acoge-la-conferencia-una-dulce-historia-de-rafael-juan-ceo-de-vicky-foods\/","title":{"rendered":"Comeva acoge la conferencia &#8216;Una dulce historia&#8217; de Rafael Juan, CEO de Vicky Foods"},"content":{"rendered":"<p> <br \/>\n<\/p>\n<div>\n<p>VAL\u00c8NCIA (VP). <strong>Rafael Juan<\/strong>, CEO de Vicky Meals (Dulcesol), impartir\u00e1 la conferencia \u201cUna dulce historia\u201d el pr\u00f3ximo 19 de mayo a las 17 horas en el sal\u00f3n de actos del Colegio Oficial de Titulares Mercantiles y Empresariales de Valencia.<\/p>\n<p>Rafael Juan contar\u00e1 en primera persona la historia de Vicky Meals: un peque\u00f1o negocio que nace de la historia de amor de sus padres, Antonio Juan y Victoria Fern\u00e1ndez, en los a\u00f1os 50 y que, con sus \u00e9xitos, pero tambi\u00e9n con sus fracasos, se ha convertido en un gigante del sector alimentario. Una historia que habla de innovaci\u00f3n e internacionalizaci\u00f3n, pilares fundamentales de una empresa, pero tambi\u00e9n de la figura del l\u00edder y c\u00f3mo afrontar las disaster.<\/p>\n<p>La sede del colegio acoger\u00e1 esta conferencia que tiene el mismo nombre que la obra recientemente publicada, \u201cUna dulce historia\u201d. Todos los beneficios de este libro ser\u00e1n destinados a proyectos educativos de la Fundaci\u00f3n Vicky Meals. A los colegiados asistentes se les obsequiar\u00e1 con un ejemplar.<\/p>\n<p>El Colegio Oficial de Titulares Mercantiles y Empresariales de Valencia (COMEVA), el colegio profesional de \u00e1mbito econ\u00f3mico m\u00e1s antiguo de la Comunitat Valenciana, contin\u00faa poniendo al colegiado en el centro de todas sus acciones para mantenerlo informado de las novedades que van surgiendo en el \u00e1mbito empresarial y esta conferencia es una muestra de ello.<\/p>\n<\/div>\n\n<p><em> \u2018 The preceding article may include information circulated by third parties \u2019 <\/em><\/p>\n<p><em> \u2018 Some details of this article were extracted from the following source valenciaplaza.com \u2019 <\/em><\/p>\n","protected":false},"excerpt":{"rendered":"<p>VAL\u00c8NCIA (VP). Rafael Juan, CEO de Vicky Meals (Dulcesol), impartir\u00e1 la conferencia \u201cUna dulce historia\u201d el pr\u00f3ximo 19 de mayo a las 17 horas en el sal\u00f3n de actos del Colegio Oficial de Titulares Mercantiles y Empresariales de Valencia. Rafael Juan contar\u00e1 en primera persona la historia de Vicky Meals: un peque\u00f1o negocio que nace [&hellip;]<\/p>\n","protected":false},"author":2,"featured_media":317766,"comment_status":"open","ping_status":"closed","sticky":false,"template":"","format":"standard","meta":{"om_disable_all_campaigns":false,"jnews-multi-image_gallery":[],"jnews_single_post":[],"jnews_primary_category":[],"jnews_social_meta":[],"footnotes":""},"categories":[43],"tags":[45752],"class_list":["post-317765","post","type-post","status-publish","format-standard","has-post-thumbnail","hentry","category-gourmet","tag-comeva-conferencia-rafael-juan"],"_links":{"self":[{"href":"https:\/\/dimensionturistica.com\/es\/wp-json\/wp\/v2\/posts\/317765","targetHints":{"allow":["GET"]}}],"collection":[{"href":"https:\/\/dimensionturistica.com\/es\/wp-json\/wp\/v2\/posts"}],"about":[{"href":"https:\/\/dimensionturistica.com\/es\/wp-json\/wp\/v2\/types\/post"}],"author":[{"embeddable":true,"href":"https:\/\/dimensionturistica.com\/es\/wp-json\/wp\/v2\/users\/2"}],"replies":[{"embeddable":true,"href":"https:\/\/dimensionturistica.com\/es\/wp-json\/wp\/v2\/comments?post=317765"}],"version-history":[{"count":0,"href":"https:\/\/dimensionturistica.com\/es\/wp-json\/wp\/v2\/posts\/317765\/revisions"}],"wp:featuredmedia":[{"embeddable":true,"href":"https:\/\/dimensionturistica.com\/es\/wp-json\/wp\/v2\/media\/317766"}],"wp:attachment":[{"href":"https:\/\/dimensionturistica.com\/es\/wp-json\/wp\/v2\/media?parent=317765"}],"wp:term":[{"taxonomy":"category","embeddable":true,"href":"https:\/\/dimensionturistica.com\/es\/wp-json\/wp\/v2\/categories?post=317765"},{"taxonomy":"post_tag","embeddable":true,"href":"https:\/\/dimensionturistica.com\/es\/wp-json\/wp\/v2\/tags?post=317765"}],"curies":[{"name":"wp","href":"https:\/\/api.w.org\/{rel}","templated":true}]}}