{"id":317431,"date":"2022-05-15T22:38:51","date_gmt":"2022-05-15T22:38:51","guid":{"rendered":"https:\/\/dimensionturistica.com\/es\/?p=317431"},"modified":"2022-05-15T22:38:51","modified_gmt":"2022-05-15T22:38:51","slug":"el-flujo-de-pasajeros-en-vuelos-internacionales-a-mexico-supera-los-2-2-millones-en-marzo-de-2022","status":"publish","type":"post","link":"https:\/\/dimensionturistica.com\/es\/el-flujo-de-pasajeros-en-vuelos-internacionales-a-mexico-supera-los-2-2-millones-en-marzo-de-2022\/","title":{"rendered":"El Flujo de pasajeros en vuelos internacionales a M\u00e9xico supera los 2.2 millones en marzo de 2022"},"content":{"rendered":"<p>El secretario de Turismo del Gobierno de M\u00e9xico, Miguel Torruco Marqu\u00e9s, dio a conocer que en marzo de 2022, el flujo de pasajeros en vuelos internacionales a M\u00e9xico fue de 2 millones 236 mil 869 pasajeros, lo que representa 77% de la oferta de asientos para ese mes, que fue de 2 millones 916 mil 736.<br \/>\nEl titular de la Secretar\u00eda de Turismo (Sectur) destac\u00f3 que esta proporci\u00f3n fue mayor a la registrada en enero, cuando fueron programados 2 millones 900 mil 403 asientos en vuelos internacionales, y se transportaron un mill\u00f3n 800 mil 153 pasajeros, lo que represent\u00f3 62% de la oferta.<br \/>\nSe\u00f1al\u00f3 que en febrero de 2022, el flujo de pasajeros en vuelos internacionales<img decoding=\"async\" class=\"size-medium wp-image-317435 alignright\" src=\"https:\/\/dimensionturistica.com\/es\/wp-content\/uploads\/2022\/05\/Sala-de-espera-aerop-Baja-Calif-300x169.jpeg\" alt=\"\" width=\"300\" height=\"169\" srcset=\"https:\/\/dimensionturistica.com\/es\/wp-content\/uploads\/2022\/05\/Sala-de-espera-aerop-Baja-Calif-300x169.jpeg 300w, https:\/\/dimensionturistica.com\/es\/wp-content\/uploads\/2022\/05\/Sala-de-espera-aerop-Baja-Calif-1024x575.jpeg 1024w, https:\/\/dimensionturistica.com\/es\/wp-content\/uploads\/2022\/05\/Sala-de-espera-aerop-Baja-Calif-768x431.jpeg 768w, https:\/\/dimensionturistica.com\/es\/wp-content\/uploads\/2022\/05\/Sala-de-espera-aerop-Baja-Calif-750x421.jpeg 750w, https:\/\/dimensionturistica.com\/es\/wp-content\/uploads\/2022\/05\/Sala-de-espera-aerop-Baja-Calif-1140x640.jpeg 1140w, https:\/\/dimensionturistica.com\/es\/wp-content\/uploads\/2022\/05\/Sala-de-espera-aerop-Baja-Calif.jpeg 1280w\" sizes=\"(max-width: 300px) 100vw, 300px\" \/> a M\u00e9xico fue de un mill\u00f3n 778 mil 381 pasajeros, lo que signific\u00f3 70% de la oferta de 2 millones 525 mil 707 asientos programados.<br \/>\nTorruco Marqu\u00e9s detall\u00f3 que por regi\u00f3n, de enero a marzo de 2022, Norteam\u00e9rica represent\u00f3 77.6% del flujo de pasajeros en vuelos internacionales con 4 millones 511 mil 696 pasajeros, seguido de la regi\u00f3n Caribe, Centro y Sudam\u00e9rica con 746 mil 355 pasajeros transportados, esto es, 12.8% del total.<br \/>\nIndic\u00f3 que el flujo de pasajeros en vuelos internacionales, de Europa, en el primer trimestre del a\u00f1o, fue de 543 mil 396 pasajeros, lo que represent\u00f3 9.3% del total, y de Asia, se transportaron 13 mil 986 pasajeros, con una participaci\u00f3n del 0.2% del flujo de pasajeros en vuelos internacionales.<br \/>\nEl titular de Sectur subray\u00f3 que, con base en la Official Airline Guide (OAG), para 2022 se tiene una programaci\u00f3n de 32 millones 678 mil asientos a M\u00e9xico procedentes de las diferentes regiones del mundo: Norteam\u00e9rica, Europa, Caribe, Centro y Sudam\u00e9rica y Asia. Esto representa 28.8% m\u00e1s que lo programado en 2021.<br \/>\nDe enero a diciembre de 2022, la oferta de asientos a M\u00e9xico de la regi\u00f3n Norteam\u00e9rica es de 25 millones 145 mil asientos, lo que representa una participaci\u00f3n del 76.9% del total, agreg\u00f3.<br \/>\nPuntualiz\u00f3 que para este a\u00f1o, las aerol\u00edneas con la mayor participaci\u00f3n en<img decoding=\"async\" class=\"size-medium wp-image-317436 alignright\" src=\"https:\/\/dimensionturistica.com\/es\/wp-content\/uploads\/2022\/05\/Quintana_Roo-300x200.jpeg\" alt=\"\" width=\"300\" height=\"200\" srcset=\"https:\/\/dimensionturistica.com\/es\/wp-content\/uploads\/2022\/05\/Quintana_Roo-300x200.jpeg 300w, https:\/\/dimensionturistica.com\/es\/wp-content\/uploads\/2022\/05\/Quintana_Roo-768x512.jpeg 768w, https:\/\/dimensionturistica.com\/es\/wp-content\/uploads\/2022\/05\/Quintana_Roo-750x500.jpeg 750w, https:\/\/dimensionturistica.com\/es\/wp-content\/uploads\/2022\/05\/Quintana_Roo.jpeg 840w\" sizes=\"(max-width: 300px) 100vw, 300px\" \/> asientos programados son: American Airlines con el 14.9% del total, Aerom\u00e9xico con el 12.4% y United Airlines con el 11.8%; que en conjunto suman 12 millones 787 mil asientos.<br \/>\nCanc\u00fan, Ciudad de M\u00e9xico y Guadalajara ser\u00e1n los aeropuertos destino con el mayor n\u00famero de asientos programados durante 2022, sumando 23 millones 851 mil asientos, que representa el 73.0% del total, concluy\u00f3 Torruco Marqu\u00e9s.<\/p>\n","protected":false},"excerpt":{"rendered":"<p>El secretario de Turismo del Gobierno de M\u00e9xico, Miguel Torruco Marqu\u00e9s, dio a conocer que en marzo de 2022, el flujo de pasajeros en vuelos internacionales a M\u00e9xico fue de 2 millones 236 mil 869 pasajeros, lo que representa 77% de la oferta de asientos para ese mes, que fue de 2 millones 916 mil [&hellip;]<\/p>\n","protected":false},"author":1,"featured_media":317257,"comment_status":"open","ping_status":"closed","sticky":false,"template":"","format":"standard","meta":{"om_disable_all_campaigns":false,"jnews-multi-image_gallery":[],"jnews_single_post":{"source_name":"","source_url":"","via_name":"","via_url":"","override_template":"0","override":[{"template":"1","single_blog_custom":"","parallax":"1","fullscreen":"1","layout":"right-sidebar","sidebar":"default-sidebar","second_sidebar":"default-sidebar","sticky_sidebar":"1","share_position":"top","share_float_style":"share-monocrhome","show_share_counter":"1","show_view_counter":"1","show_featured":"1","show_post_meta":"1","show_post_author":"1","show_post_author_image":"1","show_post_date":"1","post_date_format":"default","post_date_format_custom":"Y\/m\/d","show_post_category":"1","show_post_reading_time":"0","post_reading_time_wpm":"300","show_zoom_button":"0","zoom_button_out_step":"2","zoom_button_in_step":"3","show_post_tag":"1","show_prev_next_post":"1","show_popup_post":"1","number_popup_post":"1","show_author_box":"0","show_post_related":"0","show_inline_post_related":"0"}],"override_image_size":"0","image_override":[{"single_post_thumbnail_size":"crop-500","single_post_gallery_size":"crop-500"}],"trending_post":"0","trending_post_position":"meta","trending_post_label":"Trending","sponsored_post":"0","sponsored_post_label":"Sponsored by","sponsored_post_name":"","sponsored_post_url":"","sponsored_post_logo_enable":"0","sponsored_post_logo":"","sponsored_post_desc":"","disable_ad":"0"},"jnews_primary_category":{"id":""},"jnews_social_meta":{"fb_title":"","fb_description":"","fb_image":"","twitter_title":"","twitter_description":"","twitter_image":""},"footnotes":""},"categories":[39],"tags":[],"class_list":["post-317431","post","type-post","status-publish","format-standard","has-post-thumbnail","hentry","category-viajes"],"_links":{"self":[{"href":"https:\/\/dimensionturistica.com\/es\/wp-json\/wp\/v2\/posts\/317431","targetHints":{"allow":["GET"]}}],"collection":[{"href":"https:\/\/dimensionturistica.com\/es\/wp-json\/wp\/v2\/posts"}],"about":[{"href":"https:\/\/dimensionturistica.com\/es\/wp-json\/wp\/v2\/types\/post"}],"author":[{"embeddable":true,"href":"https:\/\/dimensionturistica.com\/es\/wp-json\/wp\/v2\/users\/1"}],"replies":[{"embeddable":true,"href":"https:\/\/dimensionturistica.com\/es\/wp-json\/wp\/v2\/comments?post=317431"}],"version-history":[{"count":0,"href":"https:\/\/dimensionturistica.com\/es\/wp-json\/wp\/v2\/posts\/317431\/revisions"}],"wp:featuredmedia":[{"embeddable":true,"href":"https:\/\/dimensionturistica.com\/es\/wp-json\/wp\/v2\/media\/317257"}],"wp:attachment":[{"href":"https:\/\/dimensionturistica.com\/es\/wp-json\/wp\/v2\/media?parent=317431"}],"wp:term":[{"taxonomy":"category","embeddable":true,"href":"https:\/\/dimensionturistica.com\/es\/wp-json\/wp\/v2\/categories?post=317431"},{"taxonomy":"post_tag","embeddable":true,"href":"https:\/\/dimensionturistica.com\/es\/wp-json\/wp\/v2\/tags?post=317431"}],"curies":[{"name":"wp","href":"https:\/\/api.w.org\/{rel}","templated":true}]}}