{"id":317299,"date":"2022-05-15T15:48:09","date_gmt":"2022-05-15T15:48:09","guid":{"rendered":"https:\/\/dimensionturistica.com\/es\/?p=317299"},"modified":"2022-05-15T15:50:01","modified_gmt":"2022-05-15T15:50:01","slug":"markets-el-grupo-organizador-de-eventos-como-abastur-expo-med-y-expo-cihac-anuncian-a-su-nuevo-lider","status":"publish","type":"post","link":"https:\/\/dimensionturistica.com\/es\/markets-el-grupo-organizador-de-eventos-como-abastur-expo-med-y-expo-cihac-anuncian-a-su-nuevo-lider\/","title":{"rendered":"Markets, el grupo organizador de eventos como Abastur, Expo Med y Expo Cihac, anuncian a su nuevo l\u00edder"},"content":{"rendered":"<p>Informa Markets M\u00e9xico nombr\u00f3 a Adri\u00e1n L\u00f3pez Ruiz como su nuevo Director General, buscando fortalecer y expandir su presencia en la regi\u00f3n para brindar un mejor servicio a un mercado regional din\u00e1mico y de r\u00e1pido crecimiento.<\/p>\n<p>Adrian L\u00f3pez Ruiz tiene una amplia experiencia que abarca tanto la industria de ferias y exposiciones B2B, incluidos seis a\u00f1os de crecimiento en el mercado latinoamericano en Reed Exhibitions, as\u00ed como la industria de data, donde recientemente dirigi\u00f3 una firma de inteligencia y an\u00e1lisis de datos.<br \/>\nA medida que las exposiciones regresan con fuerza a la regi\u00f3n, Informa Markets M\u00e9xico busca aprovechar el entusiasmo del mercado para que los<img decoding=\"async\" class=\"size-medium wp-image-317300 alignright\" src=\"https:\/\/dimensionturistica.com\/es\/wp-content\/uploads\/2022\/05\/Adrian-pez-300x231.jpg\" alt=\"\" width=\"300\" height=\"231\" srcset=\"https:\/\/dimensionturistica.com\/es\/wp-content\/uploads\/2022\/05\/Adrian-pez-300x231.jpg 300w, https:\/\/dimensionturistica.com\/es\/wp-content\/uploads\/2022\/05\/Adrian-pez-1024x788.jpg 1024w, https:\/\/dimensionturistica.com\/es\/wp-content\/uploads\/2022\/05\/Adrian-pez-768x591.jpg 768w, https:\/\/dimensionturistica.com\/es\/wp-content\/uploads\/2022\/05\/Adrian-pez-1536x1182.jpg 1536w, https:\/\/dimensionturistica.com\/es\/wp-content\/uploads\/2022\/05\/Adrian-pez-750x577.jpg 750w, https:\/\/dimensionturistica.com\/es\/wp-content\/uploads\/2022\/05\/Adrian-pez-1140x877.jpg 1140w, https:\/\/dimensionturistica.com\/es\/wp-content\/uploads\/2022\/05\/Adrian-pez.jpg 1600w\" sizes=\"(max-width: 300px) 100vw, 300px\" \/> eventos B2B vuelvan m\u00e1s grandes y con m\u00e1s fuerza que nunca, al mismo tiempo que expande sus ofertas digitales y de datos para satisfacer las necesidades de los mercados a los que sirve y que se encuentran en evoluci\u00f3n y r\u00e1pido crecimiento. La experiencia especializada de Adrian L\u00f3pez ayudar\u00e1 al equipo de Informa Markets M\u00e9xico a dar vida a nuevas experiencias cara a cara, al mismo tiempo que desarrolla productos y servicios que permiten a sus clientes mejorar su acceso al mercado y sus oportunidades de crecimiento.<br \/>\n\u201cDisfruto trabajar en estrecha colaboraci\u00f3n con los clientes no solo para ofrecer productos y servicios, sino tambi\u00e9n para ofrecer soluciones que realmente satisfagan sus necesidades y creen m\u00e1s oportunidades para que lleguen a sus clientes objetivo\u201d, dijo Adrian L\u00f3pez Ruiz. \u201cEstoy muy entusiasmado de unirme al l\u00edder de la industria en la regi\u00f3n, Informa Markets M\u00e9xico, y realmente creo que podemos generar un impacto a\u00fan mayor para la regi\u00f3n y las comunidades a las que servimos\u201d.<br \/>\nAdrian L\u00f3pez Ruiz tiene una larga trayectoria profesional en M\u00e9xico, que se basa en relaciones s\u00f3lidas y experiencia comprobada en la elaboraci\u00f3n de estrategias con soluciones omnicanal. Sus m\u00e1s de 25 a\u00f1os de experiencia en puestos de alta direcci\u00f3n, combinados con la escala y el alcance de Informa Markets en la regi\u00f3n, representan un gran potencial para aprovechar la recuperaci\u00f3n existente en la regi\u00f3n y llevar al negocio a nuevas alturas. En el rol de Director General de Informa Markets M\u00e9xico, Adri\u00e1n reportar\u00e1 a Marco Basso, Presidente de Informa Markets LATAM.<br \/>\n\u201cEstamos encantados de incorporar a Adrian para que dirija el equipo de Informa Markets M\u00e9xico\u201d, dijo Marco Basso. \u201cLa amplia experiencia de Adrian en proporcionar estrategias de crecimiento con visi\u00f3n de futuro tanto para la experiencia presencial como digital, as\u00ed como su enfoque consultivo y colaborativo nos ayudar\u00e1n a fortalecer nuestras relaciones existentes en la regi\u00f3n y desarrollar nuevas oportunidades para nuestros clientes\u201d.<br \/>\nInforma Markets M\u00e9xico organiza varios eventos exitosos en m\u00faltiples industrias, incluidos Abastur, ExpoCIHAC y ExpoMed. M\u00e1s informaci\u00f3n sobre los eventos de Informa Markets LATAM aqu\u00ed.<\/p>\n","protected":false},"excerpt":{"rendered":"<p>Informa Markets M\u00e9xico nombr\u00f3 a Adri\u00e1n L\u00f3pez Ruiz como su nuevo Director General, buscando fortalecer y expandir su presencia en la regi\u00f3n para brindar un mejor servicio a un mercado regional din\u00e1mico y de r\u00e1pido crecimiento. Adrian L\u00f3pez Ruiz tiene una amplia experiencia que abarca tanto la industria de ferias y exposiciones B2B, incluidos seis [&hellip;]<\/p>\n","protected":false},"author":1,"featured_media":317301,"comment_status":"open","ping_status":"closed","sticky":false,"template":"","format":"standard","meta":{"om_disable_all_campaigns":false,"jnews-multi-image_gallery":[],"jnews_single_post":{"source_name":"","source_url":"","via_name":"","via_url":"","override_template":"0","override":[{"template":"1","single_blog_custom":"","parallax":"1","fullscreen":"1","layout":"right-sidebar","sidebar":"default-sidebar","second_sidebar":"default-sidebar","sticky_sidebar":"1","share_position":"top","share_float_style":"share-monocrhome","show_share_counter":"1","show_view_counter":"1","show_featured":"1","show_post_meta":"1","show_post_author":"1","show_post_author_image":"1","show_post_date":"1","post_date_format":"default","post_date_format_custom":"Y\/m\/d","show_post_category":"1","show_post_reading_time":"0","post_reading_time_wpm":"300","show_zoom_button":"0","zoom_button_out_step":"2","zoom_button_in_step":"3","show_post_tag":"1","show_prev_next_post":"1","show_popup_post":"1","number_popup_post":"1","show_author_box":"0","show_post_related":"0","show_inline_post_related":"0"}],"override_image_size":"0","image_override":[{"single_post_thumbnail_size":"crop-500","single_post_gallery_size":"crop-500"}],"trending_post":"0","trending_post_position":"meta","trending_post_label":"Trending","sponsored_post":"0","sponsored_post_label":"Sponsored by","sponsored_post_name":"","sponsored_post_url":"","sponsored_post_logo_enable":"0","sponsored_post_logo":"","sponsored_post_desc":"","disable_ad":"0"},"jnews_primary_category":{"id":""},"jnews_social_meta":{"fb_title":"","fb_description":"","fb_image":"","twitter_title":"","twitter_description":"","twitter_image":""},"footnotes":""},"categories":[40],"tags":[],"class_list":["post-317299","post","type-post","status-publish","format-standard","has-post-thumbnail","hentry","category-industria"],"_links":{"self":[{"href":"https:\/\/dimensionturistica.com\/es\/wp-json\/wp\/v2\/posts\/317299","targetHints":{"allow":["GET"]}}],"collection":[{"href":"https:\/\/dimensionturistica.com\/es\/wp-json\/wp\/v2\/posts"}],"about":[{"href":"https:\/\/dimensionturistica.com\/es\/wp-json\/wp\/v2\/types\/post"}],"author":[{"embeddable":true,"href":"https:\/\/dimensionturistica.com\/es\/wp-json\/wp\/v2\/users\/1"}],"replies":[{"embeddable":true,"href":"https:\/\/dimensionturistica.com\/es\/wp-json\/wp\/v2\/comments?post=317299"}],"version-history":[{"count":0,"href":"https:\/\/dimensionturistica.com\/es\/wp-json\/wp\/v2\/posts\/317299\/revisions"}],"wp:featuredmedia":[{"embeddable":true,"href":"https:\/\/dimensionturistica.com\/es\/wp-json\/wp\/v2\/media\/317301"}],"wp:attachment":[{"href":"https:\/\/dimensionturistica.com\/es\/wp-json\/wp\/v2\/media?parent=317299"}],"wp:term":[{"taxonomy":"category","embeddable":true,"href":"https:\/\/dimensionturistica.com\/es\/wp-json\/wp\/v2\/categories?post=317299"},{"taxonomy":"post_tag","embeddable":true,"href":"https:\/\/dimensionturistica.com\/es\/wp-json\/wp\/v2\/tags?post=317299"}],"curies":[{"name":"wp","href":"https:\/\/api.w.org\/{rel}","templated":true}]}}