{"id":317275,"date":"2022-05-15T14:39:39","date_gmt":"2022-05-15T14:39:39","guid":{"rendered":"https:\/\/dimensionturistica.com\/es\/?p=317275"},"modified":"2022-05-15T14:39:39","modified_gmt":"2022-05-15T14:39:39","slug":"contribuira-aeromexico-al-desarrollo-del-sistema-aeroportuario-metropolitano","status":"publish","type":"post","link":"https:\/\/dimensionturistica.com\/es\/contribuira-aeromexico-al-desarrollo-del-sistema-aeroportuario-metropolitano\/","title":{"rendered":"Contribuir\u00e1 Aerom\u00e9xico al desarrollo del sistema aeroportuario metropolitano"},"content":{"rendered":"<p>De acuerdo al comunicado emitido el d\u00eda de hoy por la Secretar\u00eda de Gobernaci\u00f3n del Gobierno de M\u00e9xico, deseamos expresar lo siguiente:<br \/>\n1. Reconocemos la disposici\u00f3n al di\u00e1logo de las autoridades que permitieron llegar a importantes acuerdos en beneficio de los usuarios del transporte a\u00e9reo, trabajadores y la industria en general.<br \/>\n2. Estos acuerdos permitir\u00e1n mantener nuestra oferta de vuelos desde y hacia el Aeropuerto Internacional de la Ciudad de M\u00e9xico (AICM) en beneficio de los usuarios, y seguiremos colaborando con las autoridades para operar bajo los m\u00e1s altos est\u00e1ndares de seguridad.<br \/>\n3. A partir de la segunda quincena de agosto, incrementaremos nuestros<img decoding=\"async\" class=\"size-medium wp-image-317282 alignleft\" src=\"https:\/\/dimensionturistica.com\/es\/wp-content\/uploads\/2022\/05\/AVION-300x200.jpg\" alt=\"\" width=\"300\" height=\"200\" srcset=\"https:\/\/dimensionturistica.com\/es\/wp-content\/uploads\/2022\/05\/AVION-300x200.jpg 300w, https:\/\/dimensionturistica.com\/es\/wp-content\/uploads\/2022\/05\/AVION.jpg 500w\" sizes=\"(max-width: 300px) 100vw, 300px\" \/> vuelos desde y hacia el Aeropuerto Internacional Felipe \u00c1ngeles (AIFA) y para finales de octubre estaremos realizando 30 operaciones diarias, ofreciendo as\u00ed 1.5 millones de asientos durante el siguiente a\u00f1o calendario.<br \/>\n4. En fechas pr\u00f3ximas informaremos los detalles de los vuelos adicionales que tendremos en el AIFA, lo que ser\u00e1 posible aprovechando nuestro plan de crecimiento de flota con equipos m\u00e1s modernos, eficientes y menos contaminantes. A inicios del 2022 cont\u00e1bamos con 122 aviones y para finales del a\u00f1o esperamos que la flota sea de 147 aeronaves.<br \/>\nAerom\u00e9xico vuela casi 90 rutas directas dentro y fuera del pa\u00eds y nos seguimos transformando para ofrecer a nuestros clientes la mejor experiencia de vuelo, as\u00ed como m\u00e1s y mejores opciones de viaje.<\/p>\n","protected":false},"excerpt":{"rendered":"<p>De acuerdo al comunicado emitido el d\u00eda de hoy por la Secretar\u00eda de Gobernaci\u00f3n del Gobierno de M\u00e9xico, deseamos expresar lo siguiente: 1. Reconocemos la disposici\u00f3n al di\u00e1logo de las autoridades que permitieron llegar a importantes acuerdos en beneficio de los usuarios del transporte a\u00e9reo, trabajadores y la industria en general. 2. Estos acuerdos permitir\u00e1n [&hellip;]<\/p>\n","protected":false},"author":1,"featured_media":317281,"comment_status":"open","ping_status":"closed","sticky":false,"template":"","format":"standard","meta":{"om_disable_all_campaigns":false,"jnews-multi-image_gallery":[],"jnews_single_post":{"source_name":"","source_url":"","via_name":"","via_url":"","override_template":"0","override":[{"template":"1","single_blog_custom":"","parallax":"1","fullscreen":"1","layout":"right-sidebar","sidebar":"default-sidebar","second_sidebar":"default-sidebar","sticky_sidebar":"1","share_position":"top","share_float_style":"share-monocrhome","show_share_counter":"1","show_view_counter":"1","show_featured":"1","show_post_meta":"1","show_post_author":"1","show_post_author_image":"1","show_post_date":"1","post_date_format":"default","post_date_format_custom":"Y\/m\/d","show_post_category":"1","show_post_reading_time":"0","post_reading_time_wpm":"300","show_zoom_button":"0","zoom_button_out_step":"2","zoom_button_in_step":"3","show_post_tag":"1","show_prev_next_post":"1","show_popup_post":"1","number_popup_post":"1","show_author_box":"0","show_post_related":"0","show_inline_post_related":"0"}],"override_image_size":"0","image_override":[{"single_post_thumbnail_size":"crop-500","single_post_gallery_size":"crop-500"}],"trending_post":"0","trending_post_position":"meta","trending_post_label":"Trending","sponsored_post":"0","sponsored_post_label":"Sponsored by","sponsored_post_name":"","sponsored_post_url":"","sponsored_post_logo_enable":"0","sponsored_post_logo":"","sponsored_post_desc":"","disable_ad":"0"},"jnews_primary_category":{"id":""},"jnews_social_meta":{"fb_title":"","fb_description":"","fb_image":"","twitter_title":"","twitter_description":"","twitter_image":""},"footnotes":""},"categories":[39],"tags":[],"class_list":["post-317275","post","type-post","status-publish","format-standard","has-post-thumbnail","hentry","category-viajes"],"_links":{"self":[{"href":"https:\/\/dimensionturistica.com\/es\/wp-json\/wp\/v2\/posts\/317275","targetHints":{"allow":["GET"]}}],"collection":[{"href":"https:\/\/dimensionturistica.com\/es\/wp-json\/wp\/v2\/posts"}],"about":[{"href":"https:\/\/dimensionturistica.com\/es\/wp-json\/wp\/v2\/types\/post"}],"author":[{"embeddable":true,"href":"https:\/\/dimensionturistica.com\/es\/wp-json\/wp\/v2\/users\/1"}],"replies":[{"embeddable":true,"href":"https:\/\/dimensionturistica.com\/es\/wp-json\/wp\/v2\/comments?post=317275"}],"version-history":[{"count":0,"href":"https:\/\/dimensionturistica.com\/es\/wp-json\/wp\/v2\/posts\/317275\/revisions"}],"wp:featuredmedia":[{"embeddable":true,"href":"https:\/\/dimensionturistica.com\/es\/wp-json\/wp\/v2\/media\/317281"}],"wp:attachment":[{"href":"https:\/\/dimensionturistica.com\/es\/wp-json\/wp\/v2\/media?parent=317275"}],"wp:term":[{"taxonomy":"category","embeddable":true,"href":"https:\/\/dimensionturistica.com\/es\/wp-json\/wp\/v2\/categories?post=317275"},{"taxonomy":"post_tag","embeddable":true,"href":"https:\/\/dimensionturistica.com\/es\/wp-json\/wp\/v2\/tags?post=317275"}],"curies":[{"name":"wp","href":"https:\/\/api.w.org\/{rel}","templated":true}]}}