{"id":317050,"date":"2022-05-14T22:33:36","date_gmt":"2022-05-14T22:33:36","guid":{"rendered":"https:\/\/dimensionturistica.com\/es\/?p=317050"},"modified":"2022-05-14T22:33:37","modified_gmt":"2022-05-14T22:33:37","slug":"turistas-huyen-de-progreso-de-5-mil-visitantes-solo-permanece-el-20","status":"publish","type":"post","link":"https:\/\/dimensionturistica.com\/es\/turistas-huyen-de-progreso-de-5-mil-visitantes-solo-permanece-el-20\/","title":{"rendered":"Turistas huyen de Progreso; de 5 mil visitantes s\u00f3lo permanece el 20%"},"content":{"rendered":"<p> <br \/>\n<\/p>\n<div id=\"cuerpo-nota\">\n<p style=\"text-align: justify\">Por primera vez en el a\u00f1o, atracaron dos buques de la misma naviera, desembarcando a cerca de 5 mil turistas que para mala suerte del comercio native, prefirieron acudir a otros puntos del Estado, qued\u00e1ndose solamente en el Malec\u00f3n Tradicional de <strong>Progreso <\/strong>menos de mil personas que transitaron en grupos de Springbreakers y familiares.<\/p>\n<p style=\"text-align: justify\">El primer buque en hacer su arribo fue el Carnival Ecstacy a las 8:00 horas de donde descendieron mil 253 pasajeros y 744 tripulantes; mientras que el Carnival Breeze lleg\u00f3 una hora despu\u00e9s con un promedio de 3 mil 659 clientes y mil 271 trabajadores. Ambos barcos provenientes de la empresa Carnival Cruise Line, cuya base se encuentra en Galvest\u00f3n, <strong>Texas<\/strong>, <strong>Estados Unidos<\/strong>.<\/p>\n<aside class=\"htmlinline\" \/>\n<aside class=\"relacionadas con-foto\">\n<h5>Noticias Relacionadas<\/h5>\n<\/aside>\n<p style=\"text-align: justify\">La afluencia a pesar de no ser masiva, sorprendi\u00f3 a los comerciantes locales en su mayor\u00eda dedicados al sector restaurantero que desde el mes de noviembre del a\u00f1o pasado no han tenido una jornada de crucero redituable con los cruceros de estas dimensiones.<\/p>\n<p style=\"text-align: justify\">\u201cPosiblemente la soluci\u00f3n para que tengamos una buena remuneraci\u00f3n\u00a0con los extranjeros es que comiencen a venir de dos en dos, as\u00ed ocurr\u00eda antes de la pandemia, si tenemos m\u00e1s libertades es momento de que surjan m\u00e1s posibilidades para el prestador de servicios\u201d, asegur\u00f3 Juan Montalvo, trabajador del malec\u00f3n en rentas de instalaciones dentro de la area como camastros, sillas y palapas.<\/p>\n<aside class=\"htmlinline\" \/>\n<aside class=\"relacionadas con-foto\">\n<h5>Noticias Relacionadas<\/h5>\n<\/aside>\n<p class=\"image-align-center\"><img decoding=\"async\" alt=\"\" height=\"511\" src=\"https:\/\/dimensionturistica.com\/es\/wp-content\/uploads\/2022\/05\/Turistas-huyen-de-Progreso-de-5-mil-visitantes-solo-permanece.jpeg\" width=\"768\" \/><\/p>\n<p style=\"text-align: justify\">Ante dicho comentario, destaca que en el 2019, \u00faltimo a\u00f1o en que se tuvo actividad fuera de pandemia se registraron 146 arribos de cruceros al puerto de los cuales descendieron 471 mil 900 turistas internacionales.<\/p>\n<p style=\"text-align: justify\">A diferencia del 2021 que se retom\u00f3 esta actividad, el 2022 ya registra 28 arribos con m\u00e1s de 43 mil turistas a bordo, sobrepasando los 22 buques tur\u00edsticos que llegaron en el a\u00f1o pasado para descender a 51 mil personas.<\/p>\n<p style=\"text-align: justify\">Uno de los puntos menos visitados, volvi\u00f3 a ser el native de taxistas donde se instala el Pasaje del artesano, sitio donde destaca que la situaci\u00f3n con cuatro establecimientos dedicados a los masajes volvi\u00f3 a trabajar en condiciones que mencionan las trabajadoras son p\u00e9simas.\n<\/p>\n<p style=\"text-align: justify\">En la playa sorprendi\u00f3 que varias mujeres de grupos de universitarios que buscaban los rayos del sol, se asolearan en \u201ctopless\u201d como si se tratara de una estancia en alguna playa nudista, gan\u00e1ndose cr\u00edticas del turismo nacional que tampoco se perdi\u00f3 la oportunidad de visitar Progreso en la antesala del fin de semana.\n<\/p>\n<p style=\"text-align: justify\">\u201cSi lo hace una mexicana enseguida te llaman la atenci\u00f3n, si lo hace una extranjera no pasa nada, ah\u00ed todav\u00eda recae la preferencia al americano. Poco a poco se est\u00e1n dando cuenta los prestadores de servicios que la derrama va por cuenta del nacional, al for\u00e1neo no le gusta gastar y m\u00e1s si un d\u00eda antes estuvieron en <strong>Cozumel<\/strong>\u201d, asegur\u00f3 Katia Mar\u00edn, quien desde el Estado de Jalisco visit\u00f3 el puerto con un tour acquainted.\n<\/p>\n<p style=\"text-align: justify\">En jornadas anteriores se hab\u00eda mantenido una alternancia entre la naviera mencionada junto con la Mystic Cruises; sin embargo, apenas cerca de 500 pasajeros optaban por quedarse en el puerto ya que la segunda empresa acostumbra traer un n\u00famero reducido de viajeros.\n<\/p>\n<p style=\"text-align: justify\">S\u00edguenos en <a rel=\"nofollow noopener\" target=\"_blank\" href=\"https:\/\/news.google.com\/publications\/CAAqBwgKMMLDmwswhs6zAw?oc=3&amp;ceid=MX:es-419&amp;hl=es-419&amp;gl=MX\">Google News<\/a> y recibe la mejor informaci\u00f3n\n<\/p>\n<p style=\"text-align: justify\">CC\n<\/p>\n<\/div>\n<p>      window.fbAsyncInit = perform() {<br \/>\n        FB.init({<br \/>\n          appId      : &#8216;{292213061927134}&#8217;,<br \/>\n          standing     : true,<br \/>\n\t\t  model:  &#8216;v2.7&#8217;,<br \/>\n          xfbml      : true<br \/>\n        });<br \/>\nFB.Occasion.subscribe(&#8216;remark.create&#8217;, perform (response) {grabacom_compa(334400)});<br \/>\nFB.Occasion.subscribe(&#8216;remark.take away&#8217;,  perform (response) {grabacom_compa(334400)});<br \/>\nFB.Occasion.subscribe(&#8216;edge.create&#8217;,  perform (response) {grabacom_compa(334400)});<br \/>\nFB.Occasion.subscribe(&#8216;edge.take away&#8217;,  perform (response) {grabacom_compa(334400)});<br \/>\n      };<\/p>\n<p>(perform(d, s, id) {<br \/>\n  var js, fjs = d.getElementsByTagName(s)[0];<br \/>\n  if (d.getElementById(id)) return;<br \/>\n  js = d.createElement(s); js.id = id;<br \/>\n  js.src = &#8220;\/\/connect.facebook.net\/es_LA\/sdk.js#xfbml=1&amp;version=v2.7&amp;appId=292213061927134&#8221;;<br \/>\n  fjs.parentNode.insertBefore(js, fjs);<br \/>\n}(doc, &#8216;script&#8217;, &#8216;facebook-jssdk&#8217;));<\/p>\n\n<p><em> &#8221; Fuentes www.poresto.net &#8221; <\/em><\/p>\n","protected":false},"excerpt":{"rendered":"<p>Por primera vez en el a\u00f1o, atracaron dos buques de la misma naviera, desembarcando a cerca de 5 mil turistas que para mala suerte del comercio native, prefirieron acudir a otros puntos del Estado, qued\u00e1ndose solamente en el Malec\u00f3n Tradicional de Progreso menos de mil personas que transitaron en grupos de Springbreakers y familiares. El [&hellip;]<\/p>\n","protected":false},"author":4,"featured_media":317051,"comment_status":"open","ping_status":"closed","sticky":false,"template":"","format":"standard","meta":{"om_disable_all_campaigns":false,"jnews-multi-image_gallery":[],"jnews_single_post":[],"jnews_primary_category":[],"jnews_social_meta":[],"footnotes":""},"categories":[41],"tags":[7125,2504],"class_list":["post-317050","post","type-post","status-publish","format-standard","has-post-thumbnail","hentry","category-cruceros","tag-progreso","tag-yucatan"],"_links":{"self":[{"href":"https:\/\/dimensionturistica.com\/es\/wp-json\/wp\/v2\/posts\/317050","targetHints":{"allow":["GET"]}}],"collection":[{"href":"https:\/\/dimensionturistica.com\/es\/wp-json\/wp\/v2\/posts"}],"about":[{"href":"https:\/\/dimensionturistica.com\/es\/wp-json\/wp\/v2\/types\/post"}],"author":[{"embeddable":true,"href":"https:\/\/dimensionturistica.com\/es\/wp-json\/wp\/v2\/users\/4"}],"replies":[{"embeddable":true,"href":"https:\/\/dimensionturistica.com\/es\/wp-json\/wp\/v2\/comments?post=317050"}],"version-history":[{"count":0,"href":"https:\/\/dimensionturistica.com\/es\/wp-json\/wp\/v2\/posts\/317050\/revisions"}],"wp:featuredmedia":[{"embeddable":true,"href":"https:\/\/dimensionturistica.com\/es\/wp-json\/wp\/v2\/media\/317051"}],"wp:attachment":[{"href":"https:\/\/dimensionturistica.com\/es\/wp-json\/wp\/v2\/media?parent=317050"}],"wp:term":[{"taxonomy":"category","embeddable":true,"href":"https:\/\/dimensionturistica.com\/es\/wp-json\/wp\/v2\/categories?post=317050"},{"taxonomy":"post_tag","embeddable":true,"href":"https:\/\/dimensionturistica.com\/es\/wp-json\/wp\/v2\/tags?post=317050"}],"curies":[{"name":"wp","href":"https:\/\/api.w.org\/{rel}","templated":true}]}}