{"id":316999,"date":"2022-05-14T20:57:18","date_gmt":"2022-05-14T20:57:18","guid":{"rendered":"https:\/\/dimensionturistica.com\/es\/?p=316999"},"modified":"2022-05-14T20:57:18","modified_gmt":"2022-05-14T20:57:18","slug":"el-fin-de-semana-de-concierto-en-la-cdmx-es-una-oportunidad-de-obtener-ingresos-para-miles-de-anfitriones-en-airbnb","status":"publish","type":"post","link":"https:\/\/dimensionturistica.com\/es\/el-fin-de-semana-de-concierto-en-la-cdmx-es-una-oportunidad-de-obtener-ingresos-para-miles-de-anfitriones-en-airbnb\/","title":{"rendered":"El fin de semana de concierto en la CDMX es una oportunidad de obtener ingresos para miles de anfitriones en Airbnb"},"content":{"rendered":"<p><img decoding=\"async\" class=\"size-medium wp-image-317011 alignright\" src=\"https:\/\/dimensionturistica.com\/es\/wp-content\/uploads\/2022\/05\/unnamed-16-300x200.jpg\" alt=\"\" width=\"300\" height=\"200\" srcset=\"https:\/\/dimensionturistica.com\/es\/wp-content\/uploads\/2022\/05\/unnamed-16-300x200.jpg 300w, https:\/\/dimensionturistica.com\/es\/wp-content\/uploads\/2022\/05\/unnamed-16-1024x682.jpg 1024w, https:\/\/dimensionturistica.com\/es\/wp-content\/uploads\/2022\/05\/unnamed-16-768x512.jpg 768w, https:\/\/dimensionturistica.com\/es\/wp-content\/uploads\/2022\/05\/unnamed-16-750x500.jpg 750w, https:\/\/dimensionturistica.com\/es\/wp-content\/uploads\/2022\/05\/unnamed-16-1140x760.jpg 1140w, https:\/\/dimensionturistica.com\/es\/wp-content\/uploads\/2022\/05\/unnamed-16.jpg 1160w\" sizes=\"(max-width: 300px) 100vw, 300px\" \/>Un nuevo festival en la Ciudad de M\u00e9xico se vislumbra en el horizonte con el potencial de convertirse en uno de los eventos m\u00e1s ic\u00f3nicos de la capital mexicana. El viernes 13 y el s\u00e1bado 14 de mayo se espera que miles de personas asistan a este incre\u00edble concierto desde distintos puntos del pa\u00eds. Estos viajeros que visitar\u00e1n la ciudad, al igual que aquellos que se movilizan por el pa\u00eds para asistir a distintos eventos, representan una oportunidad para actuales y potenciales anfitriones en la plataforma Airbnb y para los comercios que rodean sus espacios por la derrama econ\u00f3mica que generan.<img decoding=\"async\" class=\"size-medium wp-image-317012 alignright\" src=\"https:\/\/dimensionturistica.com\/es\/wp-content\/uploads\/2022\/05\/3a17a23c-753e-4dcd-9d61-250a0465461d-300x200.jpg\" alt=\"\" width=\"300\" height=\"200\" srcset=\"https:\/\/dimensionturistica.com\/es\/wp-content\/uploads\/2022\/05\/3a17a23c-753e-4dcd-9d61-250a0465461d-300x200.jpg 300w, https:\/\/dimensionturistica.com\/es\/wp-content\/uploads\/2022\/05\/3a17a23c-753e-4dcd-9d61-250a0465461d-1024x681.jpg 1024w, https:\/\/dimensionturistica.com\/es\/wp-content\/uploads\/2022\/05\/3a17a23c-753e-4dcd-9d61-250a0465461d-768x511.jpg 768w, https:\/\/dimensionturistica.com\/es\/wp-content\/uploads\/2022\/05\/3a17a23c-753e-4dcd-9d61-250a0465461d-750x499.jpg 750w, https:\/\/dimensionturistica.com\/es\/wp-content\/uploads\/2022\/05\/3a17a23c-753e-4dcd-9d61-250a0465461d-1140x758.jpg 1140w, https:\/\/dimensionturistica.com\/es\/wp-content\/uploads\/2022\/05\/3a17a23c-753e-4dcd-9d61-250a0465461d.jpg 1200w\" sizes=\"(max-width: 300px) 100vw, 300px\" \/><br \/>\nPara esta primera edici\u00f3n se esperan miles de reservaciones provenientes de visitantes de diferentes ciudades del pa\u00eds como Guadalajara, Monterrey, Hermosillo, Tijuana, M\u00e9rida y Mexicali. Para poner un ejemplo de lo que estas visitas representan, el mismo fin de semana, pero de 2019, los anfitriones en Airbnb en la CDMX obtuvieron m\u00e1s de USD 400,000 recibiendo viajeros en sus espacios. El ingreso aproximado promedio de un anfitri\u00f3n se ubic\u00f3 aproximadamente en MXN 5,800.<br \/>\nEl aumento y resurgimiento de incre\u00edbles eventos como \u00e9ste en la Ciudad de M\u00e9xico, multiplican las oportunidades de crecer econ\u00f3micamente para los anfitriones, recibiendo a personas de diferentes partes de M\u00e9xico y el mundo, quienes tambi\u00e9n apoyan al comercio local, consumiendo en restaurantes,<img decoding=\"async\" class=\"size-medium wp-image-317013 alignright\" src=\"https:\/\/dimensionturistica.com\/es\/wp-content\/uploads\/2022\/05\/9a534d9c-f74c-459a-b53d-d4f88da9336d-300x225.jpg\" alt=\"\" width=\"300\" height=\"225\" srcset=\"https:\/\/dimensionturistica.com\/es\/wp-content\/uploads\/2022\/05\/9a534d9c-f74c-459a-b53d-d4f88da9336d-300x225.jpg 300w, https:\/\/dimensionturistica.com\/es\/wp-content\/uploads\/2022\/05\/9a534d9c-f74c-459a-b53d-d4f88da9336d-1024x768.jpg 1024w, https:\/\/dimensionturistica.com\/es\/wp-content\/uploads\/2022\/05\/9a534d9c-f74c-459a-b53d-d4f88da9336d-768x576.jpg 768w, https:\/\/dimensionturistica.com\/es\/wp-content\/uploads\/2022\/05\/9a534d9c-f74c-459a-b53d-d4f88da9336d-750x563.jpg 750w, https:\/\/dimensionturistica.com\/es\/wp-content\/uploads\/2022\/05\/9a534d9c-f74c-459a-b53d-d4f88da9336d-1140x855.jpg 1140w, https:\/\/dimensionturistica.com\/es\/wp-content\/uploads\/2022\/05\/9a534d9c-f74c-459a-b53d-d4f88da9336d.jpg 1440w\" sizes=\"(max-width: 300px) 100vw, 300px\" \/>utilizando transporte y conociendo todo aquello que los negocios capitalinos pueden ofrecerles durante su estancia.<br \/>\nAirbnb colabora con este crecimiento econ\u00f3mico con una plataforma lista para que cualquier persona comience a compartir sus espacios y experiencias. Para conocer un aproximado de cu\u00e1nto puedes obtener al compartir tu espacio, visita Airbnb.mx\/Host.<br \/>\nEspacios emblem\u00e1ticos para un festival igualmente ic\u00f3nico<br \/>\nSi ya est\u00e1s con boleto en mano, listo para disfrutar de la primera edici\u00f3n de este festival en la capital del pa\u00eds, Airbnb te comparte algunas opciones de espacios para este incre\u00edble fin de semana. Todas ofrecen tres elementos que mejorar\u00e1n significativamente tu estancia en la Ciudad de M\u00e9xico: excelente ubicaci\u00f3n, comodidad e incre\u00edbles espacios.<br \/>\nCondesa\u2019s best<br \/>\nUna de las zonas con mayor accesibilidad, ubicaci\u00f3n y cercan\u00eda para disfrutar de un fin de semana de festival en la capital es la Condesa. Adem\u00e1s, es un<img decoding=\"async\" class=\"size-medium wp-image-317014 alignright\" src=\"https:\/\/dimensionturistica.com\/es\/wp-content\/uploads\/2022\/05\/f8274c6c-38ba-4925-8b96-2beee5abeb93-300x142.jpg\" alt=\"\" width=\"300\" height=\"142\" srcset=\"https:\/\/dimensionturistica.com\/es\/wp-content\/uploads\/2022\/05\/f8274c6c-38ba-4925-8b96-2beee5abeb93-300x142.jpg 300w, https:\/\/dimensionturistica.com\/es\/wp-content\/uploads\/2022\/05\/f8274c6c-38ba-4925-8b96-2beee5abeb93-1024x486.jpg 1024w, https:\/\/dimensionturistica.com\/es\/wp-content\/uploads\/2022\/05\/f8274c6c-38ba-4925-8b96-2beee5abeb93-768x364.jpg 768w, https:\/\/dimensionturistica.com\/es\/wp-content\/uploads\/2022\/05\/f8274c6c-38ba-4925-8b96-2beee5abeb93-750x356.jpg 750w, https:\/\/dimensionturistica.com\/es\/wp-content\/uploads\/2022\/05\/f8274c6c-38ba-4925-8b96-2beee5abeb93-1140x541.jpg 1140w, https:\/\/dimensionturistica.com\/es\/wp-content\/uploads\/2022\/05\/f8274c6c-38ba-4925-8b96-2beee5abeb93.jpg 1200w\" sizes=\"(max-width: 300px) 100vw, 300px\" \/> espacio situado en uno de las zonas que tiene los mejores restaurantes y bares; conectado a las avenidas principales de la capital, las cuales te conducir\u00e1n r\u00e1pidamente al festival y te llevar\u00e1n de vuelta para un merecido descanso despu\u00e9s de dos d\u00edas llenos de m\u00fasica.<br \/>\nA veces menos es m\u00e1s, sobre todo cuando quieres reservar un espacio acogedor en una excelente ubicaci\u00f3n en la capital. Este incre\u00edble loft minimalista es excelente para aquellas personas que buscan un espacio \u00fanico, ideal para recorrer la ciudad y descansar c\u00f3modamente despu\u00e9s de cantar los \u00e9xitos de sus bandas m\u00e1s queridas.<br \/>\nA unos cuantos minutos de la sede en el que se llevar\u00e1 a cabo la primera edici\u00f3n de este evento musical, se encuentra un moderno y acogedor alojamiento, indicado para aquellas personas que no deseen realizar grandes traslados de su estancia al festival. Adem\u00e1s, ofrece el espacio suficiente para que puedas estar junto a tu grupo de amigos y disfrutar cada momento sin separarse.<\/p>\n","protected":false},"excerpt":{"rendered":"<p>Un nuevo festival en la Ciudad de M\u00e9xico se vislumbra en el horizonte con el potencial de convertirse en uno de los eventos m\u00e1s ic\u00f3nicos de la capital mexicana. El viernes 13 y el s\u00e1bado 14 de mayo se espera que miles de personas asistan a este incre\u00edble concierto desde distintos puntos del pa\u00eds. Estos [&hellip;]<\/p>\n","protected":false},"author":1,"featured_media":317016,"comment_status":"open","ping_status":"closed","sticky":false,"template":"","format":"standard","meta":{"om_disable_all_campaigns":false,"jnews-multi-image_gallery":[],"jnews_single_post":{"source_name":"","source_url":"","via_name":"","via_url":"","override_template":"0","override":[{"template":"1","single_blog_custom":"","parallax":"1","fullscreen":"1","layout":"right-sidebar","sidebar":"default-sidebar","second_sidebar":"default-sidebar","sticky_sidebar":"1","share_position":"top","share_float_style":"share-monocrhome","show_share_counter":"1","show_view_counter":"1","show_featured":"1","show_post_meta":"1","show_post_author":"1","show_post_author_image":"1","show_post_date":"1","post_date_format":"default","post_date_format_custom":"Y\/m\/d","show_post_category":"1","show_post_reading_time":"0","post_reading_time_wpm":"300","show_zoom_button":"0","zoom_button_out_step":"2","zoom_button_in_step":"3","show_post_tag":"1","show_prev_next_post":"1","show_popup_post":"1","number_popup_post":"1","show_author_box":"0","show_post_related":"0","show_inline_post_related":"0"}],"override_image_size":"0","image_override":[{"single_post_thumbnail_size":"crop-500","single_post_gallery_size":"crop-500"}],"trending_post":"0","trending_post_position":"meta","trending_post_label":"Trending","sponsored_post":"0","sponsored_post_label":"Sponsored by","sponsored_post_name":"","sponsored_post_url":"","sponsored_post_logo_enable":"0","sponsored_post_logo":"","sponsored_post_desc":"","disable_ad":"0"},"jnews_primary_category":{"id":""},"jnews_social_meta":{"fb_title":"","fb_description":"","fb_image":"","twitter_title":"","twitter_description":"","twitter_image":""},"footnotes":""},"categories":[40],"tags":[],"class_list":["post-316999","post","type-post","status-publish","format-standard","has-post-thumbnail","hentry","category-industria"],"_links":{"self":[{"href":"https:\/\/dimensionturistica.com\/es\/wp-json\/wp\/v2\/posts\/316999","targetHints":{"allow":["GET"]}}],"collection":[{"href":"https:\/\/dimensionturistica.com\/es\/wp-json\/wp\/v2\/posts"}],"about":[{"href":"https:\/\/dimensionturistica.com\/es\/wp-json\/wp\/v2\/types\/post"}],"author":[{"embeddable":true,"href":"https:\/\/dimensionturistica.com\/es\/wp-json\/wp\/v2\/users\/1"}],"replies":[{"embeddable":true,"href":"https:\/\/dimensionturistica.com\/es\/wp-json\/wp\/v2\/comments?post=316999"}],"version-history":[{"count":0,"href":"https:\/\/dimensionturistica.com\/es\/wp-json\/wp\/v2\/posts\/316999\/revisions"}],"wp:featuredmedia":[{"embeddable":true,"href":"https:\/\/dimensionturistica.com\/es\/wp-json\/wp\/v2\/media\/317016"}],"wp:attachment":[{"href":"https:\/\/dimensionturistica.com\/es\/wp-json\/wp\/v2\/media?parent=316999"}],"wp:term":[{"taxonomy":"category","embeddable":true,"href":"https:\/\/dimensionturistica.com\/es\/wp-json\/wp\/v2\/categories?post=316999"},{"taxonomy":"post_tag","embeddable":true,"href":"https:\/\/dimensionturistica.com\/es\/wp-json\/wp\/v2\/tags?post=316999"}],"curies":[{"name":"wp","href":"https:\/\/api.w.org\/{rel}","templated":true}]}}