{"id":316887,"date":"2022-05-14T14:16:37","date_gmt":"2022-05-14T14:16:37","guid":{"rendered":"https:\/\/dimensionturistica.com\/es\/?p=316887"},"modified":"2022-05-14T14:16:37","modified_gmt":"2022-05-14T14:16:37","slug":"viva-aerobus-fortalece-su-conectividad-lanzando-cinco-nuevas-rutas-desde-el-aifa-hacia-acapulco-cancan-oaxaca-puerto-escondido-y-la-habana-cuba","status":"publish","type":"post","link":"https:\/\/dimensionturistica.com\/es\/viva-aerobus-fortalece-su-conectividad-lanzando-cinco-nuevas-rutas-desde-el-aifa-hacia-acapulco-cancan-oaxaca-puerto-escondido-y-la-habana-cuba\/","title":{"rendered":"Viva Aerobus fortalece su conectividad lanzando cinco nuevas rutas desde el AIFA hacia Acapulco, Canc\u00e1n, Oaxaca, Puerto Escondido y La Habana, Cuba"},"content":{"rendered":"<p><img decoding=\"async\" class=\"size-medium wp-image-316888 alignleft\" src=\"https:\/\/dimensionturistica.com\/es\/wp-content\/uploads\/2022\/05\/Viva-Aerobus-DOS-300x200.jpg\" alt=\"\" width=\"300\" height=\"200\" srcset=\"https:\/\/dimensionturistica.com\/es\/wp-content\/uploads\/2022\/05\/Viva-Aerobus-DOS-300x200.jpg 300w, https:\/\/dimensionturistica.com\/es\/wp-content\/uploads\/2022\/05\/Viva-Aerobus-DOS-768x512.jpg 768w, https:\/\/dimensionturistica.com\/es\/wp-content\/uploads\/2022\/05\/Viva-Aerobus-DOS-750x500.jpg 750w, https:\/\/dimensionturistica.com\/es\/wp-content\/uploads\/2022\/05\/Viva-Aerobus-DOS.jpg 784w\" sizes=\"(max-width: 300px) 100vw, 300px\" \/> A partir del 15 de julio, Viva Aerobus, adem\u00e1s de volar a Acapulco, Canc\u00fan, Oaxaca, Puerto Escondido y La Habana desde el Aeropuerto Internacional de la Ciudad de M\u00e9xico (AICM), inaugurar\u00e1 sus rutas a estos destinos desde el nuevo Aeropuerto Internacional Felipe \u00c1ngeles (AIFA).<br \/>\n*Viva volar\u00e1 a Acapulco y Oaxaca desde el AIFA con dos vuelos a la semana a precios que inician desde los $89 y $139 pesos, respectivamente, en viaje sencillo m\u00e1s la Tarifa de Uso Aeroportuario (TUA).<br \/>\n*La ruta a Puerto Escondido contar\u00e1 con tres vuelos semanales y tarifas desde los $279 pesos, m\u00e1s TUA.<img decoding=\"async\" class=\"size-medium wp-image-316889 alignleft\" src=\"https:\/\/dimensionturistica.com\/es\/wp-content\/uploads\/2022\/05\/Viva-AerobusUNO-300x200.jpg\" alt=\"\" width=\"300\" height=\"200\" srcset=\"https:\/\/dimensionturistica.com\/es\/wp-content\/uploads\/2022\/05\/Viva-AerobusUNO-300x200.jpg 300w, https:\/\/dimensionturistica.com\/es\/wp-content\/uploads\/2022\/05\/Viva-AerobusUNO-768x512.jpg 768w, https:\/\/dimensionturistica.com\/es\/wp-content\/uploads\/2022\/05\/Viva-AerobusUNO-750x500.jpg 750w, https:\/\/dimensionturistica.com\/es\/wp-content\/uploads\/2022\/05\/Viva-AerobusUNO.jpg 850w\" sizes=\"(max-width: 300px) 100vw, 300px\" \/><br \/>\n*Ofrecer\u00e1 un vuelo diario a Canc\u00fan con boletos sencillos desde los $315 pesos, m\u00e1s TUA.<br \/>\n*El servicio diario a La Habana es la primera ruta internacional de Viva Aerobus en este aeropuerto y ofrecer\u00e1 tarifas desde los USD$189 d\u00f3lares, m\u00e1s TUA.<br \/>\nLos vuelos ser\u00e1n operados con aeronaves Airbus A320 con capacidad para 186 pasajeros y A321 para 240 personas, aviones que forman parte de la flota m\u00e1s moderna de M\u00e9xico y la tercera m\u00e1s joven de Norteam\u00e9rica con una edad promedio de 5 a\u00f1os.<br \/>\nCon estas nuevas rutas, que se a\u00f1aden a aquellas ya en operaci\u00f3n a Guadalajara y Monterrey desde Felipe \u00c1ngeles, Viva ya cuenta con siete destinos desde\/hacia este aeropuerto. La aerol\u00ednea, as\u00ed, sumar\u00e1 70 operaciones a la semana, lo que permitir\u00e1 ofrecer alrededor de 750 mil asientos en a\u00f1o calendario. De esta manera, Viva Aerobus se convierte, al d\u00eda de hoy, en la aerol\u00ednea con la oferta m\u00e1s amplia en este aeropuerto.<br \/>\n\u201cAgradecemos a Viva Aerobus por su confianza y crecimiento en el AIFA, un aeropuerto que, con una infraestructura de vanguardia y un servicio de primer nivel, satisface las necesidades de vuelo en la regi\u00f3n al tiempo que se favorece la derrama econ\u00f3mica y competitividad de la ciudad y zonas aleda\u00f1as\u201d, mencion\u00f3 el General Isidoro Pastor, Director General del AIFA.<br \/>\nEste incremento en la oferta de Viva Aerobus en el AIFA responde a las crecientes necesidades de conectividad a\u00e9rea en la Zona Metropolitana del Valle de M\u00e9xico a fin de brindar a los pasajeros una alternativa real de bajo costo que cuide de su econom\u00eda y contribuya al fortalecimiento del sistema a\u00e9reo metropolitano en beneficio del turismo, conectividad y la derrama econ\u00f3mica local.<br \/>\n\u201cVemos una atractiva oportunidad de mercado para conectar a la capital de M\u00e9xico con destinos tur\u00edsticos y de playa que son referentes a nivel nacional e internacional. Y estas nuevas rutas brindan opciones de vuelo, a precios a\u00fan m\u00e1s bajos, para que cada vez m\u00e1s personas puedan transportarse desde distintos puntos y de manera segura, confiable y en los aviones m\u00e1s modernos de M\u00e9xico\u201d, afirm\u00f3 Juan Carlos Zuazua, Director General de Viva Aerobus.<br \/>\nViva recuerda que, para facilitar el traslado de sus pasajeros al AIFA, ofrece transporte terrestre a trav\u00e9s del \u201cViva Bus\u201d, el cual conecta al aeropuerto con la Terminal Central de Autobuses del Norte de la Ciudad de M\u00e9xico. Las salidas de este servicio est\u00e1n programadas para empatar con los horarios de salida y llegada de los vuelos para comodidad de los usuarios. Los pasajeros pueden adquirir este servicio, con un costo de $75 pesos, en el sitio web de la aerol\u00ednea, en las Viva Tiendas, en la Central de Autobuses del Norte o durante su vuelo con los sobrecargos.<br \/>\nLos pasajeros pueden adquirir sus boletos en el sitio oficial de la aerol\u00ednea Viva: https: \/\/www.vivaaerobus.com\/mx, en las Viva Tiendas, en la Viva App o llamando al Call Center (LADA sin costo) 0181 82 150 150<\/p>\n<p><img decoding=\"async\" class=\"alignnone  wp-image-316890\" src=\"https:\/\/dimensionturistica.com\/es\/wp-content\/uploads\/2022\/05\/TABLA-300x218.jpg\" alt=\"\" width=\"603\" height=\"438\" srcset=\"https:\/\/dimensionturistica.com\/es\/wp-content\/uploads\/2022\/05\/TABLA-300x218.jpg 300w, https:\/\/dimensionturistica.com\/es\/wp-content\/uploads\/2022\/05\/TABLA-1024x743.jpg 1024w, https:\/\/dimensionturistica.com\/es\/wp-content\/uploads\/2022\/05\/TABLA-768x557.jpg 768w, https:\/\/dimensionturistica.com\/es\/wp-content\/uploads\/2022\/05\/TABLA-120x86.jpg 120w, https:\/\/dimensionturistica.com\/es\/wp-content\/uploads\/2022\/05\/TABLA-750x544.jpg 750w, https:\/\/dimensionturistica.com\/es\/wp-content\/uploads\/2022\/05\/TABLA-1140x827.jpg 1140w, https:\/\/dimensionturistica.com\/es\/wp-content\/uploads\/2022\/05\/TABLA.jpg 1378w\" sizes=\"(max-width: 603px) 100vw, 603px\" \/><\/p>\n","protected":false},"excerpt":{"rendered":"<p>A partir del 15 de julio, Viva Aerobus, adem\u00e1s de volar a Acapulco, Canc\u00fan, Oaxaca, Puerto Escondido y La Habana desde el Aeropuerto Internacional de la Ciudad de M\u00e9xico (AICM), inaugurar\u00e1 sus rutas a estos destinos desde el nuevo Aeropuerto Internacional Felipe \u00c1ngeles (AIFA). *Viva volar\u00e1 a Acapulco y Oaxaca desde el AIFA con dos [&hellip;]<\/p>\n","protected":false},"author":1,"featured_media":316891,"comment_status":"open","ping_status":"closed","sticky":false,"template":"","format":"standard","meta":{"om_disable_all_campaigns":false,"jnews-multi-image_gallery":[],"jnews_single_post":{"source_name":"","source_url":"","via_name":"","via_url":"","override_template":"0","override":[{"template":"1","single_blog_custom":"","parallax":"1","fullscreen":"1","layout":"right-sidebar","sidebar":"default-sidebar","second_sidebar":"default-sidebar","sticky_sidebar":"1","share_position":"top","share_float_style":"share-monocrhome","show_share_counter":"1","show_view_counter":"1","show_featured":"1","show_post_meta":"1","show_post_author":"1","show_post_author_image":"1","show_post_date":"1","post_date_format":"default","post_date_format_custom":"Y\/m\/d","show_post_category":"1","show_post_reading_time":"0","post_reading_time_wpm":"300","show_zoom_button":"0","zoom_button_out_step":"2","zoom_button_in_step":"3","show_post_tag":"1","show_prev_next_post":"1","show_popup_post":"1","number_popup_post":"1","show_author_box":"0","show_post_related":"0","show_inline_post_related":"0"}],"override_image_size":"0","image_override":[{"single_post_thumbnail_size":"crop-500","single_post_gallery_size":"crop-500"}],"trending_post":"0","trending_post_position":"meta","trending_post_label":"Trending","sponsored_post":"0","sponsored_post_label":"Sponsored by","sponsored_post_name":"","sponsored_post_url":"","sponsored_post_logo_enable":"0","sponsored_post_logo":"","sponsored_post_desc":"","disable_ad":"0"},"jnews_primary_category":{"id":""},"jnews_social_meta":{"fb_title":"","fb_description":"","fb_image":"","twitter_title":"","twitter_description":"","twitter_image":""},"footnotes":""},"categories":[39],"tags":[],"class_list":["post-316887","post","type-post","status-publish","format-standard","has-post-thumbnail","hentry","category-viajes"],"_links":{"self":[{"href":"https:\/\/dimensionturistica.com\/es\/wp-json\/wp\/v2\/posts\/316887","targetHints":{"allow":["GET"]}}],"collection":[{"href":"https:\/\/dimensionturistica.com\/es\/wp-json\/wp\/v2\/posts"}],"about":[{"href":"https:\/\/dimensionturistica.com\/es\/wp-json\/wp\/v2\/types\/post"}],"author":[{"embeddable":true,"href":"https:\/\/dimensionturistica.com\/es\/wp-json\/wp\/v2\/users\/1"}],"replies":[{"embeddable":true,"href":"https:\/\/dimensionturistica.com\/es\/wp-json\/wp\/v2\/comments?post=316887"}],"version-history":[{"count":0,"href":"https:\/\/dimensionturistica.com\/es\/wp-json\/wp\/v2\/posts\/316887\/revisions"}],"wp:featuredmedia":[{"embeddable":true,"href":"https:\/\/dimensionturistica.com\/es\/wp-json\/wp\/v2\/media\/316891"}],"wp:attachment":[{"href":"https:\/\/dimensionturistica.com\/es\/wp-json\/wp\/v2\/media?parent=316887"}],"wp:term":[{"taxonomy":"category","embeddable":true,"href":"https:\/\/dimensionturistica.com\/es\/wp-json\/wp\/v2\/categories?post=316887"},{"taxonomy":"post_tag","embeddable":true,"href":"https:\/\/dimensionturistica.com\/es\/wp-json\/wp\/v2\/tags?post=316887"}],"curies":[{"name":"wp","href":"https:\/\/api.w.org\/{rel}","templated":true}]}}