{"id":316874,"date":"2022-05-14T13:59:13","date_gmt":"2022-05-14T13:59:13","guid":{"rendered":"https:\/\/dimensionturistica.com\/es\/?p=316874"},"modified":"2022-05-14T13:59:13","modified_gmt":"2022-05-14T13:59:13","slug":"sectur-encuentra-apertura-en-el-departamento-de-estado-de-estados-unidos-para-atender-el-tema-de-las-alertas-de-viaje","status":"publish","type":"post","link":"https:\/\/dimensionturistica.com\/es\/sectur-encuentra-apertura-en-el-departamento-de-estado-de-estados-unidos-para-atender-el-tema-de-las-alertas-de-viaje\/","title":{"rendered":"Sectur encuentra apertura en el Departamento de Estado de Estados Unidos para atender el tema de las alertas de viaje"},"content":{"rendered":"<p><img decoding=\"async\" class=\"size-medium wp-image-316875 alignright\" src=\"https:\/\/dimensionturistica.com\/es\/wp-content\/uploads\/2022\/05\/Reunion-Embajador-300x200.jpg\" alt=\"\" width=\"300\" height=\"200\" srcset=\"https:\/\/dimensionturistica.com\/es\/wp-content\/uploads\/2022\/05\/Reunion-Embajador-300x200.jpg 300w, https:\/\/dimensionturistica.com\/es\/wp-content\/uploads\/2022\/05\/Reunion-Embajador.jpg 500w\" sizes=\"(max-width: 300px) 100vw, 300px\" \/>El secretario de Turismo del Gobierno de M\u00e9xico, Miguel Torruco Marqu\u00e9s, sostuvo una reuni\u00f3n con la Subsecretaria de Estado para Asuntos Consulares del Departamento de Estado de los Estados Unidos, Embajadora Rena Bitter, con el objetivo de atender asuntos relacionados con las alerta de viaje.<br \/>\nEl titular de la Secretar\u00eda de Turismo (Sectur) calific\u00f3 el encuentro como una oportunidad para sugerir que las alertas de viaje emitidas por el Departamento de Estado de los Estados Unidos detallen las zonas que pudieran representar problemas, y no generalicen, ya que algunos casos aislados de inseguridad se encuentran a varios kil\u00f3metros de los destinos tur\u00edsticos.<br \/>\nTorruco Marqu\u00e9s indic\u00f3 que la reuni\u00f3n se dio en un ambiente de cordialidad en d\u00f3nde encontr\u00f3 apertura y disposici\u00f3n para atender la sugerencia, gracias tambi\u00e9n al apoyo de la Embajada de M\u00e9xico en Estados Unidos, a cargo del embajador Esteban Moctezuma Barrag\u00e1n.<br \/>\nPor su parte, la Subsecretaria de Estado para Asuntos Consulares del Departamento de Estado de los Estados Unidos, Emb. Rena Bitter, manifest\u00f3 que nuestro pa\u00eds es, por varios motivos, el principal destino de los estadounidenses, y recibi\u00f3 con amistad y cordialidad la sugerencia del<img decoding=\"async\" class=\"size-medium wp-image-316877 alignright\" src=\"https:\/\/dimensionturistica.com\/es\/wp-content\/uploads\/2022\/05\/Reunion-Embaj-300x200.jpg\" alt=\"\" width=\"300\" height=\"200\" srcset=\"https:\/\/dimensionturistica.com\/es\/wp-content\/uploads\/2022\/05\/Reunion-Embaj-300x200.jpg 300w, https:\/\/dimensionturistica.com\/es\/wp-content\/uploads\/2022\/05\/Reunion-Embaj.jpg 500w\" sizes=\"(max-width: 300px) 100vw, 300px\" \/> secretario de Turismo, Miguel Torruco Marqu\u00e9s.<br \/>\nEl secretario de Turismo habl\u00f3 del incremento en el n\u00famero de turistas estadounidenses que visitan nuestro pa\u00eds, que es nuestro principal mercado emisor.<br \/>\nPuntualiz\u00f3 que, de acuerdo con la Unidad de Pol\u00edtica Migratoria de la Secretar\u00eda de Gobernaci\u00f3n, durante el primer trimestre del a\u00f1o, la llegada de estadounidenses v\u00eda a\u00e9rea alcanz\u00f3 3 millones 185 mil turistas, lo que signific\u00f3 101.2% m\u00e1s respecto al mismo periodo de 2021.<br \/>\nEsta cifra, tambi\u00e9n super\u00f3 en 14.1% las llegadas de estadounidenses captadas en el primer trimestre de 2019, cuando llegaron 2 millones 792 mil turistas estadounidenses por v\u00eda a\u00e9rea.<br \/>\nEl secretario de Turismo, Miguel Torruco, entreg\u00f3 un documento en el cual se detallan las acciones implementadas por los tres \u00f3rdenes de gobierno, para garantizar la seguridad de los turistas en el estado de Quintana Roo.<br \/>\nTambi\u00e9n, sostuvo una reuni\u00f3n con directivos de las principales aerol\u00edneas de los Estados Unidos, con quienes abord\u00f3 temas en materia de conectividad a\u00e9rea y el impulso al sistema aeroportuario de M\u00e9xico, a trav\u00e9s del nuevo Aeropuerto Internacional Felipe \u00c1ngeles (AIFA); el aeropuerto de Tulum, Quintana Roo; el de Creel, Chihuahua; y el de Tepic, Nayarit.<br \/>\nAdem\u00e1s, del trabajo interinstitucional que se realiza con las secretar\u00edas de<img decoding=\"async\" class=\"size-medium wp-image-316878 alignright\" src=\"https:\/\/dimensionturistica.com\/es\/wp-content\/uploads\/2022\/05\/Reunion-aerolineas-300x200.jpg\" alt=\"\" width=\"300\" height=\"200\" srcset=\"https:\/\/dimensionturistica.com\/es\/wp-content\/uploads\/2022\/05\/Reunion-aerolineas-300x200.jpg 300w, https:\/\/dimensionturistica.com\/es\/wp-content\/uploads\/2022\/05\/Reunion-aerolineas.jpg 500w\" sizes=\"(max-width: 300px) 100vw, 300px\" \/> Gobernaci\u00f3n; de Relaciones Exteriores; de Infraestructura, Comunicaciones y Transportes; as\u00ed como el Instituto Nacional de Migraci\u00f3n, para facilitar y agilizar el ingreso de los turistas internacionales, mediante el uso de herramientas tecnol\u00f3gicas.<br \/>\nEn esta reuni\u00f3n estuvieron presentes, Patricia Vercelli y Rachel Roberts de Airlines for America; Josh Rogers, de Alaska Airlines; Bob Wirick, de American Airlines; Andrew Stone y Humberto L\u00f3pez Mata, de Delta Air Lines; y Jenn Poeppelmeier y Steven Swan, de Southwest Airlines.<br \/>\nAl continuar con la gira del programa Operaci\u00f3n Toca Puertas en Washington, D.C., Estados Unidos, el titular de Sectur sostuvo una reuni\u00f3n con representantes de U.S. Travel Association: Tori Emerson Barnes, vicepresidenta ejecutiva de Asuntos y Pol\u00edticas P\u00fablicas; y Nan Marchand Beauvois, vicepresidenta de Membres\u00edas y Relaciones con la Industria; en donde acompa\u00f1\u00f3 a la comitiva, Eduardo Chaillo, consultor en turismo de reuniones, para impulsar acciones que detonen este importante segmento de viajeros.<br \/>\nEn estas actividades, Torruco Marqu\u00e9s estuvo acompa\u00f1ado por el subsecretario de Turismo, Humberto Hern\u00e1ndez-Haddad; el secretario de Turismo de Quintana Roo, Bernardo Cueto Riestra; Rodrigo Esponda, director general del Fideicomiso de Turismo de los Cabos; Emmanuel Rey, director general de Promoci\u00f3n y Asuntos Internacionales; Enrique Avil\u00e9s, director general de Comunicaci\u00f3n Social; y personal de la Embajada de M\u00e9xico en Estados Unidos.<\/p>\n","protected":false},"excerpt":{"rendered":"<p>El secretario de Turismo del Gobierno de M\u00e9xico, Miguel Torruco Marqu\u00e9s, sostuvo una reuni\u00f3n con la Subsecretaria de Estado para Asuntos Consulares del Departamento de Estado de los Estados Unidos, Embajadora Rena Bitter, con el objetivo de atender asuntos relacionados con las alerta de viaje. El titular de la Secretar\u00eda de Turismo (Sectur) calific\u00f3 el [&hellip;]<\/p>\n","protected":false},"author":1,"featured_media":316876,"comment_status":"open","ping_status":"closed","sticky":false,"template":"","format":"standard","meta":{"om_disable_all_campaigns":false,"jnews-multi-image_gallery":[],"jnews_single_post":{"source_name":"","source_url":"","via_name":"","via_url":"","override_template":"0","override":[{"template":"1","single_blog_custom":"","parallax":"1","fullscreen":"1","layout":"right-sidebar","sidebar":"default-sidebar","second_sidebar":"default-sidebar","sticky_sidebar":"1","share_position":"top","share_float_style":"share-monocrhome","show_share_counter":"1","show_view_counter":"1","show_featured":"1","show_post_meta":"1","show_post_author":"1","show_post_author_image":"1","show_post_date":"1","post_date_format":"default","post_date_format_custom":"Y\/m\/d","show_post_category":"1","show_post_reading_time":"0","post_reading_time_wpm":"300","show_zoom_button":"0","zoom_button_out_step":"2","zoom_button_in_step":"3","show_post_tag":"1","show_prev_next_post":"1","show_popup_post":"1","number_popup_post":"1","show_author_box":"0","show_post_related":"0","show_inline_post_related":"0"}],"override_image_size":"0","image_override":[{"single_post_thumbnail_size":"crop-500","single_post_gallery_size":"crop-500"}],"trending_post":"0","trending_post_position":"meta","trending_post_label":"Trending","sponsored_post":"0","sponsored_post_label":"Sponsored by","sponsored_post_name":"","sponsored_post_url":"","sponsored_post_logo_enable":"0","sponsored_post_logo":"","sponsored_post_desc":"","disable_ad":"0"},"jnews_primary_category":{"id":""},"jnews_social_meta":{"fb_title":"","fb_description":"","fb_image":"","twitter_title":"","twitter_description":"","twitter_image":""},"footnotes":""},"categories":[39],"tags":[],"class_list":["post-316874","post","type-post","status-publish","format-standard","has-post-thumbnail","hentry","category-viajes"],"_links":{"self":[{"href":"https:\/\/dimensionturistica.com\/es\/wp-json\/wp\/v2\/posts\/316874","targetHints":{"allow":["GET"]}}],"collection":[{"href":"https:\/\/dimensionturistica.com\/es\/wp-json\/wp\/v2\/posts"}],"about":[{"href":"https:\/\/dimensionturistica.com\/es\/wp-json\/wp\/v2\/types\/post"}],"author":[{"embeddable":true,"href":"https:\/\/dimensionturistica.com\/es\/wp-json\/wp\/v2\/users\/1"}],"replies":[{"embeddable":true,"href":"https:\/\/dimensionturistica.com\/es\/wp-json\/wp\/v2\/comments?post=316874"}],"version-history":[{"count":0,"href":"https:\/\/dimensionturistica.com\/es\/wp-json\/wp\/v2\/posts\/316874\/revisions"}],"wp:featuredmedia":[{"embeddable":true,"href":"https:\/\/dimensionturistica.com\/es\/wp-json\/wp\/v2\/media\/316876"}],"wp:attachment":[{"href":"https:\/\/dimensionturistica.com\/es\/wp-json\/wp\/v2\/media?parent=316874"}],"wp:term":[{"taxonomy":"category","embeddable":true,"href":"https:\/\/dimensionturistica.com\/es\/wp-json\/wp\/v2\/categories?post=316874"},{"taxonomy":"post_tag","embeddable":true,"href":"https:\/\/dimensionturistica.com\/es\/wp-json\/wp\/v2\/tags?post=316874"}],"curies":[{"name":"wp","href":"https:\/\/api.w.org\/{rel}","templated":true}]}}