{"id":316866,"date":"2022-05-14T13:34:53","date_gmt":"2022-05-14T13:34:53","guid":{"rendered":"https:\/\/dimensionturistica.com\/es\/?p=316866"},"modified":"2022-05-14T13:34:53","modified_gmt":"2022-05-14T13:34:53","slug":"la-quebrada-de-acapulco-88-anos-de-historia","status":"publish","type":"post","link":"https:\/\/dimensionturistica.com\/es\/la-quebrada-de-acapulco-88-anos-de-historia\/","title":{"rendered":"La Quebrada, de Acapulco, 88 a\u00f1os de historia"},"content":{"rendered":"<p><img decoding=\"async\" class=\"size-medium wp-image-316868 alignright\" src=\"https:\/\/dimensionturistica.com\/es\/wp-content\/uploads\/2022\/05\/TRES-200x300.jpg\" alt=\"\" width=\"200\" height=\"300\" srcset=\"https:\/\/dimensionturistica.com\/es\/wp-content\/uploads\/2022\/05\/TRES-200x300.jpg 200w, https:\/\/dimensionturistica.com\/es\/wp-content\/uploads\/2022\/05\/TRES.jpg 500w\" sizes=\"(max-width: 200px) 100vw, 200px\" \/>Valor y audacia son parte de las personas que, durante 88 a\u00f1os, han dado renombre a Acapulco y a M\u00e9xico: se trata de los clavadistas de La Quebrada. Estos deportistas, todos los d\u00edas, ofrecen un espect\u00e1culo \u00fanico, en el que se lanzan al aire desde un acantilado de m\u00e1s de 40 metros de altura.<br \/>\nEl acto, cargado de adrenalina y emoci\u00f3n, considerado Patrimonio Cultural del estado de Guerrero, culmina al ver cumplida la haza\u00f1a del clavadista que se sumerge en un canal de siete metros de ancho y cuatro metros de profundidad.<br \/>\nEl escenario est\u00e1 ubicado en Acapulco y la odisea es, adem\u00e1s, una cuesti\u00f3n de c\u00e1lculo, ya que el clavadista escoge el momento perfecto para lanzarse al vac\u00edo, tomando en cuenta el movimiento de las olas, la marea y el viento.<br \/>\nCabe destacar que los clavadistas viajan a una velocidad aproximada de 90 kil\u00f3metros por hora, durante sus saltos.<img decoding=\"async\" class=\"size-medium wp-image-316869 alignright\" src=\"https:\/\/dimensionturistica.com\/es\/wp-content\/uploads\/2022\/05\/DOS.JPG-200x300.jpg\" alt=\"\" width=\"200\" height=\"300\" srcset=\"https:\/\/dimensionturistica.com\/es\/wp-content\/uploads\/2022\/05\/DOS.JPG-200x300.jpg 200w, https:\/\/dimensionturistica.com\/es\/wp-content\/uploads\/2022\/05\/DOS.JPG.jpg 500w\" sizes=\"(max-width: 200px) 100vw, 200px\" \/><br \/>\nLa Quebrada es un acantilado que surgi\u00f3 en 1799, luego que una parte del cerro fuera dinamitado para evitar que la poblaci\u00f3n siguiera muriendo a causa de c\u00f3lera y escorbuto, enfermedades provocadas por los calores intensos en la localidad.<br \/>\nPara detener estas enfermedades, el doctor de la Corona espa\u00f1ola, Francisco Javier Balmis, propuso hacer un canal que permitiera que el aire penetrara hasta el centro de la ciudad, llam\u00e1ndolo \u201cAbra (bah\u00eda) de San Nicol\u00e1s\u201d.<br \/>\nSin embargo, el empe\u00f1o qued\u00f3 inconcluso y las obras paralizadas por la falta de recursos econ\u00f3micos.<br \/>\nUn nuevo intento comenz\u00f3 en 1876, cuando el coronel Jos\u00e9 Mar\u00eda Lopetegui retom\u00f3 las obras para abrir una brecha que sirviera de ventilaci\u00f3n para el puerto.<br \/>\nOtra vez, el prop\u00f3sito se \u201cquebr\u00f3\u201d, por falta de dinero, y por esta raz\u00f3n, el nombre \u201cLa Quebrada\u201d se populariz\u00f3 y as\u00ed se le conoci\u00f3 a la obra fallida.<img decoding=\"async\" class=\"size-medium wp-image-316870 alignright\" src=\"https:\/\/dimensionturistica.com\/es\/wp-content\/uploads\/2022\/05\/CUATRO.JPG-200x300.jpg\" alt=\"\" width=\"200\" height=\"300\" srcset=\"https:\/\/dimensionturistica.com\/es\/wp-content\/uploads\/2022\/05\/CUATRO.JPG-200x300.jpg 200w, https:\/\/dimensionturistica.com\/es\/wp-content\/uploads\/2022\/05\/CUATRO.JPG.jpg 500w\" sizes=\"(max-width: 200px) 100vw, 200px\" \/><br \/>\nFue en 1934 cuando se conform\u00f3 la Asociaci\u00f3n de Clavadistas Profesionales de La Quebrada, y actualmente cuenta con un equipo de 70 clavadistas profesionales.<br \/>\nUno de los clavadistas que m\u00e1s ha destacado a lo largo de la historia, es Ra\u00fal \u201cChupetas\u201d Garc\u00eda, quien se especializ\u00f3 en clavados de altura y fue unos de los principales promotores de Acapulco en el extranjero, adem\u00e1s de que ostenta el R\u00e9cord Guinness por 35 mil clavados de altura realizados.<br \/>\nEn tanto, en 2006, Iris \u00c1lvarez, de 12 a\u00f1os de edad, obtuvo otro R\u00e9cord Guinness como la clavadista m\u00e1s joven en haberse lanzado de La Quebrada desde una altura de 18 metros.<br \/>\nEs as\u00ed como los clavadistas de La Quebrada son reconocidos a nivel internacional por sus actos irrepetibles, que han pasado de generaci\u00f3n en generaci\u00f3n.<\/p>\n","protected":false},"excerpt":{"rendered":"<p>Valor y audacia son parte de las personas que, durante 88 a\u00f1os, han dado renombre a Acapulco y a M\u00e9xico: se trata de los clavadistas de La Quebrada. Estos deportistas, todos los d\u00edas, ofrecen un espect\u00e1culo \u00fanico, en el que se lanzan al aire desde un acantilado de m\u00e1s de 40 metros de altura. El [&hellip;]<\/p>\n","protected":false},"author":1,"featured_media":316867,"comment_status":"open","ping_status":"closed","sticky":false,"template":"","format":"standard","meta":{"om_disable_all_campaigns":false,"jnews-multi-image_gallery":[],"jnews_single_post":{"source_name":"","source_url":"","via_name":"","via_url":"","override_template":"0","override":[{"template":"1","single_blog_custom":"","parallax":"1","fullscreen":"1","layout":"right-sidebar","sidebar":"default-sidebar","second_sidebar":"default-sidebar","sticky_sidebar":"1","share_position":"top","share_float_style":"share-monocrhome","show_share_counter":"1","show_view_counter":"1","show_featured":"1","show_post_meta":"1","show_post_author":"1","show_post_author_image":"1","show_post_date":"1","post_date_format":"default","post_date_format_custom":"Y\/m\/d","show_post_category":"1","show_post_reading_time":"0","post_reading_time_wpm":"300","show_zoom_button":"0","zoom_button_out_step":"2","zoom_button_in_step":"3","show_post_tag":"1","show_prev_next_post":"1","show_popup_post":"1","number_popup_post":"1","show_author_box":"0","show_post_related":"0","show_inline_post_related":"0"}],"override_image_size":"0","image_override":[{"single_post_thumbnail_size":"crop-500","single_post_gallery_size":"crop-500"}],"trending_post":"0","trending_post_position":"meta","trending_post_label":"Trending","sponsored_post":"0","sponsored_post_label":"Sponsored by","sponsored_post_name":"","sponsored_post_url":"","sponsored_post_logo_enable":"0","sponsored_post_logo":"","sponsored_post_desc":"","disable_ad":"0"},"jnews_primary_category":{"id":""},"jnews_social_meta":{"fb_title":"","fb_description":"","fb_image":"","twitter_title":"","twitter_description":"","twitter_image":""},"footnotes":""},"categories":[39],"tags":[],"class_list":["post-316866","post","type-post","status-publish","format-standard","has-post-thumbnail","hentry","category-viajes"],"_links":{"self":[{"href":"https:\/\/dimensionturistica.com\/es\/wp-json\/wp\/v2\/posts\/316866","targetHints":{"allow":["GET"]}}],"collection":[{"href":"https:\/\/dimensionturistica.com\/es\/wp-json\/wp\/v2\/posts"}],"about":[{"href":"https:\/\/dimensionturistica.com\/es\/wp-json\/wp\/v2\/types\/post"}],"author":[{"embeddable":true,"href":"https:\/\/dimensionturistica.com\/es\/wp-json\/wp\/v2\/users\/1"}],"replies":[{"embeddable":true,"href":"https:\/\/dimensionturistica.com\/es\/wp-json\/wp\/v2\/comments?post=316866"}],"version-history":[{"count":0,"href":"https:\/\/dimensionturistica.com\/es\/wp-json\/wp\/v2\/posts\/316866\/revisions"}],"wp:featuredmedia":[{"embeddable":true,"href":"https:\/\/dimensionturistica.com\/es\/wp-json\/wp\/v2\/media\/316867"}],"wp:attachment":[{"href":"https:\/\/dimensionturistica.com\/es\/wp-json\/wp\/v2\/media?parent=316866"}],"wp:term":[{"taxonomy":"category","embeddable":true,"href":"https:\/\/dimensionturistica.com\/es\/wp-json\/wp\/v2\/categories?post=316866"},{"taxonomy":"post_tag","embeddable":true,"href":"https:\/\/dimensionturistica.com\/es\/wp-json\/wp\/v2\/tags?post=316866"}],"curies":[{"name":"wp","href":"https:\/\/api.w.org\/{rel}","templated":true}]}}