{"id":316026,"date":"2022-05-12T18:46:20","date_gmt":"2022-05-12T18:46:20","guid":{"rendered":"https:\/\/dimensionturistica.com\/es\/?p=316026"},"modified":"2022-05-12T18:46:20","modified_gmt":"2022-05-12T18:46:20","slug":"asado-argentino-experiencia-gastronomica-imperdible","status":"publish","type":"post","link":"https:\/\/dimensionturistica.com\/es\/asado-argentino-experiencia-gastronomica-imperdible\/","title":{"rendered":"Asado argentino, experiencia gastron\u00f3mica imperdible"},"content":{"rendered":"<p> <br \/>\n<\/p>\n<div>\n<p><!-- \/11159420\/ft_leader_home_1 --><br \/>\n<!-- \/11159420\/ft_leader_home_mobile_1 --><\/p>\n<p style=\"text-align: justify\">Es obvio que <strong>la carne es excelente en el pa\u00eds de las pampas y los gauchos<\/strong>. Desde sus mesas de p\u00edcnic hasta sus restaurantes elegantes, los argentinos son <strong>expertos en cocinar a la perfecci\u00f3n cada corte a la parrilla<\/strong>. Descubre cu\u00e1l es el ritual que outline al <strong>asado argentino<\/strong>. <em>Texto: Alicia Miller \/ Fotos: Cortes\u00eda.<\/em><\/p>\n<p>\u00a0<\/p>\n<h2>De origen campestre<\/h2>\n<p>\u00a0<\/p>\n<p style=\"text-align: justify\">En las vastas pampas, con sus <strong>suelos f\u00e9rtiles, pastos agitados por<\/strong>\u00a0el <strong>viento<\/strong> y <strong>cielos abiertos,<\/strong> se cr\u00edan las vacas destinadas a convertirse en <strong>algunos de los cortes de carne m\u00e1s suculentos del mundo<\/strong>. Introducido por primera vez en el siglo XVI por los espa\u00f1oles, el ganado floreci\u00f3 en abundantes cantidades, y as\u00ed naci\u00f3 el ritual de la comida social del gaucho: el <strong>asado argentino.<\/strong><\/p>\n<p>\u00a0<\/p>\n<p><img decoding=\"async\" class=\"img-fluid align-img w-75 aligncenter wp-image-161970 size-full\" src=\"https:\/\/foodandtravel.mx\/wp-content\/uploads\/2022\/05\/Asado-argentino-vacas-en-la-pampa.jpg\" alt=\"Las vacas de la pampa, imprescindibles para el asado argentino\" width=\"1920\" height=\"1270\" srcset=\"https:\/\/foodandtravel.mx\/wp-content\/uploads\/2022\/05\/Asado-argentino-vacas-en-la-pampa.jpg 1920w, https:\/\/foodandtravel.mx\/wp-content\/uploads\/2022\/05\/Asado-argentino-vacas-en-la-pampa-450x298.jpg 450w, https:\/\/foodandtravel.mx\/wp-content\/uploads\/2022\/05\/Asado-argentino-vacas-en-la-pampa-1024x677.jpg 1024w, https:\/\/foodandtravel.mx\/wp-content\/uploads\/2022\/05\/Asado-argentino-vacas-en-la-pampa-768x508.jpg 768w, https:\/\/foodandtravel.mx\/wp-content\/uploads\/2022\/05\/Asado-argentino-vacas-en-la-pampa-1536x1016.jpg 1536w\" \/><\/p>\n<p>\u00a0<\/p>\n<p>\u00a0<\/p>\n<h2 style=\"text-align: justify\">Asado argentino, una experiencia para todos<\/h2>\n<p>\u00a0<\/p>\n<p style=\"text-align: justify\"><strong>El asado argentino no es solo un estilo de cocina: es una cultura<\/strong>. En Buenos Aires, con sus espect\u00e1culos de tango, museos e imponente arquitectura antigua, tanto los barrios desenfadados como los m\u00e1s lujosos est\u00e1n <strong>salpicados de parrillas de asado que sirven cortes de carne<\/strong>. Ya sea que desees comer algo en un <strong>carrito de la calle o visitar un restaurante<\/strong> para cenar acompa\u00f1ado de una <strong>copa de malbec<\/strong>, en cualquiera est\u00e1s en el lugar correcto. <strong>El asado es democr\u00e1tico<\/strong>: est\u00e1 disponible para todos los argentinos y su sencillez lo hace infinitamente adaptable.<\/p>\n<p style=\"text-align: justify\"><strong>Fuego, carne, una parrilla al rojo vivo y buenos amigos con quienes compartir<\/strong> son los elementos b\u00e1sicos para hacer el mejor asado; eso y una adecuada selecci\u00f3n de los cortes de carne. <strong>\u00a1Y vaya que hay muchos en Argentina!<\/strong> La suave <strong>tira de asado<\/strong>, el <strong>vac\u00edo,<\/strong> la <strong>entra\u00f1a<\/strong> y el <strong>chorizo<\/strong> son los <strong>t\u00edpicos favoritos del p\u00fablico<\/strong>, sazonados solo con sal de grano. Las <strong>achuras<\/strong> (menudencias) complacen a los paladares m\u00e1s aventureros con sus <strong>mollejas, ri\u00f1ones<\/strong> y <strong>chinchulines<\/strong> (intestinos). Tambi\u00e9n existe una alternativa a la carne: <strong>un rebosante y grueso disco de queso provoleta<\/strong>.<\/p>\n<p>\u00a0<\/p>\n<h2 style=\"text-align: justify\">Un cl\u00e1sico<\/h2>\n<p>\u00a0<\/p>\n<p style=\"text-align: justify\">Es Buenos Aires, en specific, la ciudad que ha convertido el asado argentino en un arte. Durante casi 30 a\u00f1os, <a target=\"_blank\" href=\"https:\/\/labrigada.com.ar\/\" rel=\"noopener\"><em><strong>La Brigada<\/strong><\/em><\/a>, ubicado en el <strong>barrio de San Telmo<\/strong>, ha atra\u00eddo a las multitudes con la promesa de disfrutar <strong>suculentos bifes de chorizo, tripas de cordero y chorizo de jabal\u00ed<\/strong>. Carbonizado sobre brasas calientes, este \u00faltimo es tan tierno que es famoso porque <strong>puedes cortarlo con una cuchara<\/strong>. La mejor acompa\u00f1ante para la carne es una <strong>copa de malbec native<\/strong>.<\/p>\n<p>\u00a0<\/p>\n<p><img decoding=\"async\" loading=\"lazy\" class=\"img-fluid align-img w-75 aligncenter wp-image-161971 size-full\" src=\"https:\/\/foodandtravel.mx\/wp-content\/uploads\/2022\/05\/Asado-argentino-La-Brigada.jpg\" alt=\"La Brigada\" width=\"1920\" height=\"1280\" srcset=\"https:\/\/foodandtravel.mx\/wp-content\/uploads\/2022\/05\/Asado-argentino-La-Brigada.jpg 1920w, https:\/\/foodandtravel.mx\/wp-content\/uploads\/2022\/05\/Asado-argentino-La-Brigada-450x300.jpg 450w, https:\/\/foodandtravel.mx\/wp-content\/uploads\/2022\/05\/Asado-argentino-La-Brigada-1024x683.jpg 1024w, https:\/\/foodandtravel.mx\/wp-content\/uploads\/2022\/05\/Asado-argentino-La-Brigada-768x512.jpg 768w, https:\/\/foodandtravel.mx\/wp-content\/uploads\/2022\/05\/Asado-argentino-La-Brigada-1536x1024.jpg 1536w\" \/><\/p>\n<p>\u00a0<\/p>\n<p>\u00a0<\/p>\n<h2 style=\"text-align: justify\">Carne sustentable<\/h2>\n<p>\u00a0<\/p>\n<p style=\"text-align: justify\">La escena del asado argentino tambi\u00e9n se ha vuelto gourmand. En <a target=\"_blank\" href=\"https:\/\/www.parrilladonjulio.com\" rel=\"noopener\"><em><strong>Don Julio<\/strong><\/em><\/a>, ubicado entre los <strong><a target=\"_blank\" href=\"https:\/\/foodandtravel.mx\/latin-americas-50-best-restaurants-2021-aqui-la-lista-completa\/\" rel=\"noopener\"><em>10 mejores en los Latin America\u2019s 50 Best Restaurants 2021<\/em><\/a><\/strong>\u2014 se cocina la carne con gran maestr\u00eda, a\u00f1ejando la del ganado <strong>Aberdeen Angus y Hereford<\/strong>, criado con pasto <strong>de manera sustentable.<\/strong> No abandones sus interiores del siglo XIX sin probar su <strong>bife de cuadril<\/strong> (bife de lomo), sus <strong>mollejas con lim\u00f3n y sus empanadas de carne.<\/strong><\/p>\n<p>\u00a0<\/p>\n<p><img decoding=\"async\" loading=\"lazy\" class=\"img-fluid align-img w-75 aligncenter wp-image-161973 size-full\" src=\"https:\/\/foodandtravel.mx\/wp-content\/uploads\/2022\/05\/Asado-argentino-Don-Julio.jpg\" alt=\"Restaurante Don Julio\" width=\"1920\" height=\"1280\" srcset=\"https:\/\/foodandtravel.mx\/wp-content\/uploads\/2022\/05\/Asado-argentino-Don-Julio.jpg 1920w, https:\/\/foodandtravel.mx\/wp-content\/uploads\/2022\/05\/Asado-argentino-Don-Julio-450x300.jpg 450w, https:\/\/foodandtravel.mx\/wp-content\/uploads\/2022\/05\/Asado-argentino-Don-Julio-1024x683.jpg 1024w, https:\/\/foodandtravel.mx\/wp-content\/uploads\/2022\/05\/Asado-argentino-Don-Julio-768x512.jpg 768w, https:\/\/foodandtravel.mx\/wp-content\/uploads\/2022\/05\/Asado-argentino-Don-Julio-1536x1024.jpg 1536w\" \/><\/p>\n<p>\u00a0<\/p>\n<p>\u00a0<\/p>\n<h2 style=\"text-align: justify\">Estilo retro<\/h2>\n<p>\u00a0<\/p>\n<p style=\"text-align: justify\">Mientras tanto, en <a target=\"_blank\" href=\"http:\/\/restaurantlaslilas.com.ar\/\" rel=\"noopener\"><strong><em>Las Lilas<\/em><\/strong><\/a>, las carnes <strong>Black y Purple Angus<\/strong>, <strong>Horned Hereford<\/strong> y <strong>Braford<\/strong> se unen a la carne de res de <strong>Kobe<\/strong> en platos sublimes. Piensa en un <strong>corte <em>tomahawk<\/em> flameado con co\u00f1ac y servido con pur\u00e9 de papa trufado<\/strong>. Es una <strong>experiencia costosa<\/strong>, pero te mostrar\u00e1 las alturas elaboradas y refinadas a las que puede llegar el asado argentino.<\/p>\n<p>\u00a0<\/p>\n<p><img decoding=\"async\" loading=\"lazy\" class=\"img-fluid align-img w-75 aligncenter wp-image-161972 size-full\" src=\"https:\/\/foodandtravel.mx\/wp-content\/uploads\/2022\/05\/Asado-Argentino-Las-Lilas.jpg\" alt=\"Las Lilas, para probar el asado argentino\" width=\"1920\" height=\"1281\" srcset=\"https:\/\/foodandtravel.mx\/wp-content\/uploads\/2022\/05\/Asado-Argentino-Las-Lilas.jpg 1920w, https:\/\/foodandtravel.mx\/wp-content\/uploads\/2022\/05\/Asado-Argentino-Las-Lilas-450x300.jpg 450w, https:\/\/foodandtravel.mx\/wp-content\/uploads\/2022\/05\/Asado-Argentino-Las-Lilas-1024x683.jpg 1024w, https:\/\/foodandtravel.mx\/wp-content\/uploads\/2022\/05\/Asado-Argentino-Las-Lilas-768x512.jpg 768w, https:\/\/foodandtravel.mx\/wp-content\/uploads\/2022\/05\/Asado-Argentino-Las-Lilas-1536x1025.jpg 1536w\" \/><\/p>\n<p>\u00a0<\/p>\n<p>\u00a0<\/p>\n<h2 style=\"text-align: justify\">Como los locales<\/h2>\n<p>\u00a0<\/p>\n<p style=\"text-align: justify\">Por supuesto, es mucho m\u00e1s possible toparse con los porte\u00f1os en lugares cotidianos. Acom\u00f3date en una de las mesas de p\u00edcnic en <a target=\"_blank\" href=\"https:\/\/lostalasdelentrerriano.com.ar\/\" rel=\"noopener\"><em><strong>Los Talas del Entrerriano<\/strong><\/em><\/a> para ver a las familias devorando <strong>docenas de costillas<\/strong>. Aqu\u00ed todo se cocina <strong>al aire libre a una escala impresionante<\/strong>.<\/p>\n<p style=\"text-align: justify\">O visita la a\u00fan m\u00e1s casual <strong>Feria de Mataderos del domingo<\/strong>, donde la m\u00fasica y el baile se impregnan del aroma a carne asada. Coloca una silla de pl\u00e1stico en una de las mesas al costado de la carretera y disfruta de <strong>banquetes a la parrilla cocinados de manera easy pero exquisita<\/strong>.<\/p>\n<p style=\"text-align: justify\">Si buscas un punto intermedio, ve a <strong>Gran Parrilla del Plata<\/strong> (Chile 592), que alguna vez recibi\u00f3 la visita de <strong>Michelle Obama.<\/strong> Te sugerimos sus <strong>jugosas costillas con papas a la francesa<\/strong>.<\/p>\n<p>\u00a0<\/p>\n<p style=\"text-align: justify\"><strong>Tambi\u00e9n te puede interesar: <\/strong><em><strong><a target=\"_blank\" href=\"https:\/\/foodandtravel.mx\/cartagena-8-restaurantes-que-ponen-el-realismo-magico-a-la-mesa\/\" rel=\"noopener\">Cartagena: 8 restaurantes que ponen el realismo m\u00e1gico a la mesa<\/a><\/strong><\/em><\/p>\n<p><!-- \/11159420\/ft_leader_home_mobile_1 --><\/p>\n<p><!-- \/11159420\/ft_leader_category_mobile_1 --><\/p><\/div>\n\n<p><em> \u2018 The preceding article may include information circulated by third parties \u2019 <\/em><\/p>\n<p><em> \u2018 Some details of this article were extracted from the following source foodandtravel.mx \u2019 <\/em><\/p>\n","protected":false},"excerpt":{"rendered":"<p>Es obvio que la carne es excelente en el pa\u00eds de las pampas y los gauchos. Desde sus mesas de p\u00edcnic hasta sus restaurantes elegantes, los argentinos son expertos en cocinar a la perfecci\u00f3n cada corte a la parrilla. Descubre cu\u00e1l es el ritual que outline al asado argentino. Texto: Alicia Miller \/ Fotos: Cortes\u00eda. [&hellip;]<\/p>\n","protected":false},"author":2,"featured_media":316027,"comment_status":"open","ping_status":"closed","sticky":false,"template":"","format":"standard","meta":{"om_disable_all_campaigns":false,"jnews-multi-image_gallery":[],"jnews_single_post":[],"jnews_primary_category":[],"jnews_social_meta":[],"footnotes":""},"categories":[43],"tags":[],"class_list":["post-316026","post","type-post","status-publish","format-standard","has-post-thumbnail","hentry","category-gourmet"],"_links":{"self":[{"href":"https:\/\/dimensionturistica.com\/es\/wp-json\/wp\/v2\/posts\/316026","targetHints":{"allow":["GET"]}}],"collection":[{"href":"https:\/\/dimensionturistica.com\/es\/wp-json\/wp\/v2\/posts"}],"about":[{"href":"https:\/\/dimensionturistica.com\/es\/wp-json\/wp\/v2\/types\/post"}],"author":[{"embeddable":true,"href":"https:\/\/dimensionturistica.com\/es\/wp-json\/wp\/v2\/users\/2"}],"replies":[{"embeddable":true,"href":"https:\/\/dimensionturistica.com\/es\/wp-json\/wp\/v2\/comments?post=316026"}],"version-history":[{"count":0,"href":"https:\/\/dimensionturistica.com\/es\/wp-json\/wp\/v2\/posts\/316026\/revisions"}],"wp:featuredmedia":[{"embeddable":true,"href":"https:\/\/dimensionturistica.com\/es\/wp-json\/wp\/v2\/media\/316027"}],"wp:attachment":[{"href":"https:\/\/dimensionturistica.com\/es\/wp-json\/wp\/v2\/media?parent=316026"}],"wp:term":[{"taxonomy":"category","embeddable":true,"href":"https:\/\/dimensionturistica.com\/es\/wp-json\/wp\/v2\/categories?post=316026"},{"taxonomy":"post_tag","embeddable":true,"href":"https:\/\/dimensionturistica.com\/es\/wp-json\/wp\/v2\/tags?post=316026"}],"curies":[{"name":"wp","href":"https:\/\/api.w.org\/{rel}","templated":true}]}}