{"id":316019,"date":"2022-05-12T19:29:11","date_gmt":"2022-05-12T19:29:11","guid":{"rendered":"https:\/\/dimensionturistica.com\/es\/?p=316019"},"modified":"2022-05-12T19:29:11","modified_gmt":"2022-05-12T19:29:11","slug":"no-hay-seguridad-alimentaria-sin-inocuidad-en-los-alimentos-sostiene-la-maestra-maria-de-la-concepcion-calvo-carrillo","status":"publish","type":"post","link":"https:\/\/dimensionturistica.com\/es\/no-hay-seguridad-alimentaria-sin-inocuidad-en-los-alimentos-sostiene-la-maestra-maria-de-la-concepcion-calvo-carrillo\/","title":{"rendered":"No hay seguridad alimentaria sin inocuidad en los alimentos, sostiene la Maestra Mar\u00eda de la Concepci\u00f3n Calvo Carrillo"},"content":{"rendered":"<p>La inocuidad de los alimentos es importante, desde su cultivo libre de plaguicidas, hasta en la cocina, durante la preparaci\u00f3n de alimentos (lavado y desinfecci\u00f3n), dice Mar\u00eda de la Concepci\u00f3n Calvo Carrillo, investigadora en Ciencias M\u00e9dicas y profesora en la Direcci\u00f3n de Educaci\u00f3n Continua de la Universidad del Claustro de Sor Juana.<br \/>\n\u201cTambi\u00e9n hay que aplicar las t\u00e9cnicas culinarias correctas durante el servicio, almacenamiento (de alimentos y platillos) y su recalentamiento. Todas estas acciones est\u00e1n incluidas en la NOM 251 que se asocia a las empresas que preparan y comercializan alimentos. Sin embargo, estas mismas acciones y cuidados deben aplicarse a nivel casero\u201d.<br \/>\nPara quien prepara alimentos y los vende, sin importar el tipo o nivel de<img decoding=\"async\" class=\"size-medium wp-image-316054 alignright\" src=\"https:\/\/dimensionturistica.com\/es\/wp-content\/uploads\/2022\/05\/ma_concepci-277x300.jpg\" alt=\"\" width=\"277\" height=\"300\" srcset=\"https:\/\/dimensionturistica.com\/es\/wp-content\/uploads\/2022\/05\/ma_concepci-277x300.jpg 277w, https:\/\/dimensionturistica.com\/es\/wp-content\/uploads\/2022\/05\/ma_concepci.jpg 500w\" sizes=\"(max-width: 277px) 100vw, 277px\" \/> comensales que se tengan, \u201cdeber\u00e1n de saber de estos procedimientos, porque no \u201chay seguridad alimentaria sin inocuidad en los alimentos\u201d.<br \/>\nLas enfermedades m\u00e1s frecuentes transmitidas por los alimentos, son: infecciones, intoxicaciones y toxiinfecciones, sobre todo por carga microbiana (pat\u00f3genos).<br \/>\nMar\u00eda de la Concepci\u00f3n Calvo Carrillo es Qu\u00edmica Farmac\u00e9utica Bi\u00f3loga, con una maestr\u00eda en Metodolog\u00eda de la Ciencia y maestr\u00eda en Educaci\u00f3n; es investigadora en Ciencias M\u00e9dicas.<br \/>\nSus l\u00edneas de investigaci\u00f3n son los nutrimentos y compuestos bioactivos en recursos vegetales, marinos y subproductos agroindustriales, susceptibles de ser empleados en la alimentaci\u00f3n animal y humana.<br \/>\n\u00bfQu\u00e9 tan prioritario es implementar en nuestra cotidianeidad esta seguridad en la ingesta de alimentos? Ella responde: \u201cEs muy importante la higiene en las actividades culinarias al nivel que sea. M\u00e1s ahorita que el riesgo de los virus se ha hecho muy evidente. Es importancia el uso del jab\u00f3n para las manos, superficies, accesorios, insumos, independientemente de que los alimentos sufran una cocci\u00f3n\u201d.<br \/>\nEn agosto de 2020, la Asamblea Mundial de la Salud aprob\u00f3 la resoluci\u00f3n WHA73.5 en la que se declaraba el D\u00eda Mundial de la Inocuidad de los Alimentos. Con ello, se \u201cbusc\u00f3 hacer conciencia sobre la importancia de mantener la inocuidad de alimentos a cualquier nivel, de tal forma que se logre prevenir las enfermedades transmitidas por alimentos (ETAS). El objetivo es aplicar estos lineamientos a cualquier escala: en la familia, la escuela, en las comunidades peque\u00f1as, grandes, etc. Se busca crear conciencia sobre la ruta segura de alimentos desde la producci\u00f3n, el procesado y consumo (cadena alimentaria).<br \/>\n&#8211;\u00bfQu\u00e9 papel tienen las NOM?<br \/>\n&#8211;Las normas tienen como finalidad reducir el riesgo de enfermedades por el consumo de alimentos potencialmente peligrosos; por ejemplo, los de origen animal, que son el gran veh\u00edculo de microorganismos pat\u00f3genos al humano. Se sigue mencionando que las diarreas son una de las causas de importancia de muertes en ni\u00f1os y \u00e9stas est\u00e1n relacionadas con alimentos con alta carga de pat\u00f3genos. Se previene y reduce con higiene y sanidad. Las normas mexicanas sobre todo la NOM 251 es obligatoria, lo importante es conocerla y aplicarla adecuadamente.<br \/>\nEn diciembre de 2018, la Asamblea General de las Naciones Unidas adopt\u00f3 la resoluci\u00f3n 73\/250, por la que se designa el 7 de junio D\u00eda Mundial de la Inocuidad de los Alimentos. Desde 2019, cada 7 de junio se celebran los innumerables beneficios de los alimentos inocuos.<\/p>\n","protected":false},"excerpt":{"rendered":"<p>La inocuidad de los alimentos es importante, desde su cultivo libre de plaguicidas, hasta en la cocina, durante la preparaci\u00f3n de alimentos (lavado y desinfecci\u00f3n), dice Mar\u00eda de la Concepci\u00f3n Calvo Carrillo, investigadora en Ciencias M\u00e9dicas y profesora en la Direcci\u00f3n de Educaci\u00f3n Continua de la Universidad del Claustro de Sor Juana. \u201cTambi\u00e9n hay que [&hellip;]<\/p>\n","protected":false},"author":1,"featured_media":316050,"comment_status":"open","ping_status":"closed","sticky":false,"template":"","format":"standard","meta":{"om_disable_all_campaigns":false,"jnews-multi-image_gallery":[],"jnews_single_post":{"source_name":"","source_url":"","via_name":"","via_url":"","override_template":"0","override":[{"template":"1","single_blog_custom":"","parallax":"1","fullscreen":"1","layout":"right-sidebar","sidebar":"default-sidebar","second_sidebar":"default-sidebar","sticky_sidebar":"1","share_position":"top","share_float_style":"share-monocrhome","show_share_counter":"1","show_view_counter":"1","show_featured":"1","show_post_meta":"1","show_post_author":"1","show_post_author_image":"1","show_post_date":"1","post_date_format":"default","post_date_format_custom":"Y\/m\/d","show_post_category":"1","show_post_reading_time":"0","post_reading_time_wpm":"300","show_zoom_button":"0","zoom_button_out_step":"2","zoom_button_in_step":"3","show_post_tag":"1","show_prev_next_post":"1","show_popup_post":"1","number_popup_post":"1","show_author_box":"0","show_post_related":"0","show_inline_post_related":"0"}],"override_image_size":"0","image_override":[{"single_post_thumbnail_size":"crop-500","single_post_gallery_size":"crop-500"}],"trending_post":"0","trending_post_position":"meta","trending_post_label":"Trending","sponsored_post":"0","sponsored_post_label":"Sponsored by","sponsored_post_name":"","sponsored_post_url":"","sponsored_post_logo_enable":"0","sponsored_post_logo":"","sponsored_post_desc":"","disable_ad":"0"},"jnews_primary_category":{"id":""},"jnews_social_meta":{"fb_title":"","fb_description":"","fb_image":"","twitter_title":"","twitter_description":"","twitter_image":""},"footnotes":""},"categories":[43],"tags":[],"class_list":["post-316019","post","type-post","status-publish","format-standard","has-post-thumbnail","hentry","category-gourmet"],"_links":{"self":[{"href":"https:\/\/dimensionturistica.com\/es\/wp-json\/wp\/v2\/posts\/316019","targetHints":{"allow":["GET"]}}],"collection":[{"href":"https:\/\/dimensionturistica.com\/es\/wp-json\/wp\/v2\/posts"}],"about":[{"href":"https:\/\/dimensionturistica.com\/es\/wp-json\/wp\/v2\/types\/post"}],"author":[{"embeddable":true,"href":"https:\/\/dimensionturistica.com\/es\/wp-json\/wp\/v2\/users\/1"}],"replies":[{"embeddable":true,"href":"https:\/\/dimensionturistica.com\/es\/wp-json\/wp\/v2\/comments?post=316019"}],"version-history":[{"count":0,"href":"https:\/\/dimensionturistica.com\/es\/wp-json\/wp\/v2\/posts\/316019\/revisions"}],"wp:featuredmedia":[{"embeddable":true,"href":"https:\/\/dimensionturistica.com\/es\/wp-json\/wp\/v2\/media\/316050"}],"wp:attachment":[{"href":"https:\/\/dimensionturistica.com\/es\/wp-json\/wp\/v2\/media?parent=316019"}],"wp:term":[{"taxonomy":"category","embeddable":true,"href":"https:\/\/dimensionturistica.com\/es\/wp-json\/wp\/v2\/categories?post=316019"},{"taxonomy":"post_tag","embeddable":true,"href":"https:\/\/dimensionturistica.com\/es\/wp-json\/wp\/v2\/tags?post=316019"}],"curies":[{"name":"wp","href":"https:\/\/api.w.org\/{rel}","templated":true}]}}