{"id":315965,"date":"2022-05-12T16:41:01","date_gmt":"2022-05-12T16:41:01","guid":{"rendered":"https:\/\/dimensionturistica.com\/es\/?p=315965"},"modified":"2022-05-12T16:41:01","modified_gmt":"2022-05-12T16:41:01","slug":"plataformas-de-transporte-recomiendan-uso-de-mascarilla-en-viajes","status":"publish","type":"post","link":"https:\/\/dimensionturistica.com\/es\/plataformas-de-transporte-recomiendan-uso-de-mascarilla-en-viajes\/","title":{"rendered":"Plataformas de transporte recomiendan uso de mascarilla en viajes"},"content":{"rendered":"<p> <br \/>\n<\/p>\n<div>\n<div id=\"attachment_1318449\" style=\"width: 310px\" class=\"wp-caption alignleft\"><a rel=\"nofollow noopener\" target=\"_blank\" href=\"https:\/\/www.crhoy.com\/wp-content\/uploads\/2020\/07\/Mascarillas.jpg\"><img decoding=\"async\" class=\"size-medium wp-image-1318449\" src=\"https:\/\/www.crhoy.com\/wp-content\/uploads\/2020\/07\/Mascarillas-300x200.jpg\" alt=\"\" width=\"300\" height=\"200\" srcset=\"https:\/\/www.crhoy.com\/wp-content\/uploads\/2020\/07\/Mascarillas-300x200.jpg 300w, https:\/\/www.crhoy.com\/wp-content\/uploads\/2020\/07\/Mascarillas.jpg 680w\" \/><\/a><\/p>\n<p class=\"wp-caption-text\">Foto con fines ilustrativos.<\/p>\n<\/div>\n<p>(CRHoy.com) Tras la publicaci\u00f3n del decreto que elimina el uso obligatorio de la mascarilla, las empresas de transporte privado como Uber y Didi recomiendan a socios y usuarios <strong>seguirse cuidando durante los viajes.<\/strong><\/p>\n<p>\u201cInvitamos a la comunidad a que contin\u00fae haciendo lo que lo haga sentir m\u00e1s seguro, entendiendo que el uso de la mascarilla sigue siendo una de las mejores formas de protegerse contra la transmisi\u00f3n del COVID-19\u201d, inform\u00f3 Uber.<\/p>\n<p>En un correo electr\u00f3nico enviado a sus clientes, indicaron que la mascarilla seguir\u00e1 siendo opcional al utilizar la aplicaci\u00f3n.<\/p>\n<p>\u201cGracias por hacer lo correcto por nuestra comunidad,<strong> ya sea usando la mascarilla o manteniendo la distancia<\/strong>\u201c, a\u00f1ade el mensaje.<\/p>\n<p>Tambi\u00e9n pidieron a los clientes mantener las precauciones al viajar, como <strong>desinfectar las manos antes y despu\u00e9s de un viaje y siempre cubrirse al toser o estornudar.<\/strong><\/p>\n<p>\u201cDebido a la rapidez de estos cambios, apreciamos la paciencia mientras trabajamos en eliminar de la aplicaci\u00f3n todo mensaje y tecnolog\u00eda relacionado al uso de mascarillas y COVID-19\u201d, apuntaron.<\/p>\n<p>Por su parte, Carlos Contreras, director regional de Comunicaci\u00f3n de DiDi dijo que<strong> buscan promover un entorno seguro<\/strong> para todos los involucrados.<\/p>\n<p>\u201cOptamos por realizar campa\u00f1as educativas y pedag\u00f3gicas en donde de manera general a trav\u00e9s de la app se le recuerda a los usuarios la importancia de ejercer h\u00e1bitos que resguarden la salud p\u00fablica\u201d, se\u00f1al\u00f3.<\/p>\n<p>Desde este mi\u00e9rcoles 11 de mayo el uso de mascarilla <strong>solo es obligatorio para private de salud y usuarios de centros m\u00e9dicos en todo el pa\u00eds.<\/strong> Sin embargo, las autoridades, la ministra de Salud y los m\u00e9dicos recomiendan a la poblaci\u00f3n seguir utiliz\u00e1ndola.<\/p>\n<\/div>\n\n<p><em> &#8221; Fuentes www.crhoy.com &#8221; <\/em><\/p>\n","protected":false},"excerpt":{"rendered":"<p>Foto con fines ilustrativos. (CRHoy.com) Tras la publicaci\u00f3n del decreto que elimina el uso obligatorio de la mascarilla, las empresas de transporte privado como Uber y Didi recomiendan a socios y usuarios seguirse cuidando durante los viajes. \u201cInvitamos a la comunidad a que contin\u00fae haciendo lo que lo haga sentir m\u00e1s seguro, entendiendo que el [&hellip;]<\/p>\n","protected":false},"author":4,"featured_media":315966,"comment_status":"open","ping_status":"closed","sticky":false,"template":"","format":"standard","meta":{"om_disable_all_campaigns":false,"jnews-multi-image_gallery":[],"jnews_single_post":[],"jnews_primary_category":[],"jnews_social_meta":[],"footnotes":""},"categories":[39],"tags":[1081,44695,44693,44694,3588,3587,1197,706,2144],"class_list":["post-315965","post","type-post","status-publish","format-standard","has-post-thumbnail","hentry","category-viajes","tag-costa-rica","tag-hackeo-ministerio-hacienda","tag-lo-que-pasa-cuando-pasa","tag-noticias-24-7","tag-noticias-internacionales","tag-noticias-nacionales","tag-periodico-digital","tag-ultima-hora","tag-ultimas-noticias"],"_links":{"self":[{"href":"https:\/\/dimensionturistica.com\/es\/wp-json\/wp\/v2\/posts\/315965","targetHints":{"allow":["GET"]}}],"collection":[{"href":"https:\/\/dimensionturistica.com\/es\/wp-json\/wp\/v2\/posts"}],"about":[{"href":"https:\/\/dimensionturistica.com\/es\/wp-json\/wp\/v2\/types\/post"}],"author":[{"embeddable":true,"href":"https:\/\/dimensionturistica.com\/es\/wp-json\/wp\/v2\/users\/4"}],"replies":[{"embeddable":true,"href":"https:\/\/dimensionturistica.com\/es\/wp-json\/wp\/v2\/comments?post=315965"}],"version-history":[{"count":0,"href":"https:\/\/dimensionturistica.com\/es\/wp-json\/wp\/v2\/posts\/315965\/revisions"}],"wp:featuredmedia":[{"embeddable":true,"href":"https:\/\/dimensionturistica.com\/es\/wp-json\/wp\/v2\/media\/315966"}],"wp:attachment":[{"href":"https:\/\/dimensionturistica.com\/es\/wp-json\/wp\/v2\/media?parent=315965"}],"wp:term":[{"taxonomy":"category","embeddable":true,"href":"https:\/\/dimensionturistica.com\/es\/wp-json\/wp\/v2\/categories?post=315965"},{"taxonomy":"post_tag","embeddable":true,"href":"https:\/\/dimensionturistica.com\/es\/wp-json\/wp\/v2\/tags?post=315965"}],"curies":[{"name":"wp","href":"https:\/\/api.w.org\/{rel}","templated":true}]}}