{"id":315196,"date":"2022-05-11T01:46:22","date_gmt":"2022-05-11T01:46:22","guid":{"rendered":"https:\/\/dimensionturistica.com\/es\/?p=315196"},"modified":"2022-05-11T01:46:23","modified_gmt":"2022-05-11T01:46:23","slug":"los-viajes-de-negocios-calientan-el-planeta-y-las-empresas-no-hacen-nada-para-resolverlo-crisis-climatica","status":"publish","type":"post","link":"https:\/\/dimensionturistica.com\/es\/los-viajes-de-negocios-calientan-el-planeta-y-las-empresas-no-hacen-nada-para-resolverlo-crisis-climatica\/","title":{"rendered":"Los viajes de negocios calientan el planeta y las empresas no hacen nada para resolverlo | Crisis clim\u00e1tica"},"content":{"rendered":"<p> <br \/>\n<\/p>\n<div>\n<p>La restricci\u00f3n y limitaci\u00f3n de las emisiones de CO2 del transporte a\u00e9reo es uno de los grandes retos del siglo XXI. Los aviones, con pocas posibilidades de electrificarse, representan una porci\u00f3n importante de los gases de efecto invernadero que se vierten a la atm\u00f3sfera. La <b>Agencia Europea de Medio Ambiente<\/b> estima que el 3% del di\u00f3xido de carbono que contribuye al calentamiento del planeta proviene de la combusti\u00f3n del flamable en los motores de los aeroplanos, que adem\u00e1s emiten otras sustancias perjudiciales para el clima como el metano o el ozono. Ese porcentaje podr\u00eda ascender hasta el 5,8%, seg\u00fan los datos manejados por la Comisi\u00f3n Europea, y del 8%, seg\u00fan colectivos ecologistas.<\/p>\n<p>Reducir ese porcentaje a cero es una tarea complicada y sin apenas explorar. Francia, por ejemplo, plantea prohibir los vuelos en distancias cortas para llevar los viajes a otras modalidades de transporte menos nocivas, como el tren. Las organizaciones sociales, por su parte, ponen el foco en el sector empresarial y su papel para rebajar la huella de carbono de la aviaci\u00f3n comercial: los viajes de negocios. El peso ambiental de este tipo de trayectos representa, seg\u00fan los datos de <b>Transport&amp;Atmosphere (T&amp;E)<\/b>, en torno al 30% del CO2 que los aviones emiten a la atm\u00f3sfera en Europa. <\/p>\n<blockquote><p>En torno al 30% de los viajes en avi\u00f3n tienen que ver con negocios<\/p><\/blockquote>\n<p>&#8220;Los vuelos de negocios representan un porcentaje muy interesante del total de vuelos que se producen. A diferencia de los viajes de ocio, que se sit\u00faan en un \u00e1mbito mucho m\u00e1s subjetivo y dif\u00edcil de regular, este tipo de vuelos tienen un potencial muy amplio en cuanto a limitaci\u00f3n y reducci\u00f3n&#8221;, opina Pablo Mu\u00f1oz, portavoz de Ecologistas en Acci\u00f3n.<\/p>\n<p>En paralelo a la actividad de los parlamentos y a las presiones de la sociedad civil, las empresas trabajan y crean sus propias hojas de ruta para reducir el impacto ambiental de sus actividades. Por ejemplo, en la Cumbre del Clima de Glasgow (COP26) 400 entidades bancarias firmaron un acuerdo para reducir sus emisiones a mediados de siglo y movilizar 112 billones de d\u00f3lares a la descarbonizaci\u00f3n de sus inversiones. Otras compa\u00f1\u00edas trabajan para implementar paulatinamente energ\u00edas renovables en sus plantas y rebajar el CO2 de sus ciclos de producci\u00f3n. Sin embargo, todos estas promesas \u2013que adem\u00e1s no son vinculantes\u2013 tienden a olvidar el impacto del transporte en las cadenas de valor. <\/p>\n<p>As\u00ed lo demuestran los datos de T&amp;E que recogen los compromisos empresariales de 230 grandes compa\u00f1\u00edas del planeta. De estas 193 no contemplan actuaciones para reducir los vuelos de negocios o lo hacen de una manera tibia y s\u00f3lo el 8% plantea soluciones. En la lista, basada en los datos oficiales de las propias multinacionales, aparecen los nombres de doce empresas espa\u00f1olas: Mapfre, Telef\u00f3nica, Repsol, Naturgy Vitality Group, Indra, Inditex, Iberdrola, CaixaBank, BBVA, Banco Santander, ACS Group, Skunkfunk. Ninguna de ellas presentan compromisos ni horizontes para reducir las emisiones ligadas a los viajes de negocios. <\/p>\n<blockquote><p>S\u00f3lo el 8% de las 230 grandes empresas del mundo tiene objetivos para reducir los viajes de negocios en avi\u00f3n<\/p><\/blockquote>\n<p>En whole, las doce compa\u00f1\u00edas espa\u00f1olas suman 216.852 toneladas de CO2 al a\u00f1o, datos de 2019 previos al estallido de la pandemia. Esta cifra equivaldr\u00eda a las emisiones totales de 246 aviones en un trayecto transoce\u00e1nico de Madrid a Nueva York, seg\u00fan los c\u00e1lculos realizados con la calculadora <a rel=\"nofollow noopener\" target=\"_blank\" href=\"https:\/\/www.atmosfair.de\/de\/ueber_uns\/wir_ueber_uns\/#analytics-noticia:contenido-enlace\">Atmosfair<\/a>. Para poner en contexto, cada pasajero carga en uno de estos vuelos una media de 2,9 kg de CO2, una cifra elevada si se tienen en cuenta que los c\u00e1lculos del IPCC hablaban en 2018 de un presupuesto mundial de 420.000 millones de toneladas de CO2 hasta 2050 para conseguir mantener el calentamiento del planeta por debajo del 1,5\u00baC. Si se dividen esas emisiones entre el promedio de poblaci\u00f3n world, 8,8 mil millones de personas, cada individuo deber\u00eda emitir una media de 1,500 kg de CO2 al a\u00f1o.<\/p>\n<p>&#8220;Desde el punto de vista de la eficiencia del trabajo, ya hemos visto con la covid-19 que hay un margen para reducir los vuelos que no eran necesarios. Entendemos que conlleva ventajas a nivel ambiental, porque se reducir\u00e1n mucho las emisiones, pero tambi\u00e9n para las empresas, que podr\u00e1n ahorrar costes, y realizar reuniones por v\u00eda telem\u00e1tica. Adem\u00e1s las plantillas de trabajadores se ver\u00e1n beneficiadas, ya que viajar\u00e1n menos y tendr\u00e1n una mayor capacidad para conciliar&#8221;, expone Mu\u00f1oz, cuya organizaci\u00f3n se integra dentro de la campa\u00f1a de T&amp;E.<\/p>\n<p>Luc\u00eda Rua, responsable de Aviaci\u00f3n de la organizaci\u00f3n <b>ECODES<\/b>, que tambi\u00e9n participa en la campa\u00f1a de T&amp;E, reclama que las compa\u00f1\u00edas asuman el compromiso de reducir un 50% de sus viajes de empresa de aqu\u00ed a 2030 y tiende su mano para &#8220;apoyar&#8221; en la elaboraci\u00f3n de protocolos que contribuyan a recortar las emisiones asociadas a esta modalidad de transporte. &#8220;Se puede optar por reuniones telem\u00e1ticas y en muchas otras ocasiones encontrar otras formas de desplazamiento que no tengan un impacto tan alto&#8221;, indica. Ese porcentaje de reducci\u00f3n de los viajes corporativos supondr\u00eda eliminar anualmente 32.600 toneladas de CO2 ligadas al sector, seg\u00fan T&amp;E.<\/p>\n<\/div>\n\n<p><em> &#8221; Fuentes www.pagina12.com.ar &#8221; <\/em><\/p>\n","protected":false},"excerpt":{"rendered":"<p>La restricci\u00f3n y limitaci\u00f3n de las emisiones de CO2 del transporte a\u00e9reo es uno de los grandes retos del siglo XXI. Los aviones, con pocas posibilidades de electrificarse, representan una porci\u00f3n importante de los gases de efecto invernadero que se vierten a la atm\u00f3sfera. La Agencia Europea de Medio Ambiente estima que el 3% del [&hellip;]<\/p>\n","protected":false},"author":4,"featured_media":315197,"comment_status":"open","ping_status":"closed","sticky":false,"template":"","format":"standard","meta":{"om_disable_all_campaigns":false,"jnews-multi-image_gallery":[],"jnews_single_post":[],"jnews_primary_category":[],"jnews_social_meta":[],"footnotes":""},"categories":[39],"tags":[1520],"class_list":["post-315196","post","type-post","status-publish","format-standard","has-post-thumbnail","hentry","category-viajes","tag-publico"],"_links":{"self":[{"href":"https:\/\/dimensionturistica.com\/es\/wp-json\/wp\/v2\/posts\/315196","targetHints":{"allow":["GET"]}}],"collection":[{"href":"https:\/\/dimensionturistica.com\/es\/wp-json\/wp\/v2\/posts"}],"about":[{"href":"https:\/\/dimensionturistica.com\/es\/wp-json\/wp\/v2\/types\/post"}],"author":[{"embeddable":true,"href":"https:\/\/dimensionturistica.com\/es\/wp-json\/wp\/v2\/users\/4"}],"replies":[{"embeddable":true,"href":"https:\/\/dimensionturistica.com\/es\/wp-json\/wp\/v2\/comments?post=315196"}],"version-history":[{"count":0,"href":"https:\/\/dimensionturistica.com\/es\/wp-json\/wp\/v2\/posts\/315196\/revisions"}],"wp:featuredmedia":[{"embeddable":true,"href":"https:\/\/dimensionturistica.com\/es\/wp-json\/wp\/v2\/media\/315197"}],"wp:attachment":[{"href":"https:\/\/dimensionturistica.com\/es\/wp-json\/wp\/v2\/media?parent=315196"}],"wp:term":[{"taxonomy":"category","embeddable":true,"href":"https:\/\/dimensionturistica.com\/es\/wp-json\/wp\/v2\/categories?post=315196"},{"taxonomy":"post_tag","embeddable":true,"href":"https:\/\/dimensionturistica.com\/es\/wp-json\/wp\/v2\/tags?post=315196"}],"curies":[{"name":"wp","href":"https:\/\/api.w.org\/{rel}","templated":true}]}}