{"id":315027,"date":"2022-05-10T19:48:51","date_gmt":"2022-05-10T19:48:51","guid":{"rendered":"https:\/\/dimensionturistica.com\/es\/?p=315027"},"modified":"2022-05-10T19:48:52","modified_gmt":"2022-05-10T19:48:52","slug":"que-se-necesita-para-viajar-tras-el-cambio-de-fase","status":"publish","type":"post","link":"https:\/\/dimensionturistica.com\/es\/que-se-necesita-para-viajar-tras-el-cambio-de-fase\/","title":{"rendered":"\u00bfQu\u00e9 se necesita para viajar tras el cambio de fase?"},"content":{"rendered":"<p> <br \/>\n<\/p>\n<div>\n<p>Tras el <a rel=\"nofollow noopener\" target=\"_blank\" href=\"https:\/\/www.infinita.cl\/noticias\/2022\/05\/10\/paso-a-paso-rm-medio-impacto-sanitario.html\">anuncio<\/a> del Ministerio de Salud durante la jornada de este martes, varias son las interrogantes que se instalan sobre la fase de Medio Impacto Sanitario.<\/p>\n<p>Por medio del subsecretario de Salud P\u00fablica, Crist\u00f3bal Cuadrado, se inform\u00f3 de que todas las comunas de la Regi\u00f3n Metropolitana van a sufrir un retroceso de fase en el Plan Paso a Paso hacia la<strong>\u00a0fase de medio impacto sanitario.<\/strong>\u00a0Esto ocurrir\u00e1\u00a0partir del jueves 12 de mayo a las 05:00 de la madrugada.<\/p>\n<p>Ante esto, los aforos en los eventos masivos son el principal cambio tras la modificaci\u00f3n en la fase del Plan Paso a Paso. Estos pasar\u00e1n a tener como m\u00e1ximo 10.000 personas, siempre que el espacio del recinto permita la distancia f\u00edsica. La exigencia del Pase de Movilidad y el uso de mascarilla se mantienen iguales que en la\u00a0<strong>Fase de Bajo Impacto Sanitario.<\/strong><\/p>\n<p>Es decir, los eventos con gran cantidad de personas tendr\u00e1n un\u00a0<strong>aforo m\u00e1ximo de hasta 10 mil personas<\/strong>, siempre que el espacio del recinto permita la distancia f\u00edsica.\u00a0Adem\u00e1s, en estos casos<strong>\u00a0se mantiene la exigencia de\u00a0<a rel=\"nofollow noopener\" target=\"_blank\" href=\"https:\/\/mevacuno.gob.cl\/\">Pase de Movilidad<\/a>\u00a0y uso de mascarilla.\u00a0<\/strong><\/p>\n<h2><span style=\"text-decoration: underline\"><strong>\u00bfQu\u00e9 pasa con los viajes?<\/strong><\/span><\/h2>\n<p>Actualmente las fases de Plan Paso a Paso no tienen efecto directo en la realizaci\u00f3n de viajes fuera y dentro del pa\u00eds. El Plan de Fronteras Protegidas es el que rige los viajes, y desde el 1 de abril, nos encontramos en la fase de Alerta Nivel 1, que exige las siguientes restricciones:<\/p>\n<p><em><strong>Alerta Nivel 1<\/strong><\/em>:<\/p>\n<ul>\n<li>No contempla restricci\u00f3n de viajes.<\/li>\n<li>Casos confirmados deber\u00e1n aislarse de acuerdo a la normativa sanitaria basic (domicilio declarado en C19 o Residencia Sanitaria).<\/li>\n<li>Para casos o contactos habr\u00e1 seguimiento.<\/li>\n<li>C19 obligatorio.<\/li>\n<li>El check diagn\u00f3stico antes de viajar es recomendado.<\/li>\n<li>Homologaci\u00f3n de vacunas es voluntaria para viajeros no residentes. Quienes no lo hagan no acceder\u00e1n al Pase de Movilidad.<\/li>\n<li>Contar con un seguro de salud que cubra COVID-19 es obligatorio para no residentes.<\/li>\n<li>El testeo al llegar ser\u00e1 aleatorio.<\/li>\n<li>Se har\u00e1 vigilancia gen\u00f3mica en base a todas las muestras positivas de PCR de viajeros de los \u00faltimos 14 d\u00edas o contactos estrechos.<\/li>\n<\/ul><\/div>\n<p>            !operate(f,b,e,v,n,t,s)<br \/>\n                    {if(f.fbq)return;n=f.fbq=operate(){n.callMethod?<br \/>\n                    n.callMethod.apply(n,arguments):n.queue.push(arguments)};<br \/>\n                    if(!f._fbq)f._fbq=n;n.push=n;n.loaded=!0;n.model=&#8217;2.0&#8242;;<br \/>\n                    n.queue=[];t=b.createElement(e);t.async=!0;<br \/>\n                    t.src=v;s=b.getElementsByTagName(e)[0];<br \/>\n                    s.parentNode.insertBefore(t,s)}(window,doc,&#8217;script&#8217;,<br \/>\n                &#8216;https:\/\/join.fb.web\/en_US\/fbevents.js&#8217;);<br \/>\n            fbq(&#8216;init&#8217;, &#8216;1134463623369160&#8217;);<br \/>\n            fbq(&#8216;monitor&#8217;, &#8216;PageView&#8217;);<\/p>\n\n<p><em> &#8221; Fuentes www.infinita.cl &#8221; <\/em><\/p>\n","protected":false},"excerpt":{"rendered":"<p>Tras el anuncio del Ministerio de Salud durante la jornada de este martes, varias son las interrogantes que se instalan sobre la fase de Medio Impacto Sanitario. Por medio del subsecretario de Salud P\u00fablica, Crist\u00f3bal Cuadrado, se inform\u00f3 de que todas las comunas de la Regi\u00f3n Metropolitana van a sufrir un retroceso de fase en [&hellip;]<\/p>\n","protected":false},"author":4,"featured_media":315028,"comment_status":"open","ping_status":"closed","sticky":false,"template":"","format":"standard","meta":{"om_disable_all_campaigns":false,"jnews-multi-image_gallery":[],"jnews_single_post":[],"jnews_primary_category":[],"jnews_social_meta":[],"footnotes":""},"categories":[39],"tags":[1356,45461,545],"class_list":["post-315027","post","type-post","status-publish","format-standard","has-post-thumbnail","hentry","category-viajes","tag-covid","tag-medio-impacto-sanitario","tag-viajes"],"_links":{"self":[{"href":"https:\/\/dimensionturistica.com\/es\/wp-json\/wp\/v2\/posts\/315027","targetHints":{"allow":["GET"]}}],"collection":[{"href":"https:\/\/dimensionturistica.com\/es\/wp-json\/wp\/v2\/posts"}],"about":[{"href":"https:\/\/dimensionturistica.com\/es\/wp-json\/wp\/v2\/types\/post"}],"author":[{"embeddable":true,"href":"https:\/\/dimensionturistica.com\/es\/wp-json\/wp\/v2\/users\/4"}],"replies":[{"embeddable":true,"href":"https:\/\/dimensionturistica.com\/es\/wp-json\/wp\/v2\/comments?post=315027"}],"version-history":[{"count":0,"href":"https:\/\/dimensionturistica.com\/es\/wp-json\/wp\/v2\/posts\/315027\/revisions"}],"wp:featuredmedia":[{"embeddable":true,"href":"https:\/\/dimensionturistica.com\/es\/wp-json\/wp\/v2\/media\/315028"}],"wp:attachment":[{"href":"https:\/\/dimensionturistica.com\/es\/wp-json\/wp\/v2\/media?parent=315027"}],"wp:term":[{"taxonomy":"category","embeddable":true,"href":"https:\/\/dimensionturistica.com\/es\/wp-json\/wp\/v2\/categories?post=315027"},{"taxonomy":"post_tag","embeddable":true,"href":"https:\/\/dimensionturistica.com\/es\/wp-json\/wp\/v2\/tags?post=315027"}],"curies":[{"name":"wp","href":"https:\/\/api.w.org\/{rel}","templated":true}]}}