{"id":314653,"date":"2022-05-10T02:35:56","date_gmt":"2022-05-10T02:35:56","guid":{"rendered":"https:\/\/dimensionturistica.com\/es\/?p=314653"},"modified":"2022-05-10T02:35:57","modified_gmt":"2022-05-10T02:35:57","slug":"participantes-del-les-entreprises-du-voyage-encantados-con-rd","status":"publish","type":"post","link":"https:\/\/dimensionturistica.com\/es\/participantes-del-les-entreprises-du-voyage-encantados-con-rd\/","title":{"rendered":"Participantes del Les Entreprises du Voyage encantados con RD"},"content":{"rendered":"<p> <br \/>\n<\/p>\n<div><img decoding=\"async\" src=\"https:\/\/acentos3.s3.us-east-2.amazonaws.com\/resources\/img\/_blank.gif\" data-imgresponsive=\"\" data-desktop=\"https:\/\/acentos3.s3.us-east-2.amazonaws.com\/media\/storage02\/uploads\/2022\/05\/dsc_4210-728x410.webp\" data-mobile=\"https:\/\/acentos3.s3.us-east-2.amazonaws.com\/media\/storage02\/uploads\/2022\/05\/dsc_4210-400x225.webp\" \/><\/p>\n<p>Participantes en el congreso <strong>Les Entreprises du Voyage<\/strong>, manifestaron su satisfacci\u00f3n por los encantos y diversidad de la oferta tur\u00edstica de Rep\u00fablica Dominicana.<\/p>\n<p>El c\u00f3nclave, donde se reunieron m\u00e1s de 400 representantes de la industria tur\u00edstica francesa; entre turoperadores, agentes de viajes, l\u00edneas a\u00e9reas, periodistas, agencias de seguros, agencias MICE, entre otros, se llev\u00f3 a cabo en B\u00e1varo, al este del pa\u00eds.<\/p>\n<p><strong>Jean-Pierre MAS<\/strong>, presidente <strong>Entreprides du Voyage<\/strong>, agradeci\u00f3 al ministro <strong>David Collado<\/strong> por la disposici\u00f3n y facilidades para que el congreso se realizara en Rep\u00fablica Dominicana, al tiempo de felicitarlo por ser el primer pa\u00eds en la recuperaci\u00f3n de la industria <strong>post-COVID.<\/strong><\/p>\n<p>\u201cQuiero agradecer su acogida en Rep\u00fablica Dominicana, estamos encantados en este pa\u00eds, el sol, el mar, y cada una de sus ofertas, pero, sobre todo, alegr\u00eda de la poblaci\u00f3n\u201d, expres\u00f3.<\/p>\n<p>Manifest\u00f3 que Quisqueya fue el primer pa\u00eds de larga distancia en recibir al franc\u00e9s luego de la <strong>pandemia<\/strong>, y que es uno de los 5 primeros destinos de los franceses para vacacionar.<\/p>\n<p><img decoding=\"async\" loading=\"lazy\" alt=\" Jean-Pierre MAS, presidente Entreprides du Voyage\" src=\"https:\/\/acentos3.s3.us-east-2.amazonaws.com\/media\/storage02\/uploads\/2022\/05\/dsc_3844-full-728x410.webp\" width=\"1620\" height=\"1080\" \/><figcaption>Jean-Pierre MAS, presidente Entreprides du Voyage<\/figcaption><p>Se recuerda que el ministro Collado estuvo presente durante la realizaci\u00f3n del evento, donde agradeci\u00f3 a los representantes tur\u00edsticos franc\u00e9s la escogencia de Rep\u00fablica Dominicana para realizar el congreso y por ser Quisqueya su destino favorito de larga distancia, recibiendo en el mes de abril de este a\u00f1o 24,839 franceses, 1,500 m\u00e1s que en 2019.<\/p>\n<p>Mercedes Castillo, directora de la Oficina de Promoci\u00f3n Tur\u00edstica (<strong>OPT<\/strong>) en Francia, dijo que la realizaci\u00f3n de este congreso, donde se reunieron los ejecutivos de m\u00e1s alto nivel de las empresas tur\u00edsticas franc\u00e9s, es de gran importancia para Rep\u00fablica Dominicana, ya que es el tercer mercado emisor en la llegada de turistas al pa\u00eds.<\/p>\n<p>\u201cPara estas empresas estar aqu\u00ed, es importante, porque para ellos Quisqueya representa el primer destino de larga distancia en Francia y en ventas, como lo es tambi\u00e9n, para todo el sector tur\u00edstico dominicano (hoteleros, productores, artesanos, empresas de excursiones, etc.)\u201d, indic\u00f3 Castillo.<\/p>\n<p>Los franceses durante su intervenci\u00f3n en el congreso agotaron una amplia agenda, donde aparte de sus rondas de negocios, conocieron las ofertas tur\u00edsticas con la que cuenta el pa\u00eds, participaron en Workshop, adem\u00e1s de B\u00e1varo, visitaron La Isla Saona, Miches, la Ciudad Colonial de Santo Domingo.<\/p>\n<p>Entre las empresas participantes estaban Airfrance, Air Caraibes, Iftm- High Resa, Avis, Corsair, Practice Air, Presence help tourisme, Voyages Loisiris Etudes, entre otras<\/p>\n<\/div>\n\n<p><em> &#8221; Fuentes acento.com.do &#8221; <\/em><\/p>\n","protected":false},"excerpt":{"rendered":"<p>Participantes en el congreso Les Entreprises du Voyage, manifestaron su satisfacci\u00f3n por los encantos y diversidad de la oferta tur\u00edstica de Rep\u00fablica Dominicana. El c\u00f3nclave, donde se reunieron m\u00e1s de 400 representantes de la industria tur\u00edstica francesa; entre turoperadores, agentes de viajes, l\u00edneas a\u00e9reas, periodistas, agencias de seguros, agencias MICE, entre otros, se llev\u00f3 a [&hellip;]<\/p>\n","protected":false},"author":4,"featured_media":314654,"comment_status":"open","ping_status":"closed","sticky":false,"template":"","format":"standard","meta":{"om_disable_all_campaigns":false,"jnews-multi-image_gallery":[],"jnews_single_post":[],"jnews_primary_category":[],"jnews_social_meta":[],"footnotes":""},"categories":[40],"tags":[45429,544],"class_list":["post-314653","post","type-post","status-publish","format-standard","has-post-thumbnail","hentry","category-industria","tag-les-entreprises-du-voyage","tag-turismo"],"_links":{"self":[{"href":"https:\/\/dimensionturistica.com\/es\/wp-json\/wp\/v2\/posts\/314653","targetHints":{"allow":["GET"]}}],"collection":[{"href":"https:\/\/dimensionturistica.com\/es\/wp-json\/wp\/v2\/posts"}],"about":[{"href":"https:\/\/dimensionturistica.com\/es\/wp-json\/wp\/v2\/types\/post"}],"author":[{"embeddable":true,"href":"https:\/\/dimensionturistica.com\/es\/wp-json\/wp\/v2\/users\/4"}],"replies":[{"embeddable":true,"href":"https:\/\/dimensionturistica.com\/es\/wp-json\/wp\/v2\/comments?post=314653"}],"version-history":[{"count":0,"href":"https:\/\/dimensionturistica.com\/es\/wp-json\/wp\/v2\/posts\/314653\/revisions"}],"wp:featuredmedia":[{"embeddable":true,"href":"https:\/\/dimensionturistica.com\/es\/wp-json\/wp\/v2\/media\/314654"}],"wp:attachment":[{"href":"https:\/\/dimensionturistica.com\/es\/wp-json\/wp\/v2\/media?parent=314653"}],"wp:term":[{"taxonomy":"category","embeddable":true,"href":"https:\/\/dimensionturistica.com\/es\/wp-json\/wp\/v2\/categories?post=314653"},{"taxonomy":"post_tag","embeddable":true,"href":"https:\/\/dimensionturistica.com\/es\/wp-json\/wp\/v2\/tags?post=314653"}],"curies":[{"name":"wp","href":"https:\/\/api.w.org\/{rel}","templated":true}]}}