{"id":313765,"date":"2022-05-07T22:32:40","date_gmt":"2022-05-07T22:32:40","guid":{"rendered":"https:\/\/dimensionturistica.com\/es\/?p=313765"},"modified":"2022-05-07T22:32:41","modified_gmt":"2022-05-07T22:32:41","slug":"compania-mexicana-aeromar-incrementara-sus-vuelos-a-cuba-escambray","status":"publish","type":"post","link":"https:\/\/dimensionturistica.com\/es\/compania-mexicana-aeromar-incrementara-sus-vuelos-a-cuba-escambray\/","title":{"rendered":"Compa\u00f1\u00eda mexicana Aeromar incrementar\u00e1 sus vuelos a Cuba \u2013 Escambray"},"content":{"rendered":"<p> <br \/>\n<\/p>\n<div id=\"article-summary\">\n<p>Aeromar sumar\u00e1 la ruta que conecta a Varadero con Canc\u00fan<\/p>\n<\/p><\/div>\n<p>La ruta Canc\u00fan- Varadero tendr\u00e1 actividad mi\u00e9rcoles y domingo con una tarifa de introducci\u00f3n de 199 d\u00f3lares (USD). (Foto: Web)<\/p>\n<div>\n<section id=\"related_posts\">&#013;<br \/>\n&#013;<br \/>\n&#013;<br \/>\n<\/section>\n<p>Desde el primero de junio pr\u00f3ximo, la\u00a0compa\u00f1\u00eda mexicana Aeromar\u00a0incrementar\u00e1 sus vuelos a Cuba y sumar\u00e1 la ruta que conecta a Varadero con Canc\u00fan.<\/p>\n<p>De acuerdo con una nota de prensa difundida en el \u00e1mbito de la\u00a0XL Feria Internacional de Turismo, FITCuba 2022, el aumento de operaciones forma parte del compromiso asumido con las conexiones entre la naci\u00f3n azteca y el archipi\u00e9lago caribe\u00f1o.<\/p>\n<p>La ruta Canc\u00fan- Varadero tendr\u00e1 actividad mi\u00e9rcoles y domingo con una tarifa de introducci\u00f3n de 199 d\u00f3lares (USD), precis\u00f3 el comunicado.<\/p>\n<p>En cambio, la ya existente Canc\u00fan-La Habana aumentar\u00e1 su frecuencia los lunes, martes, mi\u00e9rcoles y domingo con aviones con capacidad para 72 asientos, por lo que la expectativa es transportar m\u00e1s de tres mil pasajeros mensualmente, indicaron.<\/p>\n<p>Seg\u00fan la comunicaci\u00f3n, los boletos est\u00e1n a la venta desde el lunes pasado a trav\u00e9s de <a rel=\"nofollow noopener\" target=\"_blank\" href=\"http:\/\/www.aeromar.mx\">www.aeromar.mx<\/a>, globalizadores y agentes de viajes.<\/p>\n<p>Aeromar anunci\u00f3 que los vuelos contar\u00e1n con rigurosos protocolos sanitarios para la protecci\u00f3n de los pasajeros, y entre las medidas previstas est\u00e1n el uso obligatorio de la mascarilla y la higienizaci\u00f3n de los espacios comunes.<\/p>\n<p>Con m\u00e1s de 34 a\u00f1os de labor, la compa\u00f1ia actualmente vuela a 20 destinos en M\u00e9xico y cinco internacionales.<\/p>\n<p>La edici\u00f3n XL de FitCuba se celebra hasta el s\u00e1bado con connotaci\u00f3n especial, pues la naci\u00f3n antillana busca reactivar el sector conocido como la locomotora de la econom\u00eda, tras dos a\u00f1os de obligada parada por las restricciones de la covid.<\/p>\n<p>El evento se prestigia con la participaci\u00f3n de delegaciones encabezadas por los titulares de turismo de M\u00e9xico, Venezuela y Argentina.<\/p>\n<p><span style=\"clear:both\"><img decoding=\"async\" src=\"http:\/\/www.escambray.cu\/wp-content\/plugins\/wp-spamfree\/img\/wpsf-img.php\" width=\"0\" height=\"0\" alt=\"\" style=\"border-style:none;width:0px;height:0px\" \/><\/span><\/div>\n\n<p><em> &#8221; Fuentes www.escambray.cu &#8221; <\/em><\/p>\n","protected":false},"excerpt":{"rendered":"<p>Aeromar sumar\u00e1 la ruta que conecta a Varadero con Canc\u00fan La ruta Canc\u00fan- Varadero tendr\u00e1 actividad mi\u00e9rcoles y domingo con una tarifa de introducci\u00f3n de 199 d\u00f3lares (USD). (Foto: Web) &#013; &#013; &#013; Desde el primero de junio pr\u00f3ximo, la\u00a0compa\u00f1\u00eda mexicana Aeromar\u00a0incrementar\u00e1 sus vuelos a Cuba y sumar\u00e1 la ruta que conecta a Varadero con [&hellip;]<\/p>\n","protected":false},"author":4,"featured_media":0,"comment_status":"open","ping_status":"closed","sticky":false,"template":"","format":"standard","meta":{"om_disable_all_campaigns":false,"jnews-multi-image_gallery":[],"jnews_single_post":[],"jnews_primary_category":[],"jnews_social_meta":[],"footnotes":""},"categories":[40],"tags":[740],"class_list":["post-313765","post","type-post","status-publish","format-standard","hentry","category-industria","tag-vuelos"],"_links":{"self":[{"href":"https:\/\/dimensionturistica.com\/es\/wp-json\/wp\/v2\/posts\/313765","targetHints":{"allow":["GET"]}}],"collection":[{"href":"https:\/\/dimensionturistica.com\/es\/wp-json\/wp\/v2\/posts"}],"about":[{"href":"https:\/\/dimensionturistica.com\/es\/wp-json\/wp\/v2\/types\/post"}],"author":[{"embeddable":true,"href":"https:\/\/dimensionturistica.com\/es\/wp-json\/wp\/v2\/users\/4"}],"replies":[{"embeddable":true,"href":"https:\/\/dimensionturistica.com\/es\/wp-json\/wp\/v2\/comments?post=313765"}],"version-history":[{"count":0,"href":"https:\/\/dimensionturistica.com\/es\/wp-json\/wp\/v2\/posts\/313765\/revisions"}],"wp:attachment":[{"href":"https:\/\/dimensionturistica.com\/es\/wp-json\/wp\/v2\/media?parent=313765"}],"wp:term":[{"taxonomy":"category","embeddable":true,"href":"https:\/\/dimensionturistica.com\/es\/wp-json\/wp\/v2\/categories?post=313765"},{"taxonomy":"post_tag","embeddable":true,"href":"https:\/\/dimensionturistica.com\/es\/wp-json\/wp\/v2\/tags?post=313765"}],"curies":[{"name":"wp","href":"https:\/\/api.w.org\/{rel}","templated":true}]}}