{"id":313135,"date":"2022-05-06T11:39:08","date_gmt":"2022-05-06T11:39:08","guid":{"rendered":"https:\/\/dimensionturistica.com\/es\/?p=313135"},"modified":"2022-05-06T11:39:09","modified_gmt":"2022-05-06T11:39:09","slug":"pinar-del-rio-en-la-carpeta-de-fitcuba-2022","status":"publish","type":"post","link":"https:\/\/dimensionturistica.com\/es\/pinar-del-rio-en-la-carpeta-de-fitcuba-2022\/","title":{"rendered":"Pinar del R\u00edo en la carpeta de FITCuba 2022"},"content":{"rendered":"<p> <br \/>\n<\/p>\n<div>\n<p>   Agentes de viajes, turoperadores y periodistas participantes tienen en el programa aleda\u00f1o a la reuni\u00f3n un recorrido que incluye la mirada a esta bella parte de la mayor de las Antillas.<\/p>\n<p>   M\u00e1gicos colores caracterizan el paisaje de Pinar del R\u00edo, uno de los escenarios sobresaliente del turismo insular.<\/p>\n<p>   Dicho territorio simboliza la patria del mejor tabaco del mundo, el tipo Premium o hecho a mano, los habanos, pues en sus tierras se cosecha la preferencial hoja que cubre a los puros (capa).<\/p>\n<p>   Pinar del R\u00edo, sin embargo, es eso y mucho m\u00e1s, tal y como lo reflejan viajeros llegados de todas partes del mundo, cuando adem\u00e1s posee algunos encantos a ejemplificar, en explicit tres escenarios perfectos para la industria de los viajes.<\/p>\n<p>   Un primer punto bien podr\u00eda ser Cayo Levisa, a 27 kil\u00f3metros de La Palma, en el norte de la provincia, desde el embarcadero de Palma Rubia. All\u00ed se abordan las lanchas hacia Cayo Levisa.<\/p>\n<p>   Ba\u00f1ado por el mar Caribe, exhibiendo cuatro kil\u00f3metros de playas v\u00edrgenes, de fina enviornment blanca ese lugar es imprescindible en un trayecto de naturaleza y aventuras.    Dentro de la gran diversidad de especies del lugar otro encanto explicit lo constituyen sus aguas, donde habitan peque\u00f1as mantas (Levisas), a las  cuales debe su nombre.<\/p>\n<p>   La vegetaci\u00f3n tropical atrae sobremanera all\u00ed, con cocoteros en su costa norte, intrincado mangle en la parte sur, y la proximidad de una espl\u00e9ndida  barrera coralina.  <\/p>\n<p>   Le sigue Guanahacabibes, el punto de partida para llegar a la porci\u00f3n m\u00e1s occidental cubana, La Bajada, una peque\u00f1a comunidad de alrededor de 100 habitantes, dedicados principalmente a trabajos forestales, con un conocimiento muy experimentado de la conservaci\u00f3n de la naturaleza. <\/p>\n<p>   Por all\u00ed, se puede viajar al Parque Nacional de Guanahacabibes, declarado en 1987 Reserva Mundial de La Biosfera por La  Organizaci\u00f3n de las Naciones Unidas para la la Educaci\u00f3n, la Ciencia y la Cultura (Unesco), con 39 mil 400 hect\u00e1reas. <\/p>\n<p>   Tambi\u00e9n sobresale Mar\u00eda la Gorda, como uno de los mejores Centros Internacionales de Buceo de Cuba, sitio especial, tranquilo y con mucha aventura, sobre todo para quienes prefieren sumergirse en el mar.<\/p>\n<p>   Concebido sobre todo para buceadores, aunque es una maravillosa opci\u00f3n para ecoturistas, el Centro se encuentra en las inmediaciones de Cabo Corrientes,<\/p>\n<p>   Localizada a 143 kil\u00f3metros al sudoeste de la ciudad cabecera de Pinar del R\u00edo, en sus aguas existen m\u00e1s de 100 galeones espa\u00f1oles hundidos, y se habla de tesoros ocultos, ejemplo sobresaliente del gran atractivo de esta regi\u00f3n del oeste insular.<\/p>\n<p>rgh\/rfc<\/p>\n<\/p><\/div>\n\n<p><em> &#8221; Fuentes www.prensa-latina.cu &#8221; <\/em><\/p>\n","protected":false},"excerpt":{"rendered":"<p>Agentes de viajes, turoperadores y periodistas participantes tienen en el programa aleda\u00f1o a la reuni\u00f3n un recorrido que incluye la mirada a esta bella parte de la mayor de las Antillas. M\u00e1gicos colores caracterizan el paisaje de Pinar del R\u00edo, uno de los escenarios sobresaliente del turismo insular. Dicho territorio simboliza la patria del mejor [&hellip;]<\/p>\n","protected":false},"author":4,"featured_media":313136,"comment_status":"open","ping_status":"closed","sticky":false,"template":"","format":"standard","meta":{"om_disable_all_campaigns":false,"jnews-multi-image_gallery":[],"jnews_single_post":[],"jnews_primary_category":[],"jnews_social_meta":[],"footnotes":""},"categories":[40],"tags":[715,35201,544],"class_list":["post-313135","post","type-post","status-publish","format-standard","has-post-thumbnail","hentry","category-industria","tag-economia","tag-nota-informativa","tag-turismo"],"_links":{"self":[{"href":"https:\/\/dimensionturistica.com\/es\/wp-json\/wp\/v2\/posts\/313135","targetHints":{"allow":["GET"]}}],"collection":[{"href":"https:\/\/dimensionturistica.com\/es\/wp-json\/wp\/v2\/posts"}],"about":[{"href":"https:\/\/dimensionturistica.com\/es\/wp-json\/wp\/v2\/types\/post"}],"author":[{"embeddable":true,"href":"https:\/\/dimensionturistica.com\/es\/wp-json\/wp\/v2\/users\/4"}],"replies":[{"embeddable":true,"href":"https:\/\/dimensionturistica.com\/es\/wp-json\/wp\/v2\/comments?post=313135"}],"version-history":[{"count":0,"href":"https:\/\/dimensionturistica.com\/es\/wp-json\/wp\/v2\/posts\/313135\/revisions"}],"wp:featuredmedia":[{"embeddable":true,"href":"https:\/\/dimensionturistica.com\/es\/wp-json\/wp\/v2\/media\/313136"}],"wp:attachment":[{"href":"https:\/\/dimensionturistica.com\/es\/wp-json\/wp\/v2\/media?parent=313135"}],"wp:term":[{"taxonomy":"category","embeddable":true,"href":"https:\/\/dimensionturistica.com\/es\/wp-json\/wp\/v2\/categories?post=313135"},{"taxonomy":"post_tag","embeddable":true,"href":"https:\/\/dimensionturistica.com\/es\/wp-json\/wp\/v2\/tags?post=313135"}],"curies":[{"name":"wp","href":"https:\/\/api.w.org\/{rel}","templated":true}]}}