{"id":313050,"date":"2022-05-06T07:18:03","date_gmt":"2022-05-06T07:18:03","guid":{"rendered":"https:\/\/dimensionturistica.com\/es\/?p=313050"},"modified":"2022-05-06T07:18:04","modified_gmt":"2022-05-06T07:18:04","slug":"solo-el-60-de-los-turistas-previstos","status":"publish","type":"post","link":"https:\/\/dimensionturistica.com\/es\/solo-el-60-de-los-turistas-previstos\/","title":{"rendered":"solo el 60% de los turistas previstos"},"content":{"rendered":"<p> <br \/>\n<\/p>\n<p><strong>El retraso de la puesta el marcha del programa del<\/strong> <strong>Imserso, el mal tiempo que ha dejado sin vender un 40% de las plazas y la subida de los costes por el <\/strong>descontrol de los precios -hay hoteles que s\u00f3lo de factura el\u00e9ctrica tienen que pagar 7.000 euros al mes, el doble que el a\u00f1o pasado-, han dejado pr\u00e1cticamente sin efecto este a\u00f1o el turismo de la tercera edad de la Costa Blanca, cuando est\u00e1 ya a dos semanas de su closing<strong>. Los <\/strong>hoteleros<strong> insisten en que el programa tal como est\u00e1 planteado hoy no es viable. <\/strong>De momento, adem\u00e1s, se desconoce cuando arrancar\u00e1 el programa 22\/23, que, en principio, ser\u00e1 una pr\u00f3rroga del precise sin tocar unos precios, ya bajos que se ven lastrados por la subida del 20% de los costes.\u00a0<\/p>\n<div>\n<p>El desfase entre los 24 euros que han recibido este a\u00f1o los hoteles por cada cliente y la realidad es evidente, ya que la inflaci\u00f3n descontrolada hace que cada plaza salga por 34 euros (pensi\u00f3n completa). Este a\u00f1o, con la reducci\u00f3n a 5 meses de la temporada, y al no coparse todas las plazas, el volumen econ\u00f3mico ha pasado de los 60 millones de euros a unos 45 millones, ya que hay hoteles que no llegaron ni a abrir. La Costa Blanca ten\u00eda asignadas 200.000 plazas de las 800.000 en toda Espa\u00f1a. La patronal advierte de que o el Gobierno reacciona o muchos hoteles van a optar, como ha sucedido este a\u00f1o, por cerrar en invierno, seg\u00fan advierte Nuria Montes, secretaria common de Hosbec.<\/p>\n<p><strong>El Gobierno estableci\u00f3 a trav\u00e9s de su contrato para este a\u00f1o que la retribuci\u00f3n a los hoteleros espa\u00f1oles ser\u00eda de 24 euros,<\/strong> pero seg\u00fan un informe econ\u00f3mico de la patronal hotelera alicantina\u00a0Hosbec, producir una pernoctaci\u00f3n del Imserso ya costaba\u00a027 euros\u00a0solo de coste operativo de producci\u00f3n en diciembre de 2020, y se elevaba a\u00a033 euros\u00a0teniendo en cuenta los costes de estructura, como IBI, hipotecas, alquileres, pr\u00e9stamos&amp;rdquor;.  El Partido Well-liked ha presentado una bater\u00eda de preguntas parlamentaria en el Congreso pidiendo explicaciones a la ministras Reyes Maroto (Turismo) y Ione Belarra, responsable del programa.<\/p>\n<p><strong>Hosbec ha pedido, en este sentido, al Gobierno que aproveche las medidas estructurales en las que trabaja para afrontar la subida de los costes<\/strong> e incluya en las mismas la mejora del Imserso. Un\u00a0programa desfasado\u00a0en precios y que obliga a los hoteles a trabajar a p\u00e9rdidas, seg\u00fan viene denunciando la patronal desde hace cinco a\u00f1os. &#8220;No nos contestan una pr\u00f3rroga del actual programa ser\u00eda desastrosa. Hemos enviado cartas advirtiendo de la situaci\u00f3n pero no hacen ni caso. <strong>El programa es insostenible<\/strong>&#8220;, subraya Nuria Montes.<\/p>\n<p>El program<strong>a ya estaba en claro riesgo de quedar obsoleto y fuera de las condiciones del mercado\u00a0al no haberse ajustado a los costes m\u00ednimos de las empresas hoteleras<\/strong> para producir una estancia de estas\u00a0caracter\u00edsticas,\u00a0pero\u00a0en estos momentos urge una reformulaci\u00f3n urgente ante la escalada de los precios de la energ\u00eda, de la alimentaci\u00f3n y de los costes laborales,\u00a0que son los tres principales\u00a0componentes de la prestaci\u00f3n del servicio hotelero.\u00a0<\/p>\n<p>Seg\u00fan los informes econ\u00f3micos y los c\u00e1lculos realizados por la patronal, <strong>en 2020 este programa acumulaba un desfase de un 25% sobre el precio de producci\u00f3n.<\/strong> En diciembre de 2020 se estim\u00f3 que producir una pernoctaci\u00f3n del Imserso costaba entre 27 y 33 euros de media. 27 euros es s\u00f3lo el coste operativo de producci\u00f3n, que se eleva a 34 euros si se tiene en cuenta los costes de estructura (IBI, hipotecas, alquileres, pr\u00e9stamos, and so on&#8230;), seg\u00fan el c\u00e1lculo de la patronal hotelera.<\/p>\n<p><strong>Cien millones de euros en p\u00e9rdidas, 5.000 trabajadores en ERTE, 250.000 turistas perdidos, 65 hoteles cerrados de los que este a\u00f1o solo unos 30 han trabajado con el turismo social<\/strong>\u00a0y un golpe letal para la imagen del sector\u00a0tur\u00edstico de la Costa Blanca en toda Europa fue el stability de la cancelaci\u00f3n del programa golpeado por la<strong>\u00a0<\/strong>pandemia. En la Comunidad Valenciana el programa operaba con 65 hoteles de Benidorm, Calp, D\u00e9nia, L&#8217;Alf\u00e0s del Pi, Gand\u00eda, Guardamar, X\u00e0bia, Pe\u00f1\u00edscola, Alicante, Torrevieja y Vinaroz, pero este a\u00f1o apenas ha habido unos 20 hoteles abiertos. Tambi\u00e9n es cierto que la ca\u00edda de la ventas se produjo tambi\u00e9n porque se perdieron los mejores meses, de octubre a diciembre.<\/p>\n<p>Exceltur reitera que el programa de viajes del<strong> <\/strong>Imserso tiene que recomponer su esquema de precios y distribuci\u00f3n para que no suponga p\u00e9rdidas para los operadores hoteleros por tener que trabajar con precios por debajo de costes.<\/p>\n<h3>Promoci\u00f3n<\/h3>\n<p>Por otro lado, Turisme ha organizado esta semana sendas promociones de<strong> San Sebasti\u00e1n y Bilbao<\/strong> <strong>con 30 empresas tur\u00edsticas para afianzar la oferta del sector en el mercado vasco<\/strong>. Esta acci\u00f3n promocional se realiza en el marco de la celebraci\u00f3n de la feria &#8216;Expovacaciones&#8217; este pr\u00f3ximo fin de semana, en la que Turisme Comunitat Valenciana participar\u00e1 con un estand para mostrar toda la oferta tur\u00edstica de la Comunidad ha indicado la Generalitat en un comunicado.<\/p>\n<p>Las empresas participantes cuentan con oferta de producto de car\u00e1cter experiencial, hoteles y agencias receptivas adem\u00e1s de agentes de viajes vascos y representantes de Turisme CV y de Val\u00e8ncia Turisme, Go to Val\u00e8ncia y Benidorm, que han colaborado en la organizaci\u00f3n del evento.<\/p>\n<p><strong>El mercado vasco ocupa la octava posici\u00f3n en n\u00famero de viajes a la Comunidad Valenciana<\/strong>, con un whole de 344.139 viajes registrados en 2021. La principal motivaci\u00f3n del viajero vasco en su viaje es el ocio (88,2%) y dentro del ocio, el turismo de sol y playa (70,2%), lo que provoca la fuerte estacionalidad de sus desplazamientos se concentran sobre todo en los meses de verano.<\/p>\n<p>En este sentido, Turisme CV ha considerado de inter\u00e9s incorporar en los<strong> cat\u00e1logos de viajes <\/strong>de los operadores tur\u00edsticos vascos la oferta experiencial de la Comunitat Valenciana, tanto aquella del \u00e1mbito litoral, como la urbana o la de inside.<\/p>\n<p>Tras la celebraci\u00f3n del &#8216;workshop&#8217; se realizar\u00e1 una presentaci\u00f3n del destino Comunitat Valenciana a los asistentes y Turisme CV ha organizado, con la colaboraci\u00f3n de Val\u00e8ncia Turisme, Benidorm y Go to Val\u00e8ncia, una cena <strong>buf\u00e9<\/strong> de productos valencianos.<\/p>\n<p>\t<span class=\"smallTitle center\">Noticias relacionadas<\/span><\/p>\n<p>Por otro lado, el Ministerio de Industria Comercio y Turismo ha abierto este jueves el plazo de solicitudes de su programa de ayudas a la generaci\u00f3n de c<strong>onocimiento cient\u00edfico aplicado al <\/strong>turismo<strong>,<\/strong> que ser\u00e1n de un m\u00ednimo de 20.000 euros y un m\u00e1ximo de 150.000 euros. Seg\u00fan un comunicado del Ministerio, el objetivo es favorecer la b\u00fasqueda de soluciones a los principales retos medioambientales, econ\u00f3micos y tecnol\u00f3gicos a los que se enfrentan los destinos tur\u00edsticos en Espa\u00f1a, con el fin de mejorar su capacidad competitiva y resiliencia a largo plazo.<\/p>\n<p>El plazo para la presentaci\u00f3n de solicitudes estar\u00e1 abierto por un mes a partir de ma\u00f1ana en la sede electr\u00f3nica del Ministerio, que ha puesto a disposici\u00f3n un buz\u00f3n para atender dudas. Esta iniciativa es parte del plan de modernizaci\u00f3n y competitividad del sector tur\u00edstico que incorpora el Plan de Recuperaci\u00f3n, Transformaci\u00f3n y Resiliencia del Gobierno.<\/p>\n<\/p><\/div>\n\n<p><em> &#8221; Fuentes www.elperiodico.com &#8221; <\/em><\/p>\n","protected":false},"excerpt":{"rendered":"<p>El retraso de la puesta el marcha del programa del Imserso, el mal tiempo que ha dejado sin vender un 40% de las plazas y la subida de los costes por el descontrol de los precios -hay hoteles que s\u00f3lo de factura el\u00e9ctrica tienen que pagar 7.000 euros al mes, el doble que el a\u00f1o [&hellip;]<\/p>\n","protected":false},"author":4,"featured_media":313051,"comment_status":"open","ping_status":"closed","sticky":false,"template":"","format":"standard","meta":{"om_disable_all_campaigns":false,"jnews-multi-image_gallery":[],"jnews_single_post":[],"jnews_primary_category":[],"jnews_social_meta":[],"footnotes":""},"categories":[40],"tags":[544],"class_list":["post-313050","post","type-post","status-publish","format-standard","has-post-thumbnail","hentry","category-industria","tag-turismo"],"_links":{"self":[{"href":"https:\/\/dimensionturistica.com\/es\/wp-json\/wp\/v2\/posts\/313050","targetHints":{"allow":["GET"]}}],"collection":[{"href":"https:\/\/dimensionturistica.com\/es\/wp-json\/wp\/v2\/posts"}],"about":[{"href":"https:\/\/dimensionturistica.com\/es\/wp-json\/wp\/v2\/types\/post"}],"author":[{"embeddable":true,"href":"https:\/\/dimensionturistica.com\/es\/wp-json\/wp\/v2\/users\/4"}],"replies":[{"embeddable":true,"href":"https:\/\/dimensionturistica.com\/es\/wp-json\/wp\/v2\/comments?post=313050"}],"version-history":[{"count":0,"href":"https:\/\/dimensionturistica.com\/es\/wp-json\/wp\/v2\/posts\/313050\/revisions"}],"wp:featuredmedia":[{"embeddable":true,"href":"https:\/\/dimensionturistica.com\/es\/wp-json\/wp\/v2\/media\/313051"}],"wp:attachment":[{"href":"https:\/\/dimensionturistica.com\/es\/wp-json\/wp\/v2\/media?parent=313050"}],"wp:term":[{"taxonomy":"category","embeddable":true,"href":"https:\/\/dimensionturistica.com\/es\/wp-json\/wp\/v2\/categories?post=313050"},{"taxonomy":"post_tag","embeddable":true,"href":"https:\/\/dimensionturistica.com\/es\/wp-json\/wp\/v2\/tags?post=313050"}],"curies":[{"name":"wp","href":"https:\/\/api.w.org\/{rel}","templated":true}]}}