{"id":312941,"date":"2022-05-06T00:28:13","date_gmt":"2022-05-06T00:28:13","guid":{"rendered":"https:\/\/dimensionturistica.com\/es\/?p=312941"},"modified":"2022-05-06T00:28:14","modified_gmt":"2022-05-06T00:28:14","slug":"alicia-kirchner-inauguro-el-47o-congreso-de-agentes-de-viajes","status":"publish","type":"post","link":"https:\/\/dimensionturistica.com\/es\/alicia-kirchner-inauguro-el-47o-congreso-de-agentes-de-viajes\/","title":{"rendered":"Alicia Kirchner inaugur\u00f3 el 47\u00ba Congreso de Agentes de Viajes"},"content":{"rendered":"<p> <br \/>\n<\/p>\n<div id=\"nota_txt_noticia\">\n<p>Con la asistencia de alrededor de <strong>mil participantes<\/strong>, se concreta desde hoy hasta ma\u00f1ana el <strong>Congreso de Agentes de Viajes en el Calafate<\/strong>. Este acontecimiento gener\u00f3 gran trascendencia debido a la <strong>amplia convocatoria<\/strong> de los agentes que eligieron interiorizarse acerca de las <strong>virtudes y atractivos<\/strong> que presenta El Calafate como destino.<\/p>\n<p>Durante la ceremonia que se efectu\u00f3 en el <strong>SUM<\/strong>, la mandataria provincial fue acompa\u00f1ada por el ministro de Turismo y Deportes de Naci\u00f3n, <strong>Mat\u00edas Lammens<\/strong>; la ministra de la Producci\u00f3n, Comercio e Industria, <strong>Silvina C\u00f3rdoba<\/strong>; el ministro de Gobierno, <strong>Leandro Zuliani<\/strong>; el secretario de Turismo, <strong>Pablo Godoy<\/strong>; el intendente <strong>Javier Belloni<\/strong>; y el presidente de AAVYT El Calafate, <strong>Rub\u00e9n Mart\u00ednez<\/strong>.<\/p>\n<section>\n<article class=\"content_related\">\n<a rel=\"nofollow noopener\" target=\"_blank\" href=\"https:\/\/www.tiemposur.com.ar\/info-general\/servicios-publicos-recorrio-avance-de-nuevas-obras-en-puerto-deseado\"><\/p>\n<div class=\"rel_image\"><img decoding=\"async\" src=\"https:\/\/www.tiemposur.com.ar\/uploads\/noticia_galeria\/2022\/05\/05\/file_136983_home\" alt=\"Servicios P\u00fablicos recorri\u00f3 avance de nuevas obras en Puerto Deseado\" \/><\/div>\n<div class=\"rel_content\">\n<p>Mira Tambien<\/p>\n<h4>Servicios P\u00fablicos recorri\u00f3 avance de nuevas obras en Puerto Deseado<\/h4>\n<\/div>\n<p><\/a><br \/>\n<\/article>\n<\/section>\n<p>\u00a0<\/p>\n<p>Es importante, resaltar que en el transcurso del <strong>47\u00ba Congreso de Agentes<\/strong> de Viajes se desarrollan una serie de <strong>actividades<\/strong> tales como: Conferencias; seminarios; novedades; y rondas de negocios destinadas a la promoci\u00f3n de destinos; tambi\u00e9n se realizar\u00e1 un importante Workshop donde operadores ofrecer\u00e1n sus productos y servicios a los agentes de viaje que asistan.<\/p>\n<p>En ese marco, durante la primera jornada, el Gobierno de <strong>Santa Cruz<\/strong> present\u00f3 el producto \u201c<strong>Tres Puertos Tres Parques<\/strong>\u201d, un nuevo circuito que unir\u00e1 el Parque Insterjurisdiccional Marino Isla Ping\u00fcino, de Puerto Deseado; el Parque Interjurisdiccional Marino Makenke, de Puerto San Juli\u00e1n; y el Parque Naci\u00f3n Monte Le\u00f3n, ubicado en Puerto Santa Cruz. Asimismo, en el transcurso de la propuesta, se realizan talleres para el contexto que estamos viviendo, en torno a la guerra y a lo que significa, socialmente, poder volver a viajar despu\u00e9s de la pandemia, todo con una mirada innovadora, puesta en las nuevas tecnolog\u00edas, en las criptomonedas, y en el nuevo liderazgo de las organizaciones.<\/p>\n<section>\n<article class=\"content_related\">\n<a rel=\"nofollow noopener\" target=\"_blank\" href=\"https:\/\/www.tiemposur.com.ar\/policiales\/mujer-hallada-muerta-en-hotel-detuvieron-su-acompanante\"><\/p>\n<div class=\"rel_image\"><img decoding=\"async\" src=\"https:\/\/www.tiemposur.com.ar\/uploads\/noticia_galeria\/2022\/05\/05\/file_136981_home\" alt=\"Mujer hallada muerta en hotel: Detuvieron su\u00a0 acompa\u00f1ante\" \/><\/div>\n<div class=\"rel_content\">\n<p>Mira Tambien<\/p>\n<h4>Mujer hallada muerta en hotel: Detuvieron su\u00a0 acompa\u00f1ante<\/h4>\n<\/div>\n<p><\/a><br \/>\n<\/article>\n<\/section>\n<p>\u00a0<\/p>\n<p>Con <strong>930 personas inscriptas<\/strong> se concreta el mayor evento anual del <strong>Turismo<\/strong>, el cual tiene como finalidad trabajar para <strong>recuperar el turismo receptivo<\/strong> y potenciar los destinos de naturaleza.<\/p>\n<p>Adem\u00e1s, participaron en la ceremonia de inauguraci\u00f3n del 47\u00ba Congreso de Agentes de Viajes, la senadora Ana Mar\u00eda Ianni; la secretaria de Promoci\u00f3n Tur\u00edstica, Yanina Mart\u00ednez; el presidente del FAEVYT y, tambi\u00e9n, presidente de la C\u00e1mara Argentina de Turismo, Gustavo Hani; el presidente del Consejo Federal de Turismo, Sebasti\u00e1n Giobellina; el secretario ejecutivo del INPROTUR, Ricardo Sosa; y el director Comercial, Planeamiento y Gesti\u00f3n de Rutas A\u00e9reas de Aerol\u00edneas Argentinas, Fabi\u00e1n Lombardo; adem\u00e1s de titulares de agencias de viaje de todo el pa\u00eds, profesionales y acad\u00e9micos de turismo, y referentes de las Direcciones de Turismo municipales.<\/p>\n<\/div>\n\n<p><em> &#8221; Fuentes www.tiemposur.com.ar &#8221; <\/em><\/p>\n","protected":false},"excerpt":{"rendered":"<p>Con la asistencia de alrededor de mil participantes, se concreta desde hoy hasta ma\u00f1ana el Congreso de Agentes de Viajes en el Calafate. Este acontecimiento gener\u00f3 gran trascendencia debido a la amplia convocatoria de los agentes que eligieron interiorizarse acerca de las virtudes y atractivos que presenta El Calafate como destino. Durante la ceremonia que [&hellip;]<\/p>\n","protected":false},"author":4,"featured_media":0,"comment_status":"open","ping_status":"closed","sticky":false,"template":"","format":"standard","meta":{"om_disable_all_campaigns":false,"jnews-multi-image_gallery":[],"jnews_single_post":[],"jnews_primary_category":[],"jnews_social_meta":[],"footnotes":""},"categories":[40],"tags":[3225,10115,544],"class_list":["post-312941","post","type-post","status-publish","format-standard","hentry","category-industria","tag-agentes-de-viaje","tag-alicia-kirchner","tag-turismo"],"_links":{"self":[{"href":"https:\/\/dimensionturistica.com\/es\/wp-json\/wp\/v2\/posts\/312941","targetHints":{"allow":["GET"]}}],"collection":[{"href":"https:\/\/dimensionturistica.com\/es\/wp-json\/wp\/v2\/posts"}],"about":[{"href":"https:\/\/dimensionturistica.com\/es\/wp-json\/wp\/v2\/types\/post"}],"author":[{"embeddable":true,"href":"https:\/\/dimensionturistica.com\/es\/wp-json\/wp\/v2\/users\/4"}],"replies":[{"embeddable":true,"href":"https:\/\/dimensionturistica.com\/es\/wp-json\/wp\/v2\/comments?post=312941"}],"version-history":[{"count":0,"href":"https:\/\/dimensionturistica.com\/es\/wp-json\/wp\/v2\/posts\/312941\/revisions"}],"wp:attachment":[{"href":"https:\/\/dimensionturistica.com\/es\/wp-json\/wp\/v2\/media?parent=312941"}],"wp:term":[{"taxonomy":"category","embeddable":true,"href":"https:\/\/dimensionturistica.com\/es\/wp-json\/wp\/v2\/categories?post=312941"},{"taxonomy":"post_tag","embeddable":true,"href":"https:\/\/dimensionturistica.com\/es\/wp-json\/wp\/v2\/tags?post=312941"}],"curies":[{"name":"wp","href":"https:\/\/api.w.org\/{rel}","templated":true}]}}