{"id":312867,"date":"2022-05-05T20:37:21","date_gmt":"2022-05-05T20:37:21","guid":{"rendered":"https:\/\/dimensionturistica.com\/es\/?p=312867"},"modified":"2022-05-05T20:37:21","modified_gmt":"2022-05-05T20:37:21","slug":"buscan-promover-el-turismo-de-pueblos-magicos-y-la-cultura-de-misticismo","status":"publish","type":"post","link":"https:\/\/dimensionturistica.com\/es\/buscan-promover-el-turismo-de-pueblos-magicos-y-la-cultura-de-misticismo\/","title":{"rendered":"Buscan promover el turismo de pueblos m\u00e1gicos y la cultura de misticismo"},"content":{"rendered":"<p> <br \/>\n<\/p>\n<div id=\"cuerpo_nota\">\n<p><strong><em>Chihuahua, Chih.- <\/em><\/strong>Representantes de agencias de viaje, hoteleros, tour operadores de Chihuahua, Cuauht\u00e9moc, Ciudad Ju\u00e1rez, as\u00ed como de Puerto Vallarta y Mazatl\u00e1n, celebraron ayer una reuni\u00f3n de trabajo en Casas Grandes para promover el turismo de pueblos m\u00e1gicos y la cultura de misticismo.<\/p>\n<p>Tere Lucy Dom\u00ednguez, presidente de la Asociaci\u00f3n Mexicana de Agencias de Viaje Filial Chihuahua (AMAV), inform\u00f3 que se ofreci\u00f3 a los visitantes el Seminario \u201cCultura y Misticismo\u201d para promover el potencial tur\u00edstico native, regional y nacional.<\/p>\n<p>Destac\u00f3 que es importante que los tour operadores de Puerto Vallarta y Mazatl\u00e1n, as\u00ed como de los municipios de Chihuahua, Ciudad Ju\u00e1rez y Cuauht\u00e9moc conozcan m\u00e1s lo que ofrece el pueblo m\u00e1gico de Casas Grandes para que lo promuevan.<\/p>\n<p>Record\u00f3 que recientemente se tuvo una feria de pueblos m\u00e1gicos en Barcelona, Espa\u00f1a donde se promovieron estos destinos de M\u00e9xico y ahora este seminario sirve para afianzar y conozcan m\u00e1s la cadena de valor tur\u00edstico que tiene Casas Grandes y promuevan m\u00e1s este destino.<\/p>\n<p>Finalmente dijo que el grupo de tour operadores, hoteleros y de las agencias de viaje fueron bien atendidos por funcionarios de la Presidencia Municipal de Casas Grandes \u00a0y su Direcci\u00f3n de Turismo.<\/p>\n<\/p><\/div>\n\n<p><em> &#8221; Fuentes www.eldiariodechihuahua.mx &#8221; <\/em><\/p>\n","protected":false},"excerpt":{"rendered":"<p>Chihuahua, Chih.- Representantes de agencias de viaje, hoteleros, tour operadores de Chihuahua, Cuauht\u00e9moc, Ciudad Ju\u00e1rez, as\u00ed como de Puerto Vallarta y Mazatl\u00e1n, celebraron ayer una reuni\u00f3n de trabajo en Casas Grandes para promover el turismo de pueblos m\u00e1gicos y la cultura de misticismo. Tere Lucy Dom\u00ednguez, presidente de la Asociaci\u00f3n Mexicana de Agencias de Viaje [&hellip;]<\/p>\n","protected":false},"author":4,"featured_media":312868,"comment_status":"open","ping_status":"closed","sticky":false,"template":"","format":"standard","meta":{"om_disable_all_campaigns":false,"jnews-multi-image_gallery":[],"jnews_single_post":[],"jnews_primary_category":[],"jnews_social_meta":[],"footnotes":""},"categories":[40],"tags":[715],"class_list":["post-312867","post","type-post","status-publish","format-standard","has-post-thumbnail","hentry","category-industria","tag-economia"],"_links":{"self":[{"href":"https:\/\/dimensionturistica.com\/es\/wp-json\/wp\/v2\/posts\/312867","targetHints":{"allow":["GET"]}}],"collection":[{"href":"https:\/\/dimensionturistica.com\/es\/wp-json\/wp\/v2\/posts"}],"about":[{"href":"https:\/\/dimensionturistica.com\/es\/wp-json\/wp\/v2\/types\/post"}],"author":[{"embeddable":true,"href":"https:\/\/dimensionturistica.com\/es\/wp-json\/wp\/v2\/users\/4"}],"replies":[{"embeddable":true,"href":"https:\/\/dimensionturistica.com\/es\/wp-json\/wp\/v2\/comments?post=312867"}],"version-history":[{"count":0,"href":"https:\/\/dimensionturistica.com\/es\/wp-json\/wp\/v2\/posts\/312867\/revisions"}],"wp:featuredmedia":[{"embeddable":true,"href":"https:\/\/dimensionturistica.com\/es\/wp-json\/wp\/v2\/media\/312868"}],"wp:attachment":[{"href":"https:\/\/dimensionturistica.com\/es\/wp-json\/wp\/v2\/media?parent=312867"}],"wp:term":[{"taxonomy":"category","embeddable":true,"href":"https:\/\/dimensionturistica.com\/es\/wp-json\/wp\/v2\/categories?post=312867"},{"taxonomy":"post_tag","embeddable":true,"href":"https:\/\/dimensionturistica.com\/es\/wp-json\/wp\/v2\/tags?post=312867"}],"curies":[{"name":"wp","href":"https:\/\/api.w.org\/{rel}","templated":true}]}}