{"id":312799,"date":"2022-05-05T17:37:02","date_gmt":"2022-05-05T17:37:02","guid":{"rendered":"https:\/\/dimensionturistica.com\/es\/?p=312799"},"modified":"2022-05-05T17:37:03","modified_gmt":"2022-05-05T17:37:03","slug":"el-golf-en-varadero-representa-viaje-atractivo-a-cuba","status":"publish","type":"post","link":"https:\/\/dimensionturistica.com\/es\/el-golf-en-varadero-representa-viaje-atractivo-a-cuba\/","title":{"rendered":"El golf en Varadero representa viaje atractivo a Cuba"},"content":{"rendered":"<p> <br \/>\n<\/p>\n<div>\n<p>   El Varadero Golf Membership significa un espacio muy atractivo por las bellezas del entorno y los ya m\u00faltiples campeonatos disputados en este lugar.<\/p>\n<p>   Ahora ese deporte y su campo de la bautizada como Playa Azul, cobran relieve entre los asistentes a FITCuba.<\/p>\n<p>   El balneario, constituye el principal polo de recreo de la modalidad de sol y playa de Cuba, por donde pasan la mayor\u00eda de los visitantes extranjeros que llegan a esta isla.<\/p>\n<p>   Incluso en su momento, las autoridades de este pa\u00eds previeron la posibilidad de contar en unos 15 a\u00f1os con 29 campos de golf para estimular esta pr\u00e1ctica recreativa, lo que entorpeci\u00f3 la llegada de la pandemia de la Covid-19.<\/p>\n<p>    Cuba cuenta con dos campos de golf, el Varadero Golf Membership, y el de Capdevila de la capital.<\/p>\n<p>    El primero constituye el m\u00e1s importante, con 18 hoyos y 69 hect\u00e1reas de extensi\u00f3n, y excelentes condiciones, tanto del paisaje del entorno como de la infraestructura hotelera y tur\u00edstica en common, ubicado entre los m\u00e1s atractivos del Caribe.<\/p>\n<p>   A Cuba llegaban turistas que vienen por otro tipo de motivos, como viajes de sol y playa, naturaleza, culturales, y aprovechan la estancia para jugar golf.<\/p>\n<p>   De ah\u00ed el inter\u00e9s de las autoridades de lograr un plan para dotar a la Isla de campos distribuidos por todo el pa\u00eds sobre todo en La Habana, la cayer\u00eda norte de la provincia central de Ciego de \u00c1vila, la oriental Holgu\u00edn y la zona centro-sur de Cienfuegos y Trinidad.<\/p>\n<p>   El de Varadero organiz\u00f3 varios torneos internacionales y recibi\u00f3 a celebridades de este deporte como los espa\u00f1oles Miguel \u00c1ngel Jim\u00e9nez y \u00c1lvaro Quiroz Garc\u00eda.<\/p>\n<p>   Este campo es muy cercano a la renovada Plaza Am\u00e9rica y su Centro de Convenciones, sedes ahora de FITCuba 2022.<\/p>\n<p>   Se trata de un lugar donde se ampliaron tres salas y otras \u00e1reas para darle m\u00e1s facilidades a los asistentes y cuenta con la fortaleza de la WiFi incluida y, sobre todo, con las medidas biosanitarias requeridas contra la Covid-19.<\/p>\n<p>mem\/rfc<\/p>\n<\/p><\/div>\n\n<p><em> &#8221; Fuentes www.prensa-latina.cu &#8221; <\/em><\/p>\n","protected":false},"excerpt":{"rendered":"<p>El Varadero Golf Membership significa un espacio muy atractivo por las bellezas del entorno y los ya m\u00faltiples campeonatos disputados en este lugar. Ahora ese deporte y su campo de la bautizada como Playa Azul, cobran relieve entre los asistentes a FITCuba. El balneario, constituye el principal polo de recreo de la modalidad de sol [&hellip;]<\/p>\n","protected":false},"author":4,"featured_media":312800,"comment_status":"open","ping_status":"closed","sticky":false,"template":"","format":"standard","meta":{"om_disable_all_campaigns":false,"jnews-multi-image_gallery":[],"jnews_single_post":[],"jnews_primary_category":[],"jnews_social_meta":[],"footnotes":""},"categories":[39],"tags":[715,35201,544],"class_list":["post-312799","post","type-post","status-publish","format-standard","has-post-thumbnail","hentry","category-viajes","tag-economia","tag-nota-informativa","tag-turismo"],"_links":{"self":[{"href":"https:\/\/dimensionturistica.com\/es\/wp-json\/wp\/v2\/posts\/312799","targetHints":{"allow":["GET"]}}],"collection":[{"href":"https:\/\/dimensionturistica.com\/es\/wp-json\/wp\/v2\/posts"}],"about":[{"href":"https:\/\/dimensionturistica.com\/es\/wp-json\/wp\/v2\/types\/post"}],"author":[{"embeddable":true,"href":"https:\/\/dimensionturistica.com\/es\/wp-json\/wp\/v2\/users\/4"}],"replies":[{"embeddable":true,"href":"https:\/\/dimensionturistica.com\/es\/wp-json\/wp\/v2\/comments?post=312799"}],"version-history":[{"count":0,"href":"https:\/\/dimensionturistica.com\/es\/wp-json\/wp\/v2\/posts\/312799\/revisions"}],"wp:featuredmedia":[{"embeddable":true,"href":"https:\/\/dimensionturistica.com\/es\/wp-json\/wp\/v2\/media\/312800"}],"wp:attachment":[{"href":"https:\/\/dimensionturistica.com\/es\/wp-json\/wp\/v2\/media?parent=312799"}],"wp:term":[{"taxonomy":"category","embeddable":true,"href":"https:\/\/dimensionturistica.com\/es\/wp-json\/wp\/v2\/categories?post=312799"},{"taxonomy":"post_tag","embeddable":true,"href":"https:\/\/dimensionturistica.com\/es\/wp-json\/wp\/v2\/tags?post=312799"}],"curies":[{"name":"wp","href":"https:\/\/api.w.org\/{rel}","templated":true}]}}