{"id":312719,"date":"2022-05-05T15:26:10","date_gmt":"2022-05-05T15:26:10","guid":{"rendered":"https:\/\/dimensionturistica.com\/es\/?p=312719"},"modified":"2022-05-05T15:26:10","modified_gmt":"2022-05-05T15:26:10","slug":"propone-puebla-integracion-turistica-regional-del-pais","status":"publish","type":"post","link":"https:\/\/dimensionturistica.com\/es\/propone-puebla-integracion-turistica-regional-del-pais\/","title":{"rendered":"Propone Puebla integraci\u00f3n tur\u00edstica regional del pa\u00eds"},"content":{"rendered":"<p><img decoding=\"async\" class=\"size-medium wp-image-312720 alignright\" src=\"https:\/\/dimensionturistica.com\/es\/wp-content\/uploads\/2022\/05\/unnamed-8-300x200.jpg\" alt=\"\" width=\"300\" height=\"200\" srcset=\"https:\/\/dimensionturistica.com\/es\/wp-content\/uploads\/2022\/05\/unnamed-8-300x200.jpg 300w, https:\/\/dimensionturistica.com\/es\/wp-content\/uploads\/2022\/05\/unnamed-8-1024x683.jpg 1024w, https:\/\/dimensionturistica.com\/es\/wp-content\/uploads\/2022\/05\/unnamed-8-768x512.jpg 768w, https:\/\/dimensionturistica.com\/es\/wp-content\/uploads\/2022\/05\/unnamed-8-1536x1024.jpg 1536w, https:\/\/dimensionturistica.com\/es\/wp-content\/uploads\/2022\/05\/unnamed-8-2048x1365.jpg 2048w, https:\/\/dimensionturistica.com\/es\/wp-content\/uploads\/2022\/05\/unnamed-8-750x500.jpg 750w, https:\/\/dimensionturistica.com\/es\/wp-content\/uploads\/2022\/05\/unnamed-8-1140x760.jpg 1140w\" sizes=\"(max-width: 300px) 100vw, 300px\" \/>\u00a0Con el objetivo de crear un bloque tur\u00edstico conformado por los estados de la regi\u00f3n centro del pa\u00eds, pertenecientes a la Uni\u00f3n de Secretarios de Turismo de M\u00e9xico (ASETUR), la secretaria del ramo, Marta Ornelas Guerrero, vicepresidenta de la zona, llev\u00f3 a cabo un primer encuentro con representantes de entidades como Morelos, Oaxaca, Tlaxcala y Estado de M\u00e9xico.<br \/>\nEn la reuni\u00f3n expuso la importancia de conformar la primera integraci\u00f3n regional tur\u00edstica del pa\u00eds, para dise\u00f1ar y gestionar estrategias, programas y acciones que contribuyan a fortalecer a todas y todos los involucrados en el sector en la zona.<br \/>\nLa funcionaria destac\u00f3 que, de acuerdo a informaci\u00f3n del Sistema Nacional de Informaci\u00f3n Estad\u00edstica del Sector Turismo de M\u00e9xico (Datatur), el 56.2 por<img decoding=\"async\" class=\"size-medium wp-image-312721 alignright\" src=\"https:\/\/dimensionturistica.com\/es\/wp-content\/uploads\/2022\/05\/unnamed-2-3-300x200.jpg\" alt=\"\" width=\"300\" height=\"200\" srcset=\"https:\/\/dimensionturistica.com\/es\/wp-content\/uploads\/2022\/05\/unnamed-2-3-300x200.jpg 300w, https:\/\/dimensionturistica.com\/es\/wp-content\/uploads\/2022\/05\/unnamed-2-3-1024x683.jpg 1024w, https:\/\/dimensionturistica.com\/es\/wp-content\/uploads\/2022\/05\/unnamed-2-3-768x512.jpg 768w, https:\/\/dimensionturistica.com\/es\/wp-content\/uploads\/2022\/05\/unnamed-2-3-1536x1024.jpg 1536w, https:\/\/dimensionturistica.com\/es\/wp-content\/uploads\/2022\/05\/unnamed-2-3-2048x1365.jpg 2048w, https:\/\/dimensionturistica.com\/es\/wp-content\/uploads\/2022\/05\/unnamed-2-3-750x500.jpg 750w, https:\/\/dimensionturistica.com\/es\/wp-content\/uploads\/2022\/05\/unnamed-2-3-1140x760.jpg 1140w\" sizes=\"(max-width: 300px) 100vw, 300px\" \/> ciento de la actividad tur\u00edstica en el pa\u00eds se genera en la zona centro, en tanto que de los 132 municipios catalogados como Pueblos M\u00e1gicos, el 47 por ciento, es decir 60, se ubican en los 11 estados que conforman esta regi\u00f3n, incluidos aquellos con la mayor cantidad de nombramientos que son Puebla y el Estado de M\u00e9xico, con 10 cada uno.<br \/>\nLa secretaria de Turismo de Morelos, Julieta Goldzweg Cornejo reconoci\u00f3 la importancia de la participaci\u00f3n conjunta entre estados para promover el desarrollo y reactivaci\u00f3n econ\u00f3mica, y confi\u00f3 que se logre concretar una estrategia que permita llegar unidos y fortalecidos al pr\u00f3ximo Tianguis Tur\u00edstico que se llevar\u00e1 a cabo del 22 al 25 de mayo en Acapulco.<\/p>\n","protected":false},"excerpt":{"rendered":"<p>\u00a0Con el objetivo de crear un bloque tur\u00edstico conformado por los estados de la regi\u00f3n centro del pa\u00eds, pertenecientes a la Uni\u00f3n de Secretarios de Turismo de M\u00e9xico (ASETUR), la secretaria del ramo, Marta Ornelas Guerrero, vicepresidenta de la zona, llev\u00f3 a cabo un primer encuentro con representantes de entidades como Morelos, Oaxaca, Tlaxcala y [&hellip;]<\/p>\n","protected":false},"author":1,"featured_media":312722,"comment_status":"open","ping_status":"closed","sticky":false,"template":"","format":"standard","meta":{"om_disable_all_campaigns":false,"jnews-multi-image_gallery":[],"jnews_single_post":{"source_name":"","source_url":"","via_name":"","via_url":"","override_template":"0","override":[{"template":"1","single_blog_custom":"","parallax":"1","fullscreen":"1","layout":"right-sidebar","sidebar":"default-sidebar","second_sidebar":"default-sidebar","sticky_sidebar":"1","share_position":"top","share_float_style":"share-monocrhome","show_share_counter":"1","show_view_counter":"1","show_featured":"1","show_post_meta":"1","show_post_author":"1","show_post_author_image":"1","show_post_date":"1","post_date_format":"default","post_date_format_custom":"Y\/m\/d","show_post_category":"1","show_post_reading_time":"0","post_reading_time_wpm":"300","show_zoom_button":"0","zoom_button_out_step":"2","zoom_button_in_step":"3","show_post_tag":"1","show_prev_next_post":"1","show_popup_post":"1","number_popup_post":"1","show_author_box":"0","show_post_related":"0","show_inline_post_related":"0"}],"override_image_size":"0","image_override":[{"single_post_thumbnail_size":"crop-500","single_post_gallery_size":"crop-500"}],"trending_post":"0","trending_post_position":"meta","trending_post_label":"Trending","sponsored_post":"0","sponsored_post_label":"Sponsored by","sponsored_post_name":"","sponsored_post_url":"","sponsored_post_logo_enable":"0","sponsored_post_logo":"","sponsored_post_desc":"","disable_ad":"0"},"jnews_primary_category":{"id":""},"jnews_social_meta":{"fb_title":"","fb_description":"","fb_image":"","twitter_title":"","twitter_description":"","twitter_image":""},"footnotes":""},"categories":[39],"tags":[],"class_list":["post-312719","post","type-post","status-publish","format-standard","has-post-thumbnail","hentry","category-viajes"],"_links":{"self":[{"href":"https:\/\/dimensionturistica.com\/es\/wp-json\/wp\/v2\/posts\/312719","targetHints":{"allow":["GET"]}}],"collection":[{"href":"https:\/\/dimensionturistica.com\/es\/wp-json\/wp\/v2\/posts"}],"about":[{"href":"https:\/\/dimensionturistica.com\/es\/wp-json\/wp\/v2\/types\/post"}],"author":[{"embeddable":true,"href":"https:\/\/dimensionturistica.com\/es\/wp-json\/wp\/v2\/users\/1"}],"replies":[{"embeddable":true,"href":"https:\/\/dimensionturistica.com\/es\/wp-json\/wp\/v2\/comments?post=312719"}],"version-history":[{"count":0,"href":"https:\/\/dimensionturistica.com\/es\/wp-json\/wp\/v2\/posts\/312719\/revisions"}],"wp:featuredmedia":[{"embeddable":true,"href":"https:\/\/dimensionturistica.com\/es\/wp-json\/wp\/v2\/media\/312722"}],"wp:attachment":[{"href":"https:\/\/dimensionturistica.com\/es\/wp-json\/wp\/v2\/media?parent=312719"}],"wp:term":[{"taxonomy":"category","embeddable":true,"href":"https:\/\/dimensionturistica.com\/es\/wp-json\/wp\/v2\/categories?post=312719"},{"taxonomy":"post_tag","embeddable":true,"href":"https:\/\/dimensionturistica.com\/es\/wp-json\/wp\/v2\/tags?post=312719"}],"curies":[{"name":"wp","href":"https:\/\/api.w.org\/{rel}","templated":true}]}}