{"id":312571,"date":"2022-05-05T09:51:49","date_gmt":"2022-05-05T09:51:49","guid":{"rendered":"https:\/\/dimensionturistica.com\/es\/?p=312571"},"modified":"2022-05-05T09:51:50","modified_gmt":"2022-05-05T09:51:50","slug":"entrevista-con-el-papa-de-lucho-diaz","status":"publish","type":"post","link":"https:\/\/dimensionturistica.com\/es\/entrevista-con-el-papa-de-lucho-diaz\/","title":{"rendered":"Entrevista con el pap\u00e1 de \u2018Lucho\u2019 D\u00edaz"},"content":{"rendered":"<p> <br \/>\n<\/p>\n<div>\n<p>Luis Manuel D\u00edaz es por estos d\u00edas el padre m\u00e1s orgulloso del pa\u00eds, su hijo, \u2018Lucho\u2019 D\u00edaz fue figura en la clasificaci\u00f3n del Liverpool a la closing de la Champions League.<\/p>\n<p>Desde Barrancas en La Guajira, habl\u00f3 en entrevista con Se\u00f1al de la Ma\u00f1ana de Radio Nacional de Colombia, sobre lo que significa este paso en la carrera deportiva de su hijo.<\/p>\n<p>\u201cEs el fruto de muchos a\u00f1os de entrega y disciplina, est\u00e1 demostrando que est\u00e1 listo para jugar con los mejores del mundo\u201d.<\/p>\n<p>Luis Manuel record\u00f3 que cuando period ni\u00f1o, el ahora descollante delantero del equipo ingl\u00e9s, se quedaba hasta horas de la noche jugando f\u00fatbol en las calles cercanas a la casa de la abuela materna.\u00a0<\/p>\n<p>\u201cLa \u00fanica persona a la que le hac\u00eda caso en el llamado para entrarse y dejar de jugar f\u00fatbol era a mi mam\u00e1. Ella lo consent\u00eda mucho de ni\u00f1o\u201d y agreg\u00f3 que su pasi\u00f3n eran los videojuegos y ver partidos de f\u00fatbol europeo. \u201cDe ni\u00f1o era un muchacho de la casa, un muchacho dedicado a sus cosas. Prefer\u00eda un videojuego de Ronaldinho o un partido en televisi\u00f3n que salir a fiestas o trasnochar\u201d.<\/p>\n<p>Tambi\u00e9n record\u00f3 la gran capacidad de adaptaci\u00f3n de su hijo: \u201cLucho siempre desde que jugaba en el J\u00fanior demostr\u00f3 que pod\u00eda complementarse con sus compa\u00f1eros, y ahora est\u00e1 cumpliendo gran parte de sus sue\u00f1os\u201d.\u00a0<\/p>\n<p>El 26 de mayo, Luis Manuel D\u00edaz viajar\u00e1 a Francia, donde espera ver a su hijo jugando la closing de la Champions League. \u201cYa estamos preparando los papeles para viajar la familia de Lucho, la familia de la esposa de Lucho, tambi\u00e9n mis hijos y viajo yo\u201d.<\/p>\n<p>Escuche la entrevista completa de Luis Manuel D\u00edaz, pap\u00e1 de \u2018Lucho\u2019 D\u00edaz en Se\u00f1al de la Ma\u00f1ana.<\/p>\n<\/div>\n\n<p><em> &#8221; Fuentes www.radionacional.co &#8221; <\/em><\/p>\n","protected":false},"excerpt":{"rendered":"<p>Luis Manuel D\u00edaz es por estos d\u00edas el padre m\u00e1s orgulloso del pa\u00eds, su hijo, \u2018Lucho\u2019 D\u00edaz fue figura en la clasificaci\u00f3n del Liverpool a la closing de la Champions League. Desde Barrancas en La Guajira, habl\u00f3 en entrevista con Se\u00f1al de la Ma\u00f1ana de Radio Nacional de Colombia, sobre lo que significa este paso [&hellip;]<\/p>\n","protected":false},"author":4,"featured_media":312572,"comment_status":"open","ping_status":"closed","sticky":false,"template":"","format":"standard","meta":{"om_disable_all_campaigns":false,"jnews-multi-image_gallery":[],"jnews_single_post":[],"jnews_primary_category":[],"jnews_social_meta":[],"footnotes":""},"categories":[39],"tags":[708],"class_list":["post-312571","post","type-post","status-publish","format-standard","has-post-thumbnail","hentry","category-viajes","tag-deportes"],"_links":{"self":[{"href":"https:\/\/dimensionturistica.com\/es\/wp-json\/wp\/v2\/posts\/312571","targetHints":{"allow":["GET"]}}],"collection":[{"href":"https:\/\/dimensionturistica.com\/es\/wp-json\/wp\/v2\/posts"}],"about":[{"href":"https:\/\/dimensionturistica.com\/es\/wp-json\/wp\/v2\/types\/post"}],"author":[{"embeddable":true,"href":"https:\/\/dimensionturistica.com\/es\/wp-json\/wp\/v2\/users\/4"}],"replies":[{"embeddable":true,"href":"https:\/\/dimensionturistica.com\/es\/wp-json\/wp\/v2\/comments?post=312571"}],"version-history":[{"count":0,"href":"https:\/\/dimensionturistica.com\/es\/wp-json\/wp\/v2\/posts\/312571\/revisions"}],"wp:featuredmedia":[{"embeddable":true,"href":"https:\/\/dimensionturistica.com\/es\/wp-json\/wp\/v2\/media\/312572"}],"wp:attachment":[{"href":"https:\/\/dimensionturistica.com\/es\/wp-json\/wp\/v2\/media?parent=312571"}],"wp:term":[{"taxonomy":"category","embeddable":true,"href":"https:\/\/dimensionturistica.com\/es\/wp-json\/wp\/v2\/categories?post=312571"},{"taxonomy":"post_tag","embeddable":true,"href":"https:\/\/dimensionturistica.com\/es\/wp-json\/wp\/v2\/tags?post=312571"}],"curies":[{"name":"wp","href":"https:\/\/api.w.org\/{rel}","templated":true}]}}