{"id":312566,"date":"2022-05-05T09:43:38","date_gmt":"2022-05-05T09:43:38","guid":{"rendered":"https:\/\/dimensionturistica.com\/es\/?p=312566"},"modified":"2022-05-05T09:43:39","modified_gmt":"2022-05-05T09:43:39","slug":"la-enogastronomia-y-las-rutas-del-vino-de-castilla-y-leon-viajan-hasta-el-pais-vasco","status":"publish","type":"post","link":"https:\/\/dimensionturistica.com\/es\/la-enogastronomia-y-las-rutas-del-vino-de-castilla-y-leon-viajan-hasta-el-pais-vasco\/","title":{"rendered":"La enogastronom\u00eda y las Rutas del Vino de Castilla y Le\u00f3n viajan hasta el Pa\u00eds Vasco"},"content":{"rendered":"<p> <br \/>\n<\/p>\n<div id=\"article-body-content\" data-action=\"toggle\" data-status=\"on\">\n<section class=\"rel-news\" data-mrf-recirculation=\"noticias-relacionadas-noticia\">\n<h4>Noticias relacionadas<\/h4>\n<\/section>\n<p id=\"paragraph_1\">La Junta de Castilla y Le\u00f3n participa en la 43 edici\u00f3n de la Feria Expovacaciones, que se celebra hasta el domingo en el Bilbao Exhibition Centre, situado en la localidad de Barakaldo. Se trata de una de las <strong>principales ferias<\/strong> de la zona norte de Espa\u00f1a y la m\u00e1s importante que se desarrolla en el Pa\u00eds Vasco.<\/p>\n<p id=\"paragraph_2\">Castilla y Le\u00f3n estar\u00e1 presente en esta feria tur\u00edstica con un stand promocional de 100 m2 en el que participar\u00e1n ocho de los nueve patronatos provinciales de turismo: Burgos, Le\u00f3n, Palencia, Salamanca, Segovia, Soria, Valladolid y Zamora. A trav\u00e9s de estos espacios provinciales los visitantes podr\u00e1n conocer m\u00e1s espec\u00edficamente los recursos y servicios que ofrecen <strong>cada una de las provincias de Castilla y Le\u00f3n.<\/strong><\/p>\n<p id=\"paragraph_3\">Dentro del stand promocional de la Junta tambi\u00e9n participar\u00e1n las nueve Rutas del Vino de Castilla y Le\u00f3n, marca tur\u00edstica que engloba el enoturismo de la Comunidad, con una amplia oferta l\u00edder <strong>a nivel nacional<\/strong>. En este sentido, este a\u00f1o, como novedad en esta feria, se ha dise\u00f1ado, dentro del stand institucional, un espacio destinado a la realizaci\u00f3n de presentaciones y catas de productos, que contar\u00e1 con una importante presencia promocional de las Rutas del Vino de Castilla y Le\u00f3n, con un mostrador de informaci\u00f3n tematizado, situado al lado del mostrador institucional.<\/p>\n<p id=\"paragraph_4\">Las nueve Rutas del Vino de Castilla y Le\u00f3n presentar\u00e1n durante los d\u00edas de la feria un completo <strong>programa<\/strong> de degustaciones y catas que se completar\u00e1 durante el fin de semana con la celebraci\u00f3n de sorteos de productos, experiencias tur\u00edsticas, and so forth., que seguro ser\u00e1n del inter\u00e9s de los profesionales, periodistas y p\u00fablico asistentes a la feria.<\/p>\n<p id=\"paragraph_5\">Adem\u00e1s y con el objetivo de impulsar la comercializaci\u00f3n del destino tur\u00edstico, dentro del stand institucional, los coexpositores podr\u00e1n mantener peque\u00f1as reuniones y encuentros de trabajo en un espacio comercial habilitado para el desarrollo de los encuentros. A nivel promocional, adem\u00e1s de toda la oferta de <strong>turismo de alojamiento, pure y cultural<\/strong> de la Comunidad, uno de los puntos m\u00e1s originales del stand lo constituye la colocaci\u00f3n de la figura de una oveja decorada por artistas de Castilla y Le\u00f3n, que tiene como objetivo la promoci\u00f3n de la<span>\u00a0<\/span><em>Feria Fromag\u00f4 Cheese Expertise<\/em>, que tendr\u00e1 lugar en Zamora los d\u00edas 15 al 18 de septiembre de 2022.<\/p>\n<h3 class=\"content__summary-title\"><strong>Pa\u00eds Vasco, mercado emisor prioritario<\/strong><\/h3>\n<p id=\"paragraph_6\">El Pa\u00eds Vasco se sit\u00faa actualmente en la quinta posici\u00f3n como mercado emisor de turistas a Castilla y Le\u00f3n por detr\u00e1s de la Comunidad de Madrid, Castilla y Le\u00f3n, Andaluc\u00eda y Catalu\u00f1a. El a\u00f1o 2021 llegaron a Castilla y Le\u00f3n un complete de <strong>278.842 viajeros<\/strong> procedentes del Pa\u00eds Vasco, lo que representa el 6,51 % del complete de los viajeros espa\u00f1oles que llegaron a la Comunidad. Esta cifra se increment\u00f3 en un 57,21 % con respecto al a\u00f1o 2020, en el que fueron 177.368 los viajeros vascos que visitaron Castilla y Le\u00f3n.<\/p>\n<p id=\"paragraph_7\">Castilla y Le\u00f3n mantiene una gran presencia en el Pa\u00eds Vasco a trav\u00e9s de m\u00e1s de una veintena de Casas, Federaciones y Centros de Castilla y Le\u00f3n situados en las tres provincias vascas y que act\u00faan como excelentes embajadores de la Comunidad, organizando jornadas diversas y actividades de promoci\u00f3n, dando a conocer el destino entre la poblaci\u00f3n vasca. La participaci\u00f3n de Castilla y Le\u00f3n en esta feria del Pa\u00eds Vasco supone <strong>una acci\u00f3n m\u00e1s de acercamiento y hermanamiento<\/strong> con las diferentes agrupaciones y entidades que trabajan en la Comunidad vecina.<\/p>\n<p id=\"paragraph_8\">Tras la pandemia son muchas <strong>las ganas de viajar<\/strong> y Castilla y Le\u00f3n se presenta en Expovacaciones como uno de los mejores destinos para disfrutar de las vacaciones, el ocio y el tiempo libre de manera segura, con un territorio que ofrece grandes espacios abiertos no masificados. Castilla y Le\u00f3n dispone de un amplio abanico de recursos tur\u00edsticos que responden a los gustos e intereses de todo tipo de p\u00fablicos: patrimonio, naturaleza, gastronom\u00eda, enoturismo, fiestas de inter\u00e9s, festivales, turismo rural o turismo activo, entre otros.<\/p>\n<h3 class=\"follow-topics-title\"><span class=\"follow-topics-title__icon\" \/>Sigue los temas que te interesan<\/h3>\n<\/p><\/div>\n\n<p><em> &#8221; Fuentes www.elespanol.com &#8221; <\/em><\/p>\n","protected":false},"excerpt":{"rendered":"<p>Noticias relacionadas La Junta de Castilla y Le\u00f3n participa en la 43 edici\u00f3n de la Feria Expovacaciones, que se celebra hasta el domingo en el Bilbao Exhibition Centre, situado en la localidad de Barakaldo. Se trata de una de las principales ferias de la zona norte de Espa\u00f1a y la m\u00e1s importante que se desarrolla [&hellip;]<\/p>\n","protected":false},"author":4,"featured_media":312567,"comment_status":"open","ping_status":"closed","sticky":false,"template":"","format":"standard","meta":{"om_disable_all_campaigns":false,"jnews-multi-image_gallery":[],"jnews_single_post":[],"jnews_primary_category":[],"jnews_social_meta":[],"footnotes":""},"categories":[39],"tags":[2026,544,4205],"class_list":["post-312566","post","type-post","status-publish","format-standard","has-post-thumbnail","hentry","category-viajes","tag-castilla-y-leon","tag-turismo","tag-vino"],"_links":{"self":[{"href":"https:\/\/dimensionturistica.com\/es\/wp-json\/wp\/v2\/posts\/312566","targetHints":{"allow":["GET"]}}],"collection":[{"href":"https:\/\/dimensionturistica.com\/es\/wp-json\/wp\/v2\/posts"}],"about":[{"href":"https:\/\/dimensionturistica.com\/es\/wp-json\/wp\/v2\/types\/post"}],"author":[{"embeddable":true,"href":"https:\/\/dimensionturistica.com\/es\/wp-json\/wp\/v2\/users\/4"}],"replies":[{"embeddable":true,"href":"https:\/\/dimensionturistica.com\/es\/wp-json\/wp\/v2\/comments?post=312566"}],"version-history":[{"count":0,"href":"https:\/\/dimensionturistica.com\/es\/wp-json\/wp\/v2\/posts\/312566\/revisions"}],"wp:featuredmedia":[{"embeddable":true,"href":"https:\/\/dimensionturistica.com\/es\/wp-json\/wp\/v2\/media\/312567"}],"wp:attachment":[{"href":"https:\/\/dimensionturistica.com\/es\/wp-json\/wp\/v2\/media?parent=312566"}],"wp:term":[{"taxonomy":"category","embeddable":true,"href":"https:\/\/dimensionturistica.com\/es\/wp-json\/wp\/v2\/categories?post=312566"},{"taxonomy":"post_tag","embeddable":true,"href":"https:\/\/dimensionturistica.com\/es\/wp-json\/wp\/v2\/tags?post=312566"}],"curies":[{"name":"wp","href":"https:\/\/api.w.org\/{rel}","templated":true}]}}