{"id":312510,"date":"2022-05-05T06:42:50","date_gmt":"2022-05-05T06:42:50","guid":{"rendered":"https:\/\/dimensionturistica.com\/es\/?p=312510"},"modified":"2022-05-05T06:42:51","modified_gmt":"2022-05-05T06:42:51","slug":"nueva-york-y-otros-viajes-de-cine-y-con-el-cine-de-la-mano-de-par-impar","status":"publish","type":"post","link":"https:\/\/dimensionturistica.com\/es\/nueva-york-y-otros-viajes-de-cine-y-con-el-cine-de-la-mano-de-par-impar\/","title":{"rendered":"Nueva York y otros viajes de cine y con el cine, de la mano de Par-Impar"},"content":{"rendered":"<p> <br \/>\n<\/p>\n<div>\n<p>El quinto episodio de <strong>El Placer de Viajar<\/strong> es muy especial: <strong>Carmelo Jord\u00e1 <\/strong>y<strong> Kelu Robles<\/strong> reciben en el estudio a dos aut\u00e9nticas estrellas: <strong>Juanma Gonz\u00e1lez<\/strong> y <strong>Daniel Palacios, <\/strong>de<strong> Par-Impar<\/strong>, visitan el podcast de viajes de Libertad Digital y esRadio para hablarnos de sus viajes.<\/p>\n<p>\u00bfQue lugares han visitado tras enamorarse de ellos al verlo en una pel\u00edcula? La Nueva York de la tercera parte de <strong><em>La Jungla de Cristal<\/em><\/strong>, <em><strong>La ventana indiscreta<\/strong><\/em>, las pel\u00edculas y sequence de <strong>Marvel<\/strong> o, por supuesto, de <strong>Woody Allen<\/strong> es por supuesto la primera ciudad citada, en la que los presentadores del podcast de cine nos cuentan algunas an\u00e9ndotas divertidas.<\/p>\n<p>Pero no la \u00fanica: la <strong>San Francisco<\/strong> que <strong>Hitchcock<\/strong> reflej\u00f3 maravillosamente en <em><strong>V\u00e9rtigo<\/strong><\/em>, la Irlanda de la \u00faltima saga de<strong> Star Wars<\/strong> o el <strong>T\u00fanez<\/strong> de las primera pel\u00edcula de la guerra de las galaxias estrenada tambi\u00e9n est\u00e1n presentes.<\/p>\n<p>El podcast viaja incluso a a aquellos lugares que todos quieren visitar por haberlo visto en una pantalla, pero que todav\u00eda no han podido conocer, \u00a1no se lo pierdan porque hay sorpresas!<\/p>\n<\/p><\/div>\n\n<p><em> &#8221; Fuentes esradio.libertaddigital.com &#8221; <\/em><\/p>\n","protected":false},"excerpt":{"rendered":"<p>El quinto episodio de El Placer de Viajar es muy especial: Carmelo Jord\u00e1 y Kelu Robles reciben en el estudio a dos aut\u00e9nticas estrellas: Juanma Gonz\u00e1lez y Daniel Palacios, de Par-Impar, visitan el podcast de viajes de Libertad Digital y esRadio para hablarnos de sus viajes. \u00bfQue lugares han visitado tras enamorarse de ellos al [&hellip;]<\/p>\n","protected":false},"author":4,"featured_media":312511,"comment_status":"open","ping_status":"closed","sticky":false,"template":"","format":"standard","meta":{"om_disable_all_campaigns":false,"jnews-multi-image_gallery":[],"jnews_single_post":[],"jnews_primary_category":[],"jnews_social_meta":[],"footnotes":""},"categories":[39],"tags":[45225,45226,2506,45227],"class_list":["post-312510","post","type-post","status-publish","format-standard","has-post-thumbnail","hentry","category-viajes","tag-daniel-palacios","tag-juanma-gonzalez","tag-nueva-york","tag-par-impar"],"_links":{"self":[{"href":"https:\/\/dimensionturistica.com\/es\/wp-json\/wp\/v2\/posts\/312510","targetHints":{"allow":["GET"]}}],"collection":[{"href":"https:\/\/dimensionturistica.com\/es\/wp-json\/wp\/v2\/posts"}],"about":[{"href":"https:\/\/dimensionturistica.com\/es\/wp-json\/wp\/v2\/types\/post"}],"author":[{"embeddable":true,"href":"https:\/\/dimensionturistica.com\/es\/wp-json\/wp\/v2\/users\/4"}],"replies":[{"embeddable":true,"href":"https:\/\/dimensionturistica.com\/es\/wp-json\/wp\/v2\/comments?post=312510"}],"version-history":[{"count":0,"href":"https:\/\/dimensionturistica.com\/es\/wp-json\/wp\/v2\/posts\/312510\/revisions"}],"wp:featuredmedia":[{"embeddable":true,"href":"https:\/\/dimensionturistica.com\/es\/wp-json\/wp\/v2\/media\/312511"}],"wp:attachment":[{"href":"https:\/\/dimensionturistica.com\/es\/wp-json\/wp\/v2\/media?parent=312510"}],"wp:term":[{"taxonomy":"category","embeddable":true,"href":"https:\/\/dimensionturistica.com\/es\/wp-json\/wp\/v2\/categories?post=312510"},{"taxonomy":"post_tag","embeddable":true,"href":"https:\/\/dimensionturistica.com\/es\/wp-json\/wp\/v2\/tags?post=312510"}],"curies":[{"name":"wp","href":"https:\/\/api.w.org\/{rel}","templated":true}]}}