{"id":312376,"date":"2022-05-04T23:47:17","date_gmt":"2022-05-04T23:47:17","guid":{"rendered":"https:\/\/dimensionturistica.com\/es\/?p=312376"},"modified":"2022-05-04T23:47:18","modified_gmt":"2022-05-04T23:47:18","slug":"gran-caribe-y-blue-diamond-anuncian-gestion-conjunta-de-toda-la-oferta-hotelera-en-cayo-largo-del-sur","status":"publish","type":"post","link":"https:\/\/dimensionturistica.com\/es\/gran-caribe-y-blue-diamond-anuncian-gestion-conjunta-de-toda-la-oferta-hotelera-en-cayo-largo-del-sur\/","title":{"rendered":"Gran Caribe y Blue Diamond anuncian gesti\u00f3n conjunta de toda la oferta hotelera en Cayo Largo del Sur"},"content":{"rendered":"<p> <br \/>\n<\/p>\n<div>\n<div id=\"attachment_1076891\" style=\"width: 580px\" class=\"wp-caption alignnone wp-image-1076891 size-large\"><img decoding=\"async\" class=\"wp-image-1076891 size-large\" src=\"http:\/\/media.cubadebate.cu\/wp-content\/uploads\/2018\/06\/Cuba-vista-desde-el-espacio.-Nasa-7-580x385.jpg\" alt=\"\" width=\"580\" height=\"385\" \/><\/p>\n<p class=\"wp-caption-text\">Cayo Largo visto desee el espacio. Foto: NASA\/Archivo<\/p>\n<\/div>\n<p class=\"p1\"><span class=\"s1\"><strong>El Grupo Gran Caribe y la cadena hotelera <a rel=\"nofollow noopener\" target=\"_blank\" href=\"http:\/\/www.cubadebate.cu\/noticias\/2019\/05\/08\/sigue-la-apuesta-por-cuba-blue-diamond-gestionara-nuevos-hoteles-en-cayo-coco-y-varadero\/amp\/\">Blue Diamond Resorts<\/a> tendr\u00e1n la gesti\u00f3n conjunta de todas las instalaciones hoteleras y extrahoteleras de Cayo Largo del Sur<\/strong>, anunci\u00f3 este mi\u00e9rcoles Miguel Garc\u00eda, director de comunicaci\u00f3n de esta empresa extranjera en Cuba. <\/span><\/p>\n<p class=\"p1\"><span class=\"s1\">Blue Diamond, que gestiona marcas en la Isla como Recollections, Royalton y Starfish, dio a conocer esta noticia durante la jornada de hoy en la Feria Internacional de Turismo 2022 en Varadero. <\/span><\/p>\n<p class=\"p1\"><span class=\"s1\"><strong>La fecha de inicio de la gesti\u00f3n de Blue Diamond, prevista para la temporada de invierno 2022-2023, ocurrir\u00e1 de manera paulatina y gradual en la medida en que las instalaciones vayan siendo avaladas con los est\u00e1ndares de la marca<\/strong>, inform\u00f3 el directivo. <\/span><\/p>\n<p class=\"p1\"><span class=\"s1\">\u201cPara Blue Diamond ser\u00e1 un proyecto de gran alcance y una experiencia \u00fanica, pues estamos hablando de la gesti\u00f3n casi integral de un destino tur\u00edstico con todas sus instalaciones\u201d, dijo y destac\u00f3 el inter\u00e9s de la cadena en renacer este lugar de la costa sur de Cuba e insertarlo en los mercados internacionales. <\/span><\/p>\n<p class=\"p1\"><span class=\"s1\">En Cayo Largo del Sur se trabajar\u00e1 en la ampliaci\u00f3n del aeropuerto para establecer conexiones a\u00e9reas, as\u00ed como en aumentar las prestaciones y ofertas, sobre todo de la Marina Marlin, uno de sus principales atractivos. <\/span><\/p>\n<p class=\"p1\"><span class=\"s1\">El polo tur\u00edstico, donde se encuentran algunas de las mejores playas del mundo, cuenta actualmente con cerca de 1 348 habitaciones.<\/span><\/p>\n<blockquote class=\"twitter-tweet\">\n<p dir=\"ltr\" lang=\"es\">Cadena Blue Diamond junto a <a rel=\"nofollow noopener\" target=\"_blank\" href=\"https:\/\/twitter.com\/hashtag\/GranCaribe?src=hash&amp;ref_src=twsrc%5Etfw\">#GranCaribe<\/a> gestionar\u00e1 el destino Cayo Largo del Sur, anuncian expertos durante la presentaci\u00f3n del producto redimensionado. <a rel=\"nofollow noopener\" target=\"_blank\" href=\"https:\/\/twitter.com\/hashtag\/FitCuba2022?src=hash&amp;ref_src=twsrc%5Etfw\">#FitCuba2022<\/a> <a rel=\"nofollow noopener\" target=\"_blank\" href=\"https:\/\/twitter.com\/hashtag\/Cuba?src=hash&amp;ref_src=twsrc%5Etfw\">#Cuba<\/a> <a rel=\"nofollow noopener\" target=\"_blank\" href=\"https:\/\/t.co\/D58fR9oaGN\">pic.twitter.com\/D58fR9oaGN<\/a><\/p>\n<p>\u2014 Ministerio Turismo (@MinturCuba) <a rel=\"nofollow noopener\" target=\"_blank\" href=\"https:\/\/twitter.com\/MinturCuba\/status\/1521962566989328386?ref_src=twsrc%5Etfw\">May 4, 2022<\/a><\/p>\n<\/blockquote>\n<p class=\"p1\"><span class=\"s1\">Garc\u00eda tambi\u00e9n inform\u00f3 que actualmente el Ministerio de Ciencia, Tecnolog\u00eda y Medio Ambiente (CITMA) se encuentra realizando los estudios para realizar las labores del dragado en las zonas hoteleras donde es necesario fomentar la inyecci\u00f3n de enviornment. <\/span><\/p>\n<p class=\"p1\"><span class=\"s1\">Este martes, durante la inauguraci\u00f3n de FITCuba-2022, el primer ministro cubano, Manuel Marrero Cruz, reafirm\u00f3 que la feria es la oportunidad para relanzar <a rel=\"nofollow noopener\" target=\"_blank\" href=\"http:\/\/www.cubadebate.cu\/especiales\/2021\/04\/05\/el-encanto-de-las-playas-de-cuba\/\">Cayo Largo<\/a>, un destino que este a\u00f1o celebr\u00f3 su 40 aniversario.<\/span><\/p>\n<p class=\"p1\"><span class=\"s1\">Justamente para el aniversario se realizaron acciones de inversi\u00f3n y mantenimiento en la planta hotelera, los ranchones, las instalaciones de Playa Sirena, las pasarelas, as\u00ed como una reparaci\u00f3n capital de la terminal a\u00e9rea y la pista del Aeropuerto Internacional Vilo Acu\u00f1a.<\/span><\/p>\n<div id=\"attachment_945305\" style=\"width: 580px\" class=\"wp-caption alignnone wp-image-945305 size-large\"><img decoding=\"async\" class=\"wp-image-945305 size-large\" src=\"http:\/\/media.cubadebate.cu\/wp-content\/uploads\/2017\/08\/Cayo-Largo-Cuba-580x409.jpg\" alt=\"\" width=\"580\" height=\"409\" \/><\/p>\n<p class=\"wp-caption-text\">Cayo Largo. Foto: Oficina de Turismo de Cuba\/Archivo<\/p>\n<\/div>\n<div id=\"anexos_list\" data-nocrono=\"\" data-parent-id=\"1686892\">\n<section id=\"anexo-1686984\" data-anexos-id=\"1686984\" data-time=\"2022-05-04 16:45:21\" class=\"anexos-article relevant_anexo\">\n<header>\n<h3>Planta hotelera de Gaviota lista para reactivaci\u00f3n del turismo<\/h3>\n<\/header>\n<div class=\"section-body\">\n<div id=\"attachment_1386793\" style=\"width: 580px\" class=\"wp-caption alignnone wp-image-1386793 size-large\"><img decoding=\"async\" class=\"wp-image-1386793 size-large\" src=\"http:\/\/media.cubadebate.cu\/wp-content\/uploads\/2020\/06\/gaviota-580x305.jpg\" alt=\"\" width=\"580\" height=\"305\" \/><\/p>\n<p class=\"wp-caption-text\">Foto: Grupo de Turismo Gaviota\/Archivo<\/p>\n<\/div>\n<p class=\"p1\"><span class=\"s1\">Esta ma\u00f1ana tambi\u00e9n tuvo lugar la presentaci\u00f3n del producto tur\u00edstico de Gaviota, que cuenta con una planta hotelera m\u00e1s de 10 000 habitaciones en 15 hoteles de Varadero. <\/span><\/p>\n<p class=\"p1\"><span class=\"s1\">Durante su intervenci\u00f3n, <strong>el vicepresidente de Mercadotecnia de Gaviota, Frank Pa\u00eds Oltuski,<\/strong> destac\u00f3 la informatizaci\u00f3n de las instalaciones, la cual ha marcado un antes y un despu\u00e9s y aporta valor y atractivo a la oferta. <\/span><\/p>\n<p class=\"p1\"><span class=\"s1\">Oltuski destac\u00f3 las facilidades de pago digital y el web ilimitado en los hoteles cuatro y cinco estrellas, as\u00ed como la disponibilidad en todo el resto. <\/span><\/p>\n<p class=\"p1\"><span class=\"s1\">De igual modo, resalt\u00f3 las potencialidades de la marina de Varadero, que cuenta con m\u00e1s de 1 200 atraques y una excelente flota de catamaranes. <\/span><\/p>\n<p class=\"p1\"><span class=\"s1\">El vicepresidente de Mercadotecnia llam\u00f3 a concebir el desarrollo del turismo unido al fomento de la n\u00e1utica en Cuba. \u201cCompartir con el mundo la belleza de nuestros paisajes costeros. Esto es lo que explica que Marina Gaviota constituya una de nuestras grandes empresas\u201d, dijo. <\/span><\/p>\n<p class=\"p1\"><span class=\"s1\">Tambi\u00e9n coment\u00f3 acerca de la nueva plaza tur\u00edstica Oasis situada a la entrada de Varadero, la cual \u201cdiversifica el producto Gaviota en este destino\u201d. <\/span><\/p>\n<p class=\"p1\"><span class=\"s1\">Oltuski apunt\u00f3 que contin\u00faan consolidando el proyecto gastron\u00f3mico Nativa como una forma de compartir la mejor herencia cultural criolla y que avanzan en pol\u00edticas de gesti\u00f3n m\u00e1s amigables. <\/span><\/p>\n<p class=\"p1\"><span class=\"s1\"><strong>\u201cNuestra planta hotelera se encuentra vital y lista en todo el pa\u00eds\u201d<\/strong>, asegur\u00f3.<\/span><\/p>\n<blockquote class=\"twitter-tweet\">\n<p dir=\"ltr\" lang=\"es\">Con la presencia de <a rel=\"nofollow noopener\" target=\"_blank\" href=\"https:\/\/twitter.com\/MMarreroCruz?ref_src=twsrc%5Etfw\">@MMarreroCruz<\/a>, Primer Ministro de la Rep\u00fablica de <a rel=\"nofollow noopener\" target=\"_blank\" href=\"https:\/\/twitter.com\/hashtag\/Cuba?src=hash&amp;ref_src=twsrc%5Etfw\">#Cuba<\/a>, tiene lugar el conversatorio sobre la cultura ronera cubana y sus maestros.<a rel=\"nofollow noopener\" target=\"_blank\" href=\"https:\/\/twitter.com\/hashtag\/FITCuba2022?src=hash&amp;ref_src=twsrc%5Etfw\">#FITCuba2022<\/a> <a rel=\"nofollow noopener\" target=\"_blank\" href=\"https:\/\/t.co\/YcWSUOYgHf\">pic.twitter.com\/YcWSUOYgHf<\/a><\/p>\n<p>\u2014 Ministerio Turismo (@MinturCuba) <a rel=\"nofollow noopener\" target=\"_blank\" href=\"https:\/\/twitter.com\/MinturCuba\/status\/1521886358196916225?ref_src=twsrc%5Etfw\">May 4, 2022<\/a><\/p>\n<\/blockquote>\n<p class=\"p1\"><span class=\"s1\">M\u00e1s tarde este mi\u00e9rcoles en FITCuba-2022 el ministro del Poder Widespread para el Turismo de Venezuela, Al\u00ed Padr\u00f3n Paredes, realiz\u00f3 una presentaci\u00f3n sobre las potencialidades de su pa\u00eds como destino tur\u00edstico.\u00a0<\/span><\/p>\n<h3>En video, ministro venezolano<\/h3>\n<\/p><\/div>\n<\/section>\n<h3>Vea adem\u00e1s:<\/h3>\n<blockquote class=\"wp-embedded-content\" data-secret=\"Z87dvkmryv\">\n<p><a rel=\"nofollow noopener\" target=\"_blank\" href=\"http:\/\/www.cubadebate.cu\/noticias\/2022\/05\/02\/feria-de-turismo-de-cuba-2022-se-celebrara-esta-semana-en-varadero\/\">Feria de Turismo de Cuba 2022 se celebrar\u00e1 esta semana en Varadero<\/a><\/p>\n<\/blockquote>\n<\/p><\/div>\n<p>                            <!-- AddThis Button BEGIN --><\/p>\n<p>                            <!-- AddThis Button END --><\/p><\/div>\n\n<p><em> &#8221; Fuentes www.cubadebate.cu &#8221; <\/em><\/p>\n","protected":false},"excerpt":{"rendered":"<p>Cayo Largo visto desee el espacio. Foto: NASA\/Archivo El Grupo Gran Caribe y la cadena hotelera Blue Diamond Resorts tendr\u00e1n la gesti\u00f3n conjunta de todas las instalaciones hoteleras y extrahoteleras de Cayo Largo del Sur, anunci\u00f3 este mi\u00e9rcoles Miguel Garc\u00eda, director de comunicaci\u00f3n de esta empresa extranjera en Cuba. Blue Diamond, que gestiona marcas en [&hellip;]<\/p>\n","protected":false},"author":4,"featured_media":312377,"comment_status":"open","ping_status":"closed","sticky":false,"template":"","format":"standard","meta":{"om_disable_all_campaigns":false,"jnews-multi-image_gallery":[],"jnews_single_post":[],"jnews_primary_category":[],"jnews_social_meta":[],"footnotes":""},"categories":[39],"tags":[715,705],"class_list":["post-312376","post","type-post","status-publish","format-standard","has-post-thumbnail","hentry","category-viajes","tag-economia","tag-noticias"],"_links":{"self":[{"href":"https:\/\/dimensionturistica.com\/es\/wp-json\/wp\/v2\/posts\/312376","targetHints":{"allow":["GET"]}}],"collection":[{"href":"https:\/\/dimensionturistica.com\/es\/wp-json\/wp\/v2\/posts"}],"about":[{"href":"https:\/\/dimensionturistica.com\/es\/wp-json\/wp\/v2\/types\/post"}],"author":[{"embeddable":true,"href":"https:\/\/dimensionturistica.com\/es\/wp-json\/wp\/v2\/users\/4"}],"replies":[{"embeddable":true,"href":"https:\/\/dimensionturistica.com\/es\/wp-json\/wp\/v2\/comments?post=312376"}],"version-history":[{"count":0,"href":"https:\/\/dimensionturistica.com\/es\/wp-json\/wp\/v2\/posts\/312376\/revisions"}],"wp:featuredmedia":[{"embeddable":true,"href":"https:\/\/dimensionturistica.com\/es\/wp-json\/wp\/v2\/media\/312377"}],"wp:attachment":[{"href":"https:\/\/dimensionturistica.com\/es\/wp-json\/wp\/v2\/media?parent=312376"}],"wp:term":[{"taxonomy":"category","embeddable":true,"href":"https:\/\/dimensionturistica.com\/es\/wp-json\/wp\/v2\/categories?post=312376"},{"taxonomy":"post_tag","embeddable":true,"href":"https:\/\/dimensionturistica.com\/es\/wp-json\/wp\/v2\/tags?post=312376"}],"curies":[{"name":"wp","href":"https:\/\/api.w.org\/{rel}","templated":true}]}}