{"id":312304,"date":"2022-05-04T21:10:18","date_gmt":"2022-05-04T21:10:18","guid":{"rendered":"https:\/\/dimensionturistica.com\/es\/?p=312304"},"modified":"2022-05-04T21:10:19","modified_gmt":"2022-05-04T21:10:19","slug":"aerolinea-mexicana-incrementara-vuelos-a-cuba-y-suma-ruta-a-varadero","status":"publish","type":"post","link":"https:\/\/dimensionturistica.com\/es\/aerolinea-mexicana-incrementara-vuelos-a-cuba-y-suma-ruta-a-varadero\/","title":{"rendered":"Aerol\u00ednea mexicana incrementar\u00e1 vuelos a Cuba y suma ruta a Varadero"},"content":{"rendered":"<p> <br \/>\n<\/p>\n<div>\n<p style=\"text-align: center\">\u00a9 2016-2021 Agencia Informativa Latinoamericana S.A.<\/p>\n<p style=\"text-align: center\">Radio \u2013 Televisi\u00f3n \u2013 Publicaciones impresas y digitales.<br \/>Todos los derechos reservados.<\/p>\n<p style=\"text-align: center\">Calle E # 454 esq. 19, Vedado, La Habana, Cuba.<br \/>Tel\u00e9f: (+53) 7 838 3496, (+53) 7 838 3497, (+53) 7 838 3498, (+53) 7 838 3499<br \/>Prensa Latina \u00a9 2021 .<\/p>\n<p style=\"text-align: center\">Sitio dise\u00f1ado y desarrollado por el Departamento de Desarrollo de la Direcci\u00f3n T\u00e9cnica de Prensa Latina.<\/p>\n<\/p><\/div>\n\n<p><em> &#8221; Fuentes www.prensa-latina.cu &#8221; <\/em><\/p>\n","protected":false},"excerpt":{"rendered":"<p>\u00a9 2016-2021 Agencia Informativa Latinoamericana S.A. Radio \u2013 Televisi\u00f3n \u2013 Publicaciones impresas y digitales.Todos los derechos reservados. Calle E # 454 esq. 19, Vedado, La Habana, Cuba.Tel\u00e9f: (+53) 7 838 3496, (+53) 7 838 3497, (+53) 7 838 3498, (+53) 7 838 3499Prensa Latina \u00a9 2021 . Sitio dise\u00f1ado y desarrollado por el Departamento de [&hellip;]<\/p>\n","protected":false},"author":4,"featured_media":221258,"comment_status":"open","ping_status":"closed","sticky":false,"template":"","format":"standard","meta":{"om_disable_all_campaigns":false,"jnews-multi-image_gallery":[],"jnews_single_post":[],"jnews_primary_category":[],"jnews_social_meta":[],"footnotes":""},"categories":[40],"tags":[956,715,769,35201,740],"class_list":["post-312304","post","type-post","status-publish","format-standard","has-post-thumbnail","hentry","category-industria","tag-cuba","tag-economia","tag-mexico","tag-nota-informativa","tag-vuelos"],"_links":{"self":[{"href":"https:\/\/dimensionturistica.com\/es\/wp-json\/wp\/v2\/posts\/312304","targetHints":{"allow":["GET"]}}],"collection":[{"href":"https:\/\/dimensionturistica.com\/es\/wp-json\/wp\/v2\/posts"}],"about":[{"href":"https:\/\/dimensionturistica.com\/es\/wp-json\/wp\/v2\/types\/post"}],"author":[{"embeddable":true,"href":"https:\/\/dimensionturistica.com\/es\/wp-json\/wp\/v2\/users\/4"}],"replies":[{"embeddable":true,"href":"https:\/\/dimensionturistica.com\/es\/wp-json\/wp\/v2\/comments?post=312304"}],"version-history":[{"count":0,"href":"https:\/\/dimensionturistica.com\/es\/wp-json\/wp\/v2\/posts\/312304\/revisions"}],"wp:featuredmedia":[{"embeddable":true,"href":"https:\/\/dimensionturistica.com\/es\/wp-json\/wp\/v2\/media\/221258"}],"wp:attachment":[{"href":"https:\/\/dimensionturistica.com\/es\/wp-json\/wp\/v2\/media?parent=312304"}],"wp:term":[{"taxonomy":"category","embeddable":true,"href":"https:\/\/dimensionturistica.com\/es\/wp-json\/wp\/v2\/categories?post=312304"},{"taxonomy":"post_tag","embeddable":true,"href":"https:\/\/dimensionturistica.com\/es\/wp-json\/wp\/v2\/tags?post=312304"}],"curies":[{"name":"wp","href":"https:\/\/api.w.org\/{rel}","templated":true}]}}