{"id":312177,"date":"2022-05-04T18:15:14","date_gmt":"2022-05-04T18:15:14","guid":{"rendered":"https:\/\/dimensionturistica.com\/es\/?p=312177"},"modified":"2022-05-04T18:15:14","modified_gmt":"2022-05-04T18:15:14","slug":"la-ocupacion-hotelera-tiene-un-promedio-que-supera-el-63-en-el-periodo-de-semana-santa-y-pascua-2022","status":"publish","type":"post","link":"https:\/\/dimensionturistica.com\/es\/la-ocupacion-hotelera-tiene-un-promedio-que-supera-el-63-en-el-periodo-de-semana-santa-y-pascua-2022\/","title":{"rendered":"La ocupaci\u00f3n hotelera tiene un promedio que supera el 63% en el periodo de Semana Santa y Pascua 2022"},"content":{"rendered":"<p><img decoding=\"async\" class=\"size-medium wp-image-312182 alignright\" src=\"https:\/\/dimensionturistica.com\/es\/wp-content\/uploads\/2022\/05\/SIN_mazatlan-300x200.jpeg\" alt=\"\" width=\"300\" height=\"200\" srcset=\"https:\/\/dimensionturistica.com\/es\/wp-content\/uploads\/2022\/05\/SIN_mazatlan-300x200.jpeg 300w, https:\/\/dimensionturistica.com\/es\/wp-content\/uploads\/2022\/05\/SIN_mazatlan-1024x682.jpeg 1024w, https:\/\/dimensionturistica.com\/es\/wp-content\/uploads\/2022\/05\/SIN_mazatlan-768x512.jpeg 768w, https:\/\/dimensionturistica.com\/es\/wp-content\/uploads\/2022\/05\/SIN_mazatlan-750x500.jpeg 750w, https:\/\/dimensionturistica.com\/es\/wp-content\/uploads\/2022\/05\/SIN_mazatlan-1140x760.jpeg 1140w, https:\/\/dimensionturistica.com\/es\/wp-content\/uploads\/2022\/05\/SIN_mazatlan.jpeg 1280w\" sizes=\"(max-width: 300px) 100vw, 300px\" \/>El secretario de Turismo del Gobierno de M\u00e9xico, Miguel Torruco Marqu\u00e9s, dio a conocer que en el periodo vacacional de Semana Santa y Pascua 2022 se obtuvo el 63.6% de ocupaci\u00f3n hotelera, esto es 23.9 puntos porcentuales m\u00e1s comparado con el mismo periodo vacacional de 2021.<br \/>\nEl titular de la Secretar\u00eda de Turismo (Sectur) destac\u00f3 que se superaron las expectativas en los 12 centros seleccionados, durante las semanas 15 y 16 que comprendieron el periodo del lunes 11 al domingo 24 de abril de 2022.<br \/>\nIndic\u00f3 que en el periodo vacacional de Semana Santa y Pascua de 2021, que correspondi\u00f3 a las semanas 13 y 14, que correspondi\u00f3 del 29 de marzo al 11 de abril, se alcanz\u00f3 una ocupaci\u00f3n hotelera promedio del 39.7%.<br \/>\nTorruco Marqu\u00e9s agreg\u00f3 que a\u00fan faltan 1.5 puntos porcentuales para alcanzar<img decoding=\"async\" class=\"size-medium wp-image-312188 alignright\" src=\"https:\/\/dimensionturistica.com\/es\/wp-content\/uploads\/2022\/05\/COA_CuatroCienegas-300x200.jpeg\" alt=\"\" width=\"300\" height=\"200\" srcset=\"https:\/\/dimensionturistica.com\/es\/wp-content\/uploads\/2022\/05\/COA_CuatroCienegas-300x200.jpeg 300w, https:\/\/dimensionturistica.com\/es\/wp-content\/uploads\/2022\/05\/COA_CuatroCienegas-1024x682.jpeg 1024w, https:\/\/dimensionturistica.com\/es\/wp-content\/uploads\/2022\/05\/COA_CuatroCienegas-768x512.jpeg 768w, https:\/\/dimensionturistica.com\/es\/wp-content\/uploads\/2022\/05\/COA_CuatroCienegas-750x500.jpeg 750w, https:\/\/dimensionturistica.com\/es\/wp-content\/uploads\/2022\/05\/COA_CuatroCienegas-1140x760.jpeg 1140w, https:\/\/dimensionturistica.com\/es\/wp-content\/uploads\/2022\/05\/COA_CuatroCienegas.jpeg 1280w\" sizes=\"(max-width: 300px) 100vw, 300px\" \/> el nivel del periodo vacacional de Semana Santa y Pascua de 2019, en donde se registr\u00f3 un nivel de ocupaci\u00f3n hotelera del 65.1%.<br \/>\nPor centro tur\u00edstico, en el periodo vacacional de Semana Santa y Pascua de 2022, Puerto Vallarta registr\u00f3 80.7% de ocupaci\u00f3n hotelera promedio, esto es 23.8 puntos porcentuales m\u00e1s comparado con las semanas del periodo vacacional de 2021, en donde se alcanz\u00f3 el 56.9%.<br \/>\nLos Cabos registr\u00f3 una ocupaci\u00f3n de 80.0%, que en relaci\u00f3n con 2021, donde se observ\u00f3 un nivel de 62.4%, es 17.7 puntos porcentuales mayor, coment\u00f3 el titular de Sectur.<br \/>\nPuntualiz\u00f3 que Canc\u00fan obtuvo 78.1% de ocupaci\u00f3n hotelera promedio en<img decoding=\"async\" class=\"size-medium wp-image-312183 alignright\" src=\"https:\/\/dimensionturistica.com\/es\/wp-content\/uploads\/2022\/05\/QUERETARO-sierragorda-300x200.jpeg\" alt=\"\" width=\"300\" height=\"200\" srcset=\"https:\/\/dimensionturistica.com\/es\/wp-content\/uploads\/2022\/05\/QUERETARO-sierragorda-300x200.jpeg 300w, https:\/\/dimensionturistica.com\/es\/wp-content\/uploads\/2022\/05\/QUERETARO-sierragorda-1024x682.jpeg 1024w, https:\/\/dimensionturistica.com\/es\/wp-content\/uploads\/2022\/05\/QUERETARO-sierragorda-768x512.jpeg 768w, https:\/\/dimensionturistica.com\/es\/wp-content\/uploads\/2022\/05\/QUERETARO-sierragorda-750x500.jpeg 750w, https:\/\/dimensionturistica.com\/es\/wp-content\/uploads\/2022\/05\/QUERETARO-sierragorda-1140x760.jpeg 1140w, https:\/\/dimensionturistica.com\/es\/wp-content\/uploads\/2022\/05\/QUERETARO-sierragorda.jpeg 1280w\" sizes=\"(max-width: 300px) 100vw, 300px\" \/> ambas semanas, que respecto al mismo periodo vacacional de 2021, registr\u00f3 el 55.9%, significa 22.3 puntos porcentuales adicionales.<br \/>\nEn tanto, Acapulco registr\u00f3 65.4%, que comparado con 2021 se tienen 32.5 puntos porcentuales m\u00e1s. En dicho a\u00f1o se alcanz\u00f3 una ocupaci\u00f3n hotelera promedio de 32.9%.<br \/>\nTorruco Marqu\u00e9s agreg\u00f3 que la Ciudad de M\u00e9xico obtuvo 51.7% en el periodo vacacional 2022, 25.3 puntos porcentuales adicionales al mismo periodo vacacional de 2021, cuando se registr\u00f3 una ocupaci\u00f3n de 26.4%.<\/p>\n<p>&nbsp;<\/p>\n","protected":false},"excerpt":{"rendered":"<p>El secretario de Turismo del Gobierno de M\u00e9xico, Miguel Torruco Marqu\u00e9s, dio a conocer que en el periodo vacacional de Semana Santa y Pascua 2022 se obtuvo el 63.6% de ocupaci\u00f3n hotelera, esto es 23.9 puntos porcentuales m\u00e1s comparado con el mismo periodo vacacional de 2021. El titular de la Secretar\u00eda de Turismo (Sectur) destac\u00f3 [&hellip;]<\/p>\n","protected":false},"author":1,"featured_media":312187,"comment_status":"open","ping_status":"closed","sticky":false,"template":"","format":"standard","meta":{"om_disable_all_campaigns":false,"jnews-multi-image_gallery":[],"jnews_single_post":{"source_name":"","source_url":"","via_name":"","via_url":"","override_template":"0","override":[{"template":"1","single_blog_custom":"","parallax":"1","fullscreen":"1","layout":"right-sidebar","sidebar":"default-sidebar","second_sidebar":"default-sidebar","sticky_sidebar":"1","share_position":"top","share_float_style":"share-monocrhome","show_share_counter":"1","show_view_counter":"1","show_featured":"1","show_post_meta":"1","show_post_author":"1","show_post_author_image":"1","show_post_date":"1","post_date_format":"default","post_date_format_custom":"Y\/m\/d","show_post_category":"1","show_post_reading_time":"0","post_reading_time_wpm":"300","show_zoom_button":"0","zoom_button_out_step":"2","zoom_button_in_step":"3","show_post_tag":"1","show_prev_next_post":"1","show_popup_post":"1","number_popup_post":"1","show_author_box":"0","show_post_related":"0","show_inline_post_related":"0"}],"override_image_size":"0","image_override":[{"single_post_thumbnail_size":"crop-500","single_post_gallery_size":"crop-500"}],"trending_post":"0","trending_post_position":"meta","trending_post_label":"Trending","sponsored_post":"0","sponsored_post_label":"Sponsored by","sponsored_post_name":"","sponsored_post_url":"","sponsored_post_logo_enable":"0","sponsored_post_logo":"","sponsored_post_desc":"","disable_ad":"0"},"jnews_primary_category":{"id":""},"jnews_social_meta":{"fb_title":"","fb_description":"","fb_image":"","twitter_title":"","twitter_description":"","twitter_image":""},"footnotes":""},"categories":[39],"tags":[],"class_list":["post-312177","post","type-post","status-publish","format-standard","has-post-thumbnail","hentry","category-viajes"],"_links":{"self":[{"href":"https:\/\/dimensionturistica.com\/es\/wp-json\/wp\/v2\/posts\/312177","targetHints":{"allow":["GET"]}}],"collection":[{"href":"https:\/\/dimensionturistica.com\/es\/wp-json\/wp\/v2\/posts"}],"about":[{"href":"https:\/\/dimensionturistica.com\/es\/wp-json\/wp\/v2\/types\/post"}],"author":[{"embeddable":true,"href":"https:\/\/dimensionturistica.com\/es\/wp-json\/wp\/v2\/users\/1"}],"replies":[{"embeddable":true,"href":"https:\/\/dimensionturistica.com\/es\/wp-json\/wp\/v2\/comments?post=312177"}],"version-history":[{"count":0,"href":"https:\/\/dimensionturistica.com\/es\/wp-json\/wp\/v2\/posts\/312177\/revisions"}],"wp:featuredmedia":[{"embeddable":true,"href":"https:\/\/dimensionturistica.com\/es\/wp-json\/wp\/v2\/media\/312187"}],"wp:attachment":[{"href":"https:\/\/dimensionturistica.com\/es\/wp-json\/wp\/v2\/media?parent=312177"}],"wp:term":[{"taxonomy":"category","embeddable":true,"href":"https:\/\/dimensionturistica.com\/es\/wp-json\/wp\/v2\/categories?post=312177"},{"taxonomy":"post_tag","embeddable":true,"href":"https:\/\/dimensionturistica.com\/es\/wp-json\/wp\/v2\/tags?post=312177"}],"curies":[{"name":"wp","href":"https:\/\/api.w.org\/{rel}","templated":true}]}}