{"id":312142,"date":"2022-05-04T17:45:48","date_gmt":"2022-05-04T17:45:48","guid":{"rendered":"https:\/\/dimensionturistica.com\/es\/?p=312142"},"modified":"2022-05-04T17:45:48","modified_gmt":"2022-05-04T17:45:48","slug":"el-turismo-verde-una-tendencia-al-alza-tras-la-pandemia","status":"publish","type":"post","link":"https:\/\/dimensionturistica.com\/es\/el-turismo-verde-una-tendencia-al-alza-tras-la-pandemia\/","title":{"rendered":"El Turismo Verde, una tendencia al alza tras La Pandemia"},"content":{"rendered":"<p>El turismo sostenible se ha posicionado como una alternativa de creciente y acelerado inter\u00e9s por parte de los viajeros a nivel global de acuerdo con diversos estudios realizados por Allianz Travel, l\u00edder mundial en servicios de asistencia de viajes. Al respecto, seis de cada diez familias entrevistadas afirmaron que prestar\u00e1n m\u00e1s atenci\u00f3n al impacto ambiental que generar\u00e1n sus viajes en el futuro.<br \/>\nActualmente, se visualiza un turista eco-consciente que, interesado en no<img decoding=\"async\" class=\"size-medium wp-image-312147 alignright\" src=\"https:\/\/dimensionturistica.com\/es\/wp-content\/uploads\/2022\/05\/Turismo-verde-1-300x200.jpg\" alt=\"\" width=\"300\" height=\"200\" srcset=\"https:\/\/dimensionturistica.com\/es\/wp-content\/uploads\/2022\/05\/Turismo-verde-1-300x200.jpg 300w, https:\/\/dimensionturistica.com\/es\/wp-content\/uploads\/2022\/05\/Turismo-verde-1-1024x683.jpg 1024w, https:\/\/dimensionturistica.com\/es\/wp-content\/uploads\/2022\/05\/Turismo-verde-1-768x512.jpg 768w, https:\/\/dimensionturistica.com\/es\/wp-content\/uploads\/2022\/05\/Turismo-verde-1-1536x1024.jpg 1536w, https:\/\/dimensionturistica.com\/es\/wp-content\/uploads\/2022\/05\/Turismo-verde-1-2048x1365.jpg 2048w, https:\/\/dimensionturistica.com\/es\/wp-content\/uploads\/2022\/05\/Turismo-verde-1-750x500.jpg 750w, https:\/\/dimensionturistica.com\/es\/wp-content\/uploads\/2022\/05\/Turismo-verde-1-1140x760.jpg 1140w\" sizes=\"(max-width: 300px) 100vw, 300px\" \/> comprometer los recursos de generaciones futuras, es mucho m\u00e1s cauteloso y selectivo al elegir qu\u00e9 tipo de transporte, hotel o actividades realizar\u00e1 para reducir su huella ambiental. Por consiguiente, podr\u00e1n fortalecerse opciones m\u00e1s sostenibles relacionadas, por ejemplo, con viajes en tren o caravanas.<br \/>\nEstas nuevas tendencias del sector tur\u00edstico fueron expuestas en la Cumbre Global de Viajes de Allianz Partners 2022. Se trat\u00f3 de un evento virtual, celebrado en abril con m\u00e1s de mil asistentes expertos en dicha industria, centrado en desentra\u00f1ar las tendencias tur\u00edsticas emergentes a medida que el mundo se recupera de la pandemia y, a su vez, enfrenta un nuevo conjunto de desaf\u00edos econ\u00f3micos.<br \/>\nLos an\u00e1lisis presentados se llevaron a cabo mediante Customer Lab, una incubadora de inteligencia de Allianz Partners que permite estudiar el perfil de su base de clientes. A trav\u00e9s de esta plataforma, se realizaron m\u00e1s de 23 mil encuestas digitales en 2021 a consumidores en M\u00e9xico, Tailandia, Jap\u00f3n, Singapur, Suiza, Austria, Turqu\u00eda, Eslovaquia, Rumania, Portugal y Grecia sobre sus preferencias de viaje en el marco de la pandemia, entre otros temas. A ello se sumaron los resultados obtenidos por la alianza con Foresight Factory, una empresa de investigaci\u00f3n internacional enfocada en estudiar tendencias de mercado, que efectu\u00f3 m\u00e1s de 4 mil encuestas online en marzo de 2021.<img decoding=\"async\" class=\"size-medium wp-image-312153 alignright\" src=\"https:\/\/dimensionturistica.com\/es\/wp-content\/uploads\/2022\/05\/VERDESE-200x300.jpg\" alt=\"\" width=\"200\" height=\"300\" srcset=\"https:\/\/dimensionturistica.com\/es\/wp-content\/uploads\/2022\/05\/VERDESE-200x300.jpg 200w, https:\/\/dimensionturistica.com\/es\/wp-content\/uploads\/2022\/05\/VERDESE.jpg 500w\" sizes=\"(max-width: 200px) 100vw, 200px\" \/><br \/>\nEfectos de las condiciones macroecon\u00f3micas<br \/>\nDentro de un panorama caracterizado por condiciones macroecon\u00f3micas desafiantes dada la incertidumbre geopol\u00edtica, la volatilidad cambiaria, los costos de la energ\u00eda e inflaci\u00f3n; la confianza de los viajeros y sus planes se ven afectados. Se genera un efecto domin\u00f3 que incrementa los gastos de los turistas por el aumento en las tarifas de vuelo, dados los costos de los energ\u00e9ticos, y en restaurantes y hoteles por disturbios internacionales que impactan en numerosas cadenas de suministro.<br \/>\nAnte este escenario, existe la posibilidad de una recuperaci\u00f3n mucho m\u00e1s lenta de la industria. En este sentido, llama la atenci\u00f3n que m\u00e1s de la mitad de las familias encuestadas (56%), tienen la intenci\u00f3n de viajar menos en el futuro.<br \/>\nViajes de negocios<br \/>\nEn cuanto a los viajes de negocio, estos se han reducido dr\u00e1sticamente en los \u00faltimos dos a\u00f1os a ra\u00edz de los cambios laborales que gener\u00f3 la pandemia, priorizando el teletrabajo o esquemas h\u00edbridos.<br \/>\nHoy en d\u00eda, ante la reapertura de fronteras, las compa\u00f1\u00edas se enfrentan al dilema sobre si los viajes corporativos son realmente necesarios por la interacci\u00f3n cara a cara que posibilitan o si reducirlos, casi en su totalidad, implica mayores beneficios tanto econ\u00f3micos como medioambientales al disminuir sus emisiones de carbono y cumplir as\u00ed con sus objetivos de sustentabilidad.<br \/>\n\u201cHoy es imprescindible estudiar a profundidad el perfil de nuestros consumidores para anticiparnos y satisfacer las que ser\u00e1n sus necesidades en el futuro. En Allianz Travel nos mantenemos a la vanguardia para adaptarnos a un entorno siempre cambiante y as\u00ed ayudar a nuestros clientes a recorrer cualquier destino con total seguridad y tranquilidad, con asistencias de viaje a la medida, que respondan al tipo de turismo que les interesa\u201d, a\u00f1adi\u00f3 Joana del Toro, Gerente de Allianz Travel en M\u00e9xico.<\/p>\n","protected":false},"excerpt":{"rendered":"<p>El turismo sostenible se ha posicionado como una alternativa de creciente y acelerado inter\u00e9s por parte de los viajeros a nivel global de acuerdo con diversos estudios realizados por Allianz Travel, l\u00edder mundial en servicios de asistencia de viajes. Al respecto, seis de cada diez familias entrevistadas afirmaron que prestar\u00e1n m\u00e1s atenci\u00f3n al impacto ambiental [&hellip;]<\/p>\n","protected":false},"author":1,"featured_media":312152,"comment_status":"open","ping_status":"closed","sticky":false,"template":"","format":"standard","meta":{"om_disable_all_campaigns":false,"jnews-multi-image_gallery":[],"jnews_single_post":{"source_name":"","source_url":"","via_name":"","via_url":"","override_template":"0","override":[{"template":"1","single_blog_custom":"","parallax":"1","fullscreen":"1","layout":"right-sidebar","sidebar":"default-sidebar","second_sidebar":"default-sidebar","sticky_sidebar":"1","share_position":"top","share_float_style":"share-monocrhome","show_share_counter":"1","show_view_counter":"1","show_featured":"1","show_post_meta":"1","show_post_author":"1","show_post_author_image":"1","show_post_date":"1","post_date_format":"default","post_date_format_custom":"Y\/m\/d","show_post_category":"1","show_post_reading_time":"0","post_reading_time_wpm":"300","show_zoom_button":"0","zoom_button_out_step":"2","zoom_button_in_step":"3","show_post_tag":"1","show_prev_next_post":"1","show_popup_post":"1","number_popup_post":"1","show_author_box":"0","show_post_related":"0","show_inline_post_related":"0"}],"override_image_size":"0","image_override":[{"single_post_thumbnail_size":"crop-500","single_post_gallery_size":"crop-500"}],"trending_post":"0","trending_post_position":"meta","trending_post_label":"Trending","sponsored_post":"0","sponsored_post_label":"Sponsored by","sponsored_post_name":"","sponsored_post_url":"","sponsored_post_logo_enable":"0","sponsored_post_logo":"","sponsored_post_desc":"","disable_ad":"0"},"jnews_primary_category":{"id":""},"jnews_social_meta":{"fb_title":"","fb_description":"","fb_image":"","twitter_title":"","twitter_description":"","twitter_image":""},"footnotes":""},"categories":[39],"tags":[],"class_list":["post-312142","post","type-post","status-publish","format-standard","has-post-thumbnail","hentry","category-viajes"],"_links":{"self":[{"href":"https:\/\/dimensionturistica.com\/es\/wp-json\/wp\/v2\/posts\/312142","targetHints":{"allow":["GET"]}}],"collection":[{"href":"https:\/\/dimensionturistica.com\/es\/wp-json\/wp\/v2\/posts"}],"about":[{"href":"https:\/\/dimensionturistica.com\/es\/wp-json\/wp\/v2\/types\/post"}],"author":[{"embeddable":true,"href":"https:\/\/dimensionturistica.com\/es\/wp-json\/wp\/v2\/users\/1"}],"replies":[{"embeddable":true,"href":"https:\/\/dimensionturistica.com\/es\/wp-json\/wp\/v2\/comments?post=312142"}],"version-history":[{"count":0,"href":"https:\/\/dimensionturistica.com\/es\/wp-json\/wp\/v2\/posts\/312142\/revisions"}],"wp:featuredmedia":[{"embeddable":true,"href":"https:\/\/dimensionturistica.com\/es\/wp-json\/wp\/v2\/media\/312152"}],"wp:attachment":[{"href":"https:\/\/dimensionturistica.com\/es\/wp-json\/wp\/v2\/media?parent=312142"}],"wp:term":[{"taxonomy":"category","embeddable":true,"href":"https:\/\/dimensionturistica.com\/es\/wp-json\/wp\/v2\/categories?post=312142"},{"taxonomy":"post_tag","embeddable":true,"href":"https:\/\/dimensionturistica.com\/es\/wp-json\/wp\/v2\/tags?post=312142"}],"curies":[{"name":"wp","href":"https:\/\/api.w.org\/{rel}","templated":true}]}}