{"id":312080,"date":"2022-05-04T16:44:52","date_gmt":"2022-05-04T16:44:52","guid":{"rendered":"https:\/\/dimensionturistica.com\/es\/?p=312080"},"modified":"2022-05-04T16:44:52","modified_gmt":"2022-05-04T16:44:52","slug":"komatsu-mitsui-se-convierte-en-la-primera-compania-en-compensar-las-emisiones-de-co2-de-sus-vuelos","status":"publish","type":"post","link":"https:\/\/dimensionturistica.com\/es\/komatsu-mitsui-se-convierte-en-la-primera-compania-en-compensar-las-emisiones-de-co2-de-sus-vuelos\/","title":{"rendered":"Komatsu-Mitsui se convierte en la primera compa\u00f1\u00eda en compensar las emisiones de CO2 de sus vuelos"},"content":{"rendered":"<p>Komatsu-Mitsui Maquinarias Per\u00fa (KMMP) es la primera compa\u00f1\u00eda en compensar sus emisiones de CO2 a trav\u00e9s del programa Vuela Neutral del grupo LATAM. La iniciativa apoya la conservaci\u00f3n de ecosistemas ic\u00f3nicos en Sudam\u00e9rica y da la posibilidad a clientes corporativos de elegir entre un portafolio de proyectos para compensar las emisiones generadas por sus viajes a\u00e9reos. Como parte de la propuesta y con el objetivo de promover la compensaci\u00f3n, el grupo LATAM iguala la cantidad de toneladas compensadas<img decoding=\"async\" class=\"alignnone  wp-image-312085\" src=\"https:\/\/dimensionturistica.com\/es\/wp-content\/uploads\/2022\/05\/unnamed-1-1.png\" alt=\"\" width=\"341\" height=\"117\" \/> por sus clientes, duplicando as\u00ed la contribuci\u00f3n realizada.<br \/>\nEl proyecto escogido por la compa\u00f1\u00eda l\u00edder en soluciones integrales en equipos para miner\u00eda y construcci\u00f3n se llama &#8216;Manejo forestal comunitario Nii Kaniti&#8217; y apoya la reducci\u00f3n de las emisiones globales, protegiendo el ecosistema de la selva tropical y ampliando la gesti\u00f3n comunitaria sostenible en la Amazon\u00eda peruana. Una iniciativa que comprende seis de los Objetivos de Desarrollo Sostenible: Acci\u00f3n clim\u00e1tica, vida de ecosistemas terrestres, consumo y producci\u00f3n responsable, trabajo decente y crecimiento econ\u00f3mico, hambre cero, y fin de la pobreza.<br \/>\n\u201cEl \u00faltimo a\u00f1o fue clave para Komatsu-Mitsui, logramos consolidar nuestra estrategia de sostenibilidad, hemos emprendido acciones concretas que est\u00e1n generando un impacto positivo, como lo es el sumarnos al programa Vuela Neutral de LATAM. Somos conscientes que el sendero de la sostenibilidad demanda un esfuerzo constante y es de largo aliento\u201d, se\u00f1al\u00f3 Tom\u00e1s Mart\u00ednez, Presidente Ejecutivo de Komatsu-Mitsui.<br \/>\n&#8220;A trav\u00e9s de proyectos como este avanzaremos en tres \u00e1mbitos: proteger el patrimonio natural de nuestra regi\u00f3n para las futuras generaciones, hacer frente al cambio clim\u00e1tico a trav\u00e9s de una mayor captura de C02 y contribuir a mejorar la calidad de vida de las comunidades locales. Estamos seguros de que el trabajo en conjunto nos llevar\u00e1 a que iniciativas como esta logren sus objetivos. Valoramos el compromiso de Komatsu-Mitsui y esperamos que m\u00e1s empresas se motiven y se hagan parte de este programa porque el cuidado del planeta es tarea de todos\u201d, afirma Andreas Schek, Vicepresidente de Ventas de LATAM.<br \/>\nVuela Neutral \u2013desarrollado junto a la firma de soluciones contra el cambio clim\u00e1tico Choose\u2013 se enmarca dentro de la estrategia de sostenibilidad del grupo LATAM que tiene como meta neutralizar el 50% de las emisiones dom\u00e9sticas al a\u00f1o 2030 y alcanzar la carbono neutralidad al 2050.<br \/>\nPara m\u00e1s informaci\u00f3n sobre la estrategia de Sostenibilidad del grupo LATAM, visite https:\/\/www.latamairlines.com\/cl\/es\/sostenibilidad<\/p>\n","protected":false},"excerpt":{"rendered":"<p>Komatsu-Mitsui Maquinarias Per\u00fa (KMMP) es la primera compa\u00f1\u00eda en compensar sus emisiones de CO2 a trav\u00e9s del programa Vuela Neutral del grupo LATAM. La iniciativa apoya la conservaci\u00f3n de ecosistemas ic\u00f3nicos en Sudam\u00e9rica y da la posibilidad a clientes corporativos de elegir entre un portafolio de proyectos para compensar las emisiones generadas por sus viajes [&hellip;]<\/p>\n","protected":false},"author":1,"featured_media":312084,"comment_status":"open","ping_status":"closed","sticky":false,"template":"","format":"standard","meta":{"om_disable_all_campaigns":false,"jnews-multi-image_gallery":[],"jnews_single_post":{"source_name":"","source_url":"","via_name":"","via_url":"","override_template":"0","override":[{"template":"1","single_blog_custom":"","parallax":"1","fullscreen":"1","layout":"right-sidebar","sidebar":"default-sidebar","second_sidebar":"default-sidebar","sticky_sidebar":"1","share_position":"top","share_float_style":"share-monocrhome","show_share_counter":"1","show_view_counter":"1","show_featured":"1","show_post_meta":"1","show_post_author":"1","show_post_author_image":"1","show_post_date":"1","post_date_format":"default","post_date_format_custom":"Y\/m\/d","show_post_category":"1","show_post_reading_time":"0","post_reading_time_wpm":"300","show_zoom_button":"0","zoom_button_out_step":"2","zoom_button_in_step":"3","show_post_tag":"1","show_prev_next_post":"1","show_popup_post":"1","number_popup_post":"1","show_author_box":"0","show_post_related":"0","show_inline_post_related":"0"}],"override_image_size":"0","image_override":[{"single_post_thumbnail_size":"crop-500","single_post_gallery_size":"crop-500"}],"trending_post":"0","trending_post_position":"meta","trending_post_label":"Trending","sponsored_post":"0","sponsored_post_label":"Sponsored by","sponsored_post_name":"","sponsored_post_url":"","sponsored_post_logo_enable":"0","sponsored_post_logo":"","sponsored_post_desc":"","disable_ad":"0"},"jnews_primary_category":{"id":""},"jnews_social_meta":{"fb_title":"","fb_description":"","fb_image":"","twitter_title":"","twitter_description":"","twitter_image":""},"footnotes":""},"categories":[40],"tags":[],"class_list":["post-312080","post","type-post","status-publish","format-standard","has-post-thumbnail","hentry","category-industria"],"_links":{"self":[{"href":"https:\/\/dimensionturistica.com\/es\/wp-json\/wp\/v2\/posts\/312080","targetHints":{"allow":["GET"]}}],"collection":[{"href":"https:\/\/dimensionturistica.com\/es\/wp-json\/wp\/v2\/posts"}],"about":[{"href":"https:\/\/dimensionturistica.com\/es\/wp-json\/wp\/v2\/types\/post"}],"author":[{"embeddable":true,"href":"https:\/\/dimensionturistica.com\/es\/wp-json\/wp\/v2\/users\/1"}],"replies":[{"embeddable":true,"href":"https:\/\/dimensionturistica.com\/es\/wp-json\/wp\/v2\/comments?post=312080"}],"version-history":[{"count":0,"href":"https:\/\/dimensionturistica.com\/es\/wp-json\/wp\/v2\/posts\/312080\/revisions"}],"wp:featuredmedia":[{"embeddable":true,"href":"https:\/\/dimensionturistica.com\/es\/wp-json\/wp\/v2\/media\/312084"}],"wp:attachment":[{"href":"https:\/\/dimensionturistica.com\/es\/wp-json\/wp\/v2\/media?parent=312080"}],"wp:term":[{"taxonomy":"category","embeddable":true,"href":"https:\/\/dimensionturistica.com\/es\/wp-json\/wp\/v2\/categories?post=312080"},{"taxonomy":"post_tag","embeddable":true,"href":"https:\/\/dimensionturistica.com\/es\/wp-json\/wp\/v2\/tags?post=312080"}],"curies":[{"name":"wp","href":"https:\/\/api.w.org\/{rel}","templated":true}]}}