{"id":312015,"date":"2022-05-04T15:26:35","date_gmt":"2022-05-04T15:26:35","guid":{"rendered":"https:\/\/dimensionturistica.com\/es\/?p=312015"},"modified":"2022-05-04T15:26:36","modified_gmt":"2022-05-04T15:26:36","slug":"anuncian-trabajos-en-el-puente-de-la-autopista-luis-a-ferre-agencias","status":"publish","type":"post","link":"https:\/\/dimensionturistica.com\/es\/anuncian-trabajos-en-el-puente-de-la-autopista-luis-a-ferre-agencias\/","title":{"rendered":"Anuncian trabajos en el puente de la autopista Luis A. Ferr\u00e9 | Agencias"},"content":{"rendered":"<p> <br \/>\n<\/p>\n<div id=\"article-body\">\n<p>La <strong>Autoridad de Carreteras y Transportaci\u00f3n (ACT)<\/strong> inform\u00f3 hoy que contin\u00faan los trabajos de dep\u00f3sito de hormig\u00f3n en la autopista Luis A. Ferr\u00e9 (PR-52), entre los kil\u00f3metros 47.6 al 50 en direcci\u00f3n de <strong>Cayey a Salinas.<\/strong><\/p>\n<p>Las obras comenzar\u00e1n en horario nocturno <strong>a partir del viernes, 6 de mayo a las 9:00 p.m. y seguir\u00e1n cada fin de semana hasta el mes de junio de 2022.<\/strong><\/p>\n<p>Estas labores conllevar\u00e1n el cierre del carril derecho, por lo que se mantendr\u00e1 el carril izquierdo disponible mientras se hagan las mejoras.<\/p>\n<p>Sin embargo, de necesitar una <strong>ruta alterna<\/strong>, la ACT recomienda la siguiente: <strong>Salida 39 de Cayey y continuar por la PR-1 hacia Salinas, hasta el kil\u00f3metro 81.1 donde se incorporar\u00e1 nuevamente a la PR-52.<\/strong><\/p>\n<p>Para reducir los retrasos en los tiempos de viaje se recomienda a los conductores utilizar la aplicaci\u00f3n WAZE.<\/p>\n<div id=\"tncms-region-article_bottom_content\" class=\"tncms-region hidden-print\">\n<div id=\"tncms-block-1281565\" class=\"tncms-block\">\n<div class=\"visible-xs visible-sm\">\n<p style=\"font-style:italic\">Recibe m\u00e1s informaci\u00f3n sobre esta y otras noticias. Pulsa aqu\u00ed si eres usuario de <a rel=\"nofollow noopener\" target=\"_blank\" href=\"https:\/\/play.google.com\/store\/apps\/details?id=hr.apps.n207032405&amp;hl=en&amp;gl=US\">Android<\/a> o de <a rel=\"nofollow noopener\" target=\"_blank\" href=\"https:\/\/apps.apple.com\/us\/app\/el-vocero-de-puerto-rico\/id569268626\">iPhone<\/a>.<\/p>\n<\/div>\n<\/div>\n<\/div><\/div>\n<p>!perform(f,b,e,v,n,t,s)<br \/>\n{if(f.fbq)return;n=f.fbq=perform(){n.callMethod?<br \/>\nn.callMethod.apply(n,arguments):n.queue.push(arguments)};<br \/>\nif(!f._fbq)f._fbq=n;n.push=n;n.loaded=!0;n.model=&#8217;2.0&#8242;;<br \/>\nn.queue=[];t=b.createElement(e);t.async=!0;<br \/>\nt.src=v;s=b.getElementsByTagName(e)[0];<br \/>\ns.parentNode.insertBefore(t,s)}(window, doc,&#8217;script&#8217;,<br \/>\n&#8216;https:\/\/join.fb.web\/en_US\/fbevents.js&#8217;);<br \/>\nfbq(&#8216;init&#8217;, &#8216;1815340891988198&#8217;);<br \/>\nfbq(&#8216;monitor&#8217;, &#8216;PageView&#8217;);<\/p>\n\n<p><em> &#8221; Fuentes www.elvocero.com &#8221; <\/em><\/p>\n","protected":false},"excerpt":{"rendered":"<p>La Autoridad de Carreteras y Transportaci\u00f3n (ACT) inform\u00f3 hoy que contin\u00faan los trabajos de dep\u00f3sito de hormig\u00f3n en la autopista Luis A. Ferr\u00e9 (PR-52), entre los kil\u00f3metros 47.6 al 50 en direcci\u00f3n de Cayey a Salinas. Las obras comenzar\u00e1n en horario nocturno a partir del viernes, 6 de mayo a las 9:00 p.m. y seguir\u00e1n [&hellip;]<\/p>\n","protected":false},"author":4,"featured_media":312016,"comment_status":"open","ping_status":"closed","sticky":false,"template":"","format":"standard","meta":{"om_disable_all_campaigns":false,"jnews-multi-image_gallery":[],"jnews_single_post":[],"jnews_primary_category":[],"jnews_social_meta":[],"footnotes":""},"categories":[40],"tags":[1161],"class_list":["post-312015","post","type-post","status-publish","format-standard","has-post-thumbnail","hentry","category-industria","tag-agencias"],"_links":{"self":[{"href":"https:\/\/dimensionturistica.com\/es\/wp-json\/wp\/v2\/posts\/312015","targetHints":{"allow":["GET"]}}],"collection":[{"href":"https:\/\/dimensionturistica.com\/es\/wp-json\/wp\/v2\/posts"}],"about":[{"href":"https:\/\/dimensionturistica.com\/es\/wp-json\/wp\/v2\/types\/post"}],"author":[{"embeddable":true,"href":"https:\/\/dimensionturistica.com\/es\/wp-json\/wp\/v2\/users\/4"}],"replies":[{"embeddable":true,"href":"https:\/\/dimensionturistica.com\/es\/wp-json\/wp\/v2\/comments?post=312015"}],"version-history":[{"count":0,"href":"https:\/\/dimensionturistica.com\/es\/wp-json\/wp\/v2\/posts\/312015\/revisions"}],"wp:featuredmedia":[{"embeddable":true,"href":"https:\/\/dimensionturistica.com\/es\/wp-json\/wp\/v2\/media\/312016"}],"wp:attachment":[{"href":"https:\/\/dimensionturistica.com\/es\/wp-json\/wp\/v2\/media?parent=312015"}],"wp:term":[{"taxonomy":"category","embeddable":true,"href":"https:\/\/dimensionturistica.com\/es\/wp-json\/wp\/v2\/categories?post=312015"},{"taxonomy":"post_tag","embeddable":true,"href":"https:\/\/dimensionturistica.com\/es\/wp-json\/wp\/v2\/tags?post=312015"}],"curies":[{"name":"wp","href":"https:\/\/api.w.org\/{rel}","templated":true}]}}