{"id":311866,"date":"2022-05-04T10:37:43","date_gmt":"2022-05-04T10:37:43","guid":{"rendered":"https:\/\/dimensionturistica.com\/es\/?p=311866"},"modified":"2022-05-04T10:37:43","modified_gmt":"2022-05-04T10:37:43","slug":"el-silencio-el-chef-mauro-colagreco-llega-este-verano-a-ibiza-gente","status":"publish","type":"post","link":"https:\/\/dimensionturistica.com\/es\/el-silencio-el-chef-mauro-colagreco-llega-este-verano-a-ibiza-gente\/","title":{"rendered":"El Silencio: El chef Mauro Colagreco llega este verano a Ibiza | Gente"},"content":{"rendered":"<p> <br \/>\n<\/p>\n<div>\n<p class=\"\">En los \u00faltimos a\u00f1os, Ibiza se ha convertido en uno de los lugares en los que todos los cooks parecen querer estar. Este verano, adem\u00e1s de las ya consolidadas propuestas de Mart\u00edn Berasategui (restaurante Etxeko), Rafa Zafra (Cala Jondal) o Nandu Jubany (Pecador), se unir\u00e1n <a target=\"_blank\" href=\"https:\/\/elpais.com\/eps\/2022-04-21\/23-anos-y-toda-una-vida-en-la-cocina.html\" rel=\"noopener\">Javier Sanz y Juan Sahuquillo, los chicos de Oba y Ca\u00f1itas Maite<\/a>, y el argentino Mauro Colagreco. El cocinero, al frente de Mirazur, en Ment\u00f3n (Francia), dirige uno de los mejores restaurantes del mundo, <a target=\"_blank\" href=\"https:\/\/www.theworlds50best.com\/Best-of-the-best\" rel=\"noopener\">seg\u00fan el prestigioso ranking The World\u2019s 50 Best Restaurants<\/a>, y se ha unido ahora a su compatriota Federico Desseno para elaborar el men\u00fa de El Silencio durante la temporada estival.<\/p>\n<p class=\"\">Aunque a\u00fan se desconocen los detalles de la propuesta gastron\u00f3mica, el cocinero ha confirmado que su cocina estar\u00e1 disponible a partir del 6 de mayo y hasta closing de verano <a target=\"_blank\" href=\"https:\/\/elpais.com\/gente\/2021-08-15\/arnaud-frisch-fundador-de-el-silencio-ibiza-es-el-lugar-perfecto-para-explorar-en-cine-arte-y-moda.html\" rel=\"noopener\">en el establecimiento de Cala Mol\u00ed<\/a>, propiedad del promotor Arnaud Frisch, y que se caracteriza por ofrecer una oferta culinaria mediterr\u00e1nea. \u201cFederico y yo hemos dise\u00f1ado un men\u00fa que resaltar\u00e1 todo lo que amamos: la cocina al fuego (parrilla), productos frescos de temporada y mesas hermosas y amigables\u201d, ha comentado el propio chef en su cuenta de Instagram. En un comunicado, Colagreco ha resaltado adem\u00e1s su \u201cconexi\u00f3n especial\u201d con Espa\u00f1a. \u201cEst\u00e1 unida a mis or\u00edgenes, el espa\u00f1ol es mi primera lengua y realmente amo la cultura y el estilo de vida de Espa\u00f1a. El ambiente creado por la amabilidad y hospitalidad es incre\u00edble\u201d, ha afirmado.<\/p>\n<aside class=\"a_ei\">\n<header class=\"a_ei_h _db\">M\u00e1s informaci\u00f3n<\/header>\n<\/aside>\n<p class=\"\">Desde 2006, Colagreco (La Plata, 45 a\u00f1os) dirige Mirazur, que en 2019 <a target=\"_blank\" href=\"https:\/\/cincodias.elpais.com\/cincodias\/2019\/06\/25\/fortunas\/1561475157_104653.html\" rel=\"noopener\">fue elegido el mejor restaurante del mundo<\/a> por The World\u2019s 50 Greatest Eating places y que posee adem\u00e1s tres estrellas Michelin, tambi\u00e9n desde el mismo a\u00f1o. All\u00ed, en un lugar con vistas al Mediterr\u00e1neo en la riviera francesa, ofrece una cocina basada en la observaci\u00f3n de la naturaleza y los jardines que le rodean en un men\u00fa inspirado en la influencia de la Luna sobre los vegetales a un precio de 380 euros. Antes de poner en marcha su propio negocio, el argentino trabaj\u00f3 a las \u00f3rdenes de Alain Passard en L\u2019Arp\u00e8ge y de <a target=\"_blank\" href=\"https:\/\/elpais.com\/eps\/2021-11-11\/alain-ducasse-y-albert-adria-cocinan-a-la-sombra-de-la-torre-eiffel.html\" rel=\"noopener\">Alain Ducasse en el Hotel Plaza Ath\u00e9n\u00e9e,<\/a> ahora conducido por Jean Imbert.<\/p>\n<\/div>\n\n<p><em> \u2018 The preceding article may include information circulated by third parties \u2019 <\/em><\/p>\n<p><em> \u2018 Some details of this article were extracted from the following source elpais.com \u2019 <\/em><\/p>\n","protected":false},"excerpt":{"rendered":"<p>En los \u00faltimos a\u00f1os, Ibiza se ha convertido en uno de los lugares en los que todos los cooks parecen querer estar. Este verano, adem\u00e1s de las ya consolidadas propuestas de Mart\u00edn Berasategui (restaurante Etxeko), Rafa Zafra (Cala Jondal) o Nandu Jubany (Pecador), se unir\u00e1n Javier Sanz y Juan Sahuquillo, los chicos de Oba y [&hellip;]<\/p>\n","protected":false},"author":2,"featured_media":311867,"comment_status":"open","ping_status":"closed","sticky":false,"template":"","format":"standard","meta":{"om_disable_all_campaigns":false,"jnews-multi-image_gallery":[],"jnews_single_post":[],"jnews_primary_category":[],"jnews_social_meta":[],"footnotes":""},"categories":[43],"tags":[],"class_list":["post-311866","post","type-post","status-publish","format-standard","has-post-thumbnail","hentry","category-gourmet"],"_links":{"self":[{"href":"https:\/\/dimensionturistica.com\/es\/wp-json\/wp\/v2\/posts\/311866","targetHints":{"allow":["GET"]}}],"collection":[{"href":"https:\/\/dimensionturistica.com\/es\/wp-json\/wp\/v2\/posts"}],"about":[{"href":"https:\/\/dimensionturistica.com\/es\/wp-json\/wp\/v2\/types\/post"}],"author":[{"embeddable":true,"href":"https:\/\/dimensionturistica.com\/es\/wp-json\/wp\/v2\/users\/2"}],"replies":[{"embeddable":true,"href":"https:\/\/dimensionturistica.com\/es\/wp-json\/wp\/v2\/comments?post=311866"}],"version-history":[{"count":0,"href":"https:\/\/dimensionturistica.com\/es\/wp-json\/wp\/v2\/posts\/311866\/revisions"}],"wp:featuredmedia":[{"embeddable":true,"href":"https:\/\/dimensionturistica.com\/es\/wp-json\/wp\/v2\/media\/311867"}],"wp:attachment":[{"href":"https:\/\/dimensionturistica.com\/es\/wp-json\/wp\/v2\/media?parent=311866"}],"wp:term":[{"taxonomy":"category","embeddable":true,"href":"https:\/\/dimensionturistica.com\/es\/wp-json\/wp\/v2\/categories?post=311866"},{"taxonomy":"post_tag","embeddable":true,"href":"https:\/\/dimensionturistica.com\/es\/wp-json\/wp\/v2\/tags?post=311866"}],"curies":[{"name":"wp","href":"https:\/\/api.w.org\/{rel}","templated":true}]}}