{"id":311721,"date":"2022-05-03T23:52:55","date_gmt":"2022-05-03T23:52:55","guid":{"rendered":"https:\/\/dimensionturistica.com\/es\/?p=311721"},"modified":"2022-05-03T23:52:55","modified_gmt":"2022-05-03T23:52:55","slug":"firman-autoridades-hermanamiento-de-loreto-y-todos-santos-sectur-refrenda-a-loreto-como-pueblo-magico","status":"publish","type":"post","link":"https:\/\/dimensionturistica.com\/es\/firman-autoridades-hermanamiento-de-loreto-y-todos-santos-sectur-refrenda-a-loreto-como-pueblo-magico\/","title":{"rendered":"Firman autoridades Hermanamiento de Loreto y Todos Santos. Sectur refrenda a Loreto como Pueblo M\u00e1gico"},"content":{"rendered":"<p><img decoding=\"async\" class=\"size-medium wp-image-311725 alignleft\" src=\"https:\/\/dimensionturistica.com\/es\/wp-content\/uploads\/2022\/05\/Loreto-Baja-California-2-300x169.jpeg\" alt=\"\" width=\"300\" height=\"169\" srcset=\"https:\/\/dimensionturistica.com\/es\/wp-content\/uploads\/2022\/05\/Loreto-Baja-California-2-300x169.jpeg 300w, https:\/\/dimensionturistica.com\/es\/wp-content\/uploads\/2022\/05\/Loreto-Baja-California-2-1024x576.jpeg 1024w, https:\/\/dimensionturistica.com\/es\/wp-content\/uploads\/2022\/05\/Loreto-Baja-California-2-768x432.jpeg 768w, https:\/\/dimensionturistica.com\/es\/wp-content\/uploads\/2022\/05\/Loreto-Baja-California-2-750x422.jpeg 750w, https:\/\/dimensionturistica.com\/es\/wp-content\/uploads\/2022\/05\/Loreto-Baja-California-2-1140x641.jpeg 1140w, https:\/\/dimensionturistica.com\/es\/wp-content\/uploads\/2022\/05\/Loreto-Baja-California-2.jpeg 1280w\" sizes=\"(max-width: 300px) 100vw, 300px\" \/>El secretario de Turismo del Gobierno de M\u00e9xico, Miguel Torruco Marqu\u00e9s, y el gobernador de Baja California Sur, V\u00edctor Manuel Castro Cos\u00edo, acompa\u00f1ados de autoridades municipales, fueron testigos de honor de la firma del Hermanamiento de los Pueblos M\u00e1gicos de Loreto y Todos Santos.<br \/>\nAl cierre de su gira de trabajo por la entidad, el titular de la Secretar\u00eda de Turismo (Sectur) se\u00f1al\u00f3 que los acercamientos entre destinos con gran atractivo tur\u00edstico, a trav\u00e9s de hermanamientos, permiten potenciar la cooperaci\u00f3n y los flujos tur\u00edsticos en ambas direcciones.<br \/>\nTorruco Marqu\u00e9s declar\u00f3: \u201cAprovechen este hermanamiento para sumar<img decoding=\"async\" class=\"size-medium wp-image-311727 alignright\" src=\"https:\/\/dimensionturistica.com\/es\/wp-content\/uploads\/2022\/05\/Loreto-Baja-California-4-300x225.jpeg\" alt=\"\" width=\"300\" height=\"225\" srcset=\"https:\/\/dimensionturistica.com\/es\/wp-content\/uploads\/2022\/05\/Loreto-Baja-California-4-300x225.jpeg 300w, https:\/\/dimensionturistica.com\/es\/wp-content\/uploads\/2022\/05\/Loreto-Baja-California-4-768x576.jpeg 768w, https:\/\/dimensionturistica.com\/es\/wp-content\/uploads\/2022\/05\/Loreto-Baja-California-4-750x563.jpeg 750w, https:\/\/dimensionturistica.com\/es\/wp-content\/uploads\/2022\/05\/Loreto-Baja-California-4.jpeg 1024w\" sizes=\"(max-width: 300px) 100vw, 300px\" \/> esfuerzos en materia de promoci\u00f3n y ofrecer a nuestros visitantes un producto integrado y m\u00e1s diversificado, que contribuya a satisfacer las demandas de un turista cada vez m\u00e1s informado y exigente\u201d.<br \/>\nReiter\u00f3 que Sectur trabaja en la creaci\u00f3n de circuitos tur\u00edsticos entre estos dos Pueblos M\u00e1gicos, y que esta labor se hace extensiva hacia otros Pueblos M\u00e1gicos y localidades de estados vecinos, porque ello detonar\u00e1 la econom\u00eda de la regi\u00f3n.<br \/>\n\u201cNuestros Pueblos M\u00e1gicos se reafirman como destinos con alto potencial para atraer un mayor flujo de visitantes, debido a que su oferta tur\u00edstica se ajusta al nuevo perfil del turista, quien optar\u00e1 cada vez m\u00e1s por espacios en estrecho contacto con la naturaleza, la vida comunitaria, las costumbres y tradiciones ancestrales\u201d, coment\u00f3.<br \/>\nDestac\u00f3 que en estos enigm\u00e1ticos sitios, el n\u00famero de unidades econ\u00f3micas vinculadas con actividades tur\u00edsticas registr\u00f3 un crecimiento medio anual del 5.5%, con lo cual en 2018 se lleg\u00f3 a un total de 61 mil 532 empresas tur\u00edsticas.<br \/>\nAdem\u00e1s, en los Pueblos M\u00e1gicos se da trabajo en el sector turismo a 236 mil personas, en 62 mil unidades econ\u00f3micas, con un ingreso promedio anual para los trabajadores de 108 mil 310 pesos, y de 2 millones 566 mil pesos para cada una de las unidades econ\u00f3micas.<br \/>\nEl secretario de Turismo y el gobernador de Baja California Sur tambi\u00e9n entregaron la renovaci\u00f3n de nombramiento como Pueblo M\u00e1gico a Loreto, el cual recibi\u00f3 por primera vez en 2012, y en donde destacan importantes atractivos tur\u00edsticos como la Ruta de las Misiones; el Parque Nacional Bah\u00eda de Loreto; Nopol\u00f3; la Reserva de la Bi\u00f3sfera \u201cSierra la Giganta\u201d; el Museo de las Misiones; as\u00ed como el avistamiento de la ballena gris y la ballena azul, esta \u00faltima especie, la m\u00e1s grande del mundo.<br \/>\n\u201cCon gran gusto, hago entrega a la alcaldesa de Loreto, Paola Cota Davis, la renovaci\u00f3n de su nombramiento como Pueblo M\u00e1gico, que estimular\u00e1 el turismo interno del estado en beneficio de la poblaci\u00f3n local. En la Secretar\u00eda de Turismo cuentan con el mejor aliado para convertirse en una plaza tur\u00edstica de clase mundial\u201d, concluy\u00f3 Torruco Marqu\u00e9s.<br \/>\nEn el evento tambi\u00e9n estuvieron presentes la secretaria de Turismo y Econom\u00eda de Baja California, Rosa Maribel Collins S\u00e1nchez; la alcaldesa de La Paz, Milena Quiroga Romero; la presidenta del Comit\u00e9 de Pueblos M\u00e1gicos de Loreto, Georgina Rosas Segovia; entre otras autoridades.<\/p>\n","protected":false},"excerpt":{"rendered":"<p>El secretario de Turismo del Gobierno de M\u00e9xico, Miguel Torruco Marqu\u00e9s, y el gobernador de Baja California Sur, V\u00edctor Manuel Castro Cos\u00edo, acompa\u00f1ados de autoridades municipales, fueron testigos de honor de la firma del Hermanamiento de los Pueblos M\u00e1gicos de Loreto y Todos Santos. Al cierre de su gira de trabajo por la entidad, el [&hellip;]<\/p>\n","protected":false},"author":1,"featured_media":0,"comment_status":"open","ping_status":"closed","sticky":false,"template":"","format":"standard","meta":{"om_disable_all_campaigns":false,"jnews-multi-image_gallery":[],"jnews_single_post":[],"jnews_primary_category":[],"jnews_social_meta":[],"footnotes":""},"categories":[39],"tags":[],"class_list":["post-311721","post","type-post","status-publish","format-standard","hentry","category-viajes"],"_links":{"self":[{"href":"https:\/\/dimensionturistica.com\/es\/wp-json\/wp\/v2\/posts\/311721","targetHints":{"allow":["GET"]}}],"collection":[{"href":"https:\/\/dimensionturistica.com\/es\/wp-json\/wp\/v2\/posts"}],"about":[{"href":"https:\/\/dimensionturistica.com\/es\/wp-json\/wp\/v2\/types\/post"}],"author":[{"embeddable":true,"href":"https:\/\/dimensionturistica.com\/es\/wp-json\/wp\/v2\/users\/1"}],"replies":[{"embeddable":true,"href":"https:\/\/dimensionturistica.com\/es\/wp-json\/wp\/v2\/comments?post=311721"}],"version-history":[{"count":0,"href":"https:\/\/dimensionturistica.com\/es\/wp-json\/wp\/v2\/posts\/311721\/revisions"}],"wp:attachment":[{"href":"https:\/\/dimensionturistica.com\/es\/wp-json\/wp\/v2\/media?parent=311721"}],"wp:term":[{"taxonomy":"category","embeddable":true,"href":"https:\/\/dimensionturistica.com\/es\/wp-json\/wp\/v2\/categories?post=311721"},{"taxonomy":"post_tag","embeddable":true,"href":"https:\/\/dimensionturistica.com\/es\/wp-json\/wp\/v2\/tags?post=311721"}],"curies":[{"name":"wp","href":"https:\/\/api.w.org\/{rel}","templated":true}]}}