{"id":311633,"date":"2022-05-03T22:57:58","date_gmt":"2022-05-03T22:57:58","guid":{"rendered":"https:\/\/dimensionturistica.com\/es\/?p=311633"},"modified":"2022-05-03T22:57:58","modified_gmt":"2022-05-03T22:57:58","slug":"cual-es-la-situacion-de-la-salud-mental-de-los-trabajadores-mexicanos","status":"publish","type":"post","link":"https:\/\/dimensionturistica.com\/es\/cual-es-la-situacion-de-la-salud-mental-de-los-trabajadores-mexicanos\/","title":{"rendered":"Cu\u00e1l es la situaci\u00f3n de la salud mental de los trabajadores mexicanos"},"content":{"rendered":"<p><img decoding=\"async\" class=\"size-full wp-image-311642 alignleft\" src=\"https:\/\/dimensionturistica.com\/es\/wp-content\/uploads\/2022\/05\/Juan-Pablo-Montoya-1280x720-1-300x169-1.jpg\" alt=\"\" width=\"300\" height=\"169\" \/>A estas cifras se suman otros datos alarmantes proporcionados por la Asociaci\u00f3n Psiqui\u00e1trica Mexicana, el INEGI y la Secretar\u00eda del Trabajo y Previsi\u00f3n Social (STPS): durante los \u00faltimos 10 a\u00f1os ha habido un incremento continuo del 16% de incidencia de suicidios, el 11% del gasto destinado a la atenci\u00f3n de discapacidades laborales se relaciona con trastornos mentales, y apenas el 2% del presupuesto de salud se utiliza para combatir y tratar la salud mental de los mexicanos.<br \/>\nLa falta de especialistas en salud mental (psic\u00f3logos, terapeutas y psiquiatras) y no atender los factores de riesgo psicosocial en el mundo del trabajo tiene un alto coste para el aparato productivo nacional: cerca de 16 millones de pesos anuales.<br \/>\n\u201cSeg\u00fan la Organizaci\u00f3n Mundial de la Salud (OMS) la fuerza laboral mexicana es una de las<img decoding=\"async\" class=\"size-medium wp-image-311643 alignright\" src=\"https:\/\/dimensionturistica.com\/es\/wp-content\/uploads\/2022\/05\/ecretaria-del-Trabajo-y-Prevision-Social-STPS-300x82.jpg\" alt=\"\" width=\"300\" height=\"82\" srcset=\"https:\/\/dimensionturistica.com\/es\/wp-content\/uploads\/2022\/05\/ecretaria-del-Trabajo-y-Prevision-Social-STPS-300x82.jpg 300w, https:\/\/dimensionturistica.com\/es\/wp-content\/uploads\/2022\/05\/ecretaria-del-Trabajo-y-Prevision-Social-STPS.jpg 474w\" sizes=\"(max-width: 300px) 100vw, 300px\" \/> m\u00e1s estresada del mundo, y durante la emergencia sanitaria la prevalencia de la ansiedad y depresi\u00f3n increment\u00f3 en m\u00e1s del 30%\u201d, explica Juan Pablo Montoya, CEO de Momentu, plataforma que acompa\u00f1a a las personas de la mano de expertos en salud mental para reducir el estr\u00e9s laboral, el ausentismo laboral y aumentar la productividad en los equipos de trabajo.<br \/>\nLa OMS estima que 75% de las personas trabajadoras en M\u00e9xico padecen los efectos del estr\u00e9s laboral cr\u00f3nico o burnout, que se caracteriza principalmente por sentimientos de agotamiento, distanciamiento mental del trabajo, y sentimientos negativos relacionados con las funciones laborales (como ineficiencia o falta de realizaci\u00f3n).<br \/>\nAunque en enero pasado entr\u00f3 en vigor la nueva Clasificaci\u00f3n Internacional de Enfermedades (CIE-11) de la OMS, en la que el burnout ya est\u00e1 catalogado como un padecimiento laboral, <img decoding=\"async\" class=\"size-medium wp-image-311641 alignleft\" src=\"https:\/\/dimensionturistica.com\/es\/wp-content\/uploads\/2022\/05\/salud-mental-2-300x200.jpg\" alt=\"\" width=\"300\" height=\"200\" srcset=\"https:\/\/dimensionturistica.com\/es\/wp-content\/uploads\/2022\/05\/salud-mental-2-300x200.jpg 300w, https:\/\/dimensionturistica.com\/es\/wp-content\/uploads\/2022\/05\/salud-mental-2-1024x683.jpg 1024w, https:\/\/dimensionturistica.com\/es\/wp-content\/uploads\/2022\/05\/salud-mental-2-768x512.jpg 768w, https:\/\/dimensionturistica.com\/es\/wp-content\/uploads\/2022\/05\/salud-mental-2-750x500.jpg 750w, https:\/\/dimensionturistica.com\/es\/wp-content\/uploads\/2022\/05\/salud-mental-2-1140x760.jpg 1140w, https:\/\/dimensionturistica.com\/es\/wp-content\/uploads\/2022\/05\/salud-mental-2.jpg 1350w\" sizes=\"(max-width: 300px) 100vw, 300px\" \/>este s\u00edndrome todav\u00eda no es reconocido en M\u00e9xico. La STPS se ha adelantado a la atenci\u00f3n de este padecimiento con la creaci\u00f3n de la NOM 035 para identificar, analizar y prevenir factores de riesgo psicosocial en los lugares de trabajo, el incumplimiento de la norma implicar\u00eda una multa de hasta $500,000 pesos a cada compa\u00f1\u00eda.<br \/>\nEn ese sentido, Juan Pablo Montoya explica que las empresas tienen la responsabilidad de evaluar en sus trabajadores aspectos puntuales para determinar su bienestar mental y posibles afecciones y trastorno.<br \/>\n\u201cPara determinar el bienestar de los trabajadores se pueden tomar signos observables como cambios de estado de \u00e1nimo, entregas tard\u00edas, desconcentraci\u00f3n o falta de motivaci\u00f3n; tambi\u00e9n c\u00f3mo asumen los retos de cada d\u00eda, si se paralizan por el estr\u00e9s de las tareas diarias, y c\u00f3mo asumen los contratiempos o imprevistos. Otro aspecto importante es tomar en cuenta el nivel de productividad y las bajas por enfermedad\u201d, explica el CEO de Momentu.<br \/>\nEn cuanto a los posibles riesgos de burnout, recomienda evitar las altas cargas de trabajo, un liderazgo mal enfocado, los horarios laborales r\u00edgidos, las incongruencias entre las habilidades y las funciones para el cargo, las pol\u00edticas de seguridad y salud inadecuadas o inexistentes, y las pr\u00e1cticas ineficientes de gesti\u00f3n y comunicaci\u00f3n.<br \/>\nDesde la experiencia de Juan Pablo Montoya, tomar en cuenta la salud mental de los empleados tiene que ver con cuidar a los colaboradores, pero tambi\u00e9n contribuir en la motivaci\u00f3n, la productividad, el compromiso e, incluso, reducir el ausentismo laboral con incentivos de car\u00e1cter no econ\u00f3mico que est\u00e9n enfocados en mejorar el bienestar y la calidad de vida de los equipos y las empresas.<br \/>\nEl salario emocional ser\u00e1 la nueva tendencia organizacional y la clave para retener talento a partir de este a\u00f1o. M\u00e1s del 40% de las empresas del mundo buscar\u00e1 mejorar el bienestar de su personal en el 2022, por lo que sin duda el salario emocional juega un papel muy importante para las organizaciones.<br \/>\nEste concepto se refiere a invertir en la salud mental y el bienestar de los colaboradores teniendo en cuenta las condiciones adecuadas para trabajar a gusto: un buen clima laboral, relaciones saludables y equilibrio entre el trabajo y la vida personal. Se estima que por cada USD$1 que invierte una organizaci\u00f3n en temas de salud mental, obtiene un retorno de USD$4 reflejado en un mejor performance del empleado, NPS (Net Promoter Score) de la compa\u00f1\u00eda y disminuci\u00f3n de los niveles de rotaci\u00f3n laboral.<br \/>\nCuando un empleado se siente feliz, es menos probable que renuncie y hay mayor probabilidad de que incremente su productividad sin poner en riesgo su salud. Las empresas de M\u00e9xico y el mundo que sean capaces de incluir programas de salud mental y herramientas de prevenci\u00f3n de burnout ver\u00e1n reflejado un crecimiento significativo en su organizaci\u00f3n.<\/p>\n<p>&nbsp;<\/p>\n","protected":false},"excerpt":{"rendered":"<p>A estas cifras se suman otros datos alarmantes proporcionados por la Asociaci\u00f3n Psiqui\u00e1trica Mexicana, el INEGI y la Secretar\u00eda del Trabajo y Previsi\u00f3n Social (STPS): durante los \u00faltimos 10 a\u00f1os ha habido un incremento continuo del 16% de incidencia de suicidios, el 11% del gasto destinado a la atenci\u00f3n de discapacidades laborales se relaciona con [&hellip;]<\/p>\n","protected":false},"author":1,"featured_media":311640,"comment_status":"open","ping_status":"closed","sticky":false,"template":"","format":"standard","meta":{"om_disable_all_campaigns":false,"jnews-multi-image_gallery":[],"jnews_single_post":{"source_name":"","source_url":"","via_name":"","via_url":"","override_template":"0","override":[{"template":"1","single_blog_custom":"","parallax":"1","fullscreen":"1","layout":"right-sidebar","sidebar":"default-sidebar","second_sidebar":"default-sidebar","sticky_sidebar":"1","share_position":"top","share_float_style":"share-monocrhome","show_share_counter":"1","show_view_counter":"1","show_featured":"1","show_post_meta":"1","show_post_author":"1","show_post_author_image":"1","show_post_date":"1","post_date_format":"default","post_date_format_custom":"Y\/m\/d","show_post_category":"1","show_post_reading_time":"0","post_reading_time_wpm":"300","show_zoom_button":"0","zoom_button_out_step":"2","zoom_button_in_step":"3","show_post_tag":"1","show_prev_next_post":"1","show_popup_post":"1","number_popup_post":"1","show_author_box":"0","show_post_related":"0","show_inline_post_related":"0"}],"override_image_size":"0","image_override":[{"single_post_thumbnail_size":"crop-500","single_post_gallery_size":"crop-500"}],"trending_post":"0","trending_post_position":"meta","trending_post_label":"Trending","sponsored_post":"0","sponsored_post_label":"Sponsored by","sponsored_post_name":"","sponsored_post_url":"","sponsored_post_logo_enable":"0","sponsored_post_logo":"","sponsored_post_desc":"","disable_ad":"0"},"jnews_primary_category":{"id":""},"jnews_social_meta":{"fb_title":"","fb_description":"","fb_image":"","twitter_title":"","twitter_description":"","twitter_image":""},"footnotes":""},"categories":[40],"tags":[],"class_list":["post-311633","post","type-post","status-publish","format-standard","has-post-thumbnail","hentry","category-industria"],"_links":{"self":[{"href":"https:\/\/dimensionturistica.com\/es\/wp-json\/wp\/v2\/posts\/311633","targetHints":{"allow":["GET"]}}],"collection":[{"href":"https:\/\/dimensionturistica.com\/es\/wp-json\/wp\/v2\/posts"}],"about":[{"href":"https:\/\/dimensionturistica.com\/es\/wp-json\/wp\/v2\/types\/post"}],"author":[{"embeddable":true,"href":"https:\/\/dimensionturistica.com\/es\/wp-json\/wp\/v2\/users\/1"}],"replies":[{"embeddable":true,"href":"https:\/\/dimensionturistica.com\/es\/wp-json\/wp\/v2\/comments?post=311633"}],"version-history":[{"count":0,"href":"https:\/\/dimensionturistica.com\/es\/wp-json\/wp\/v2\/posts\/311633\/revisions"}],"wp:featuredmedia":[{"embeddable":true,"href":"https:\/\/dimensionturistica.com\/es\/wp-json\/wp\/v2\/media\/311640"}],"wp:attachment":[{"href":"https:\/\/dimensionturistica.com\/es\/wp-json\/wp\/v2\/media?parent=311633"}],"wp:term":[{"taxonomy":"category","embeddable":true,"href":"https:\/\/dimensionturistica.com\/es\/wp-json\/wp\/v2\/categories?post=311633"},{"taxonomy":"post_tag","embeddable":true,"href":"https:\/\/dimensionturistica.com\/es\/wp-json\/wp\/v2\/tags?post=311633"}],"curies":[{"name":"wp","href":"https:\/\/api.w.org\/{rel}","templated":true}]}}