{"id":311618,"date":"2022-05-03T22:35:36","date_gmt":"2022-05-03T22:35:36","guid":{"rendered":"https:\/\/dimensionturistica.com\/es\/?p=311618"},"modified":"2022-05-03T22:35:36","modified_gmt":"2022-05-03T22:35:36","slug":"el-secretario-de-turismo-miguel-torruco-marques-y-el-gobernador-de-baja-california-sur-victor-manuel-castro-cosio-sostuvieron-reuniones-con-empresarios-turisticos-de-loreto","status":"publish","type":"post","link":"https:\/\/dimensionturistica.com\/es\/el-secretario-de-turismo-miguel-torruco-marques-y-el-gobernador-de-baja-california-sur-victor-manuel-castro-cosio-sostuvieron-reuniones-con-empresarios-turisticos-de-loreto\/","title":{"rendered":"El secretario de Turismo, Miguel Torruco Marqu\u00e9s, y el gobernador de Baja California Sur, V\u00edctor Manuel Castro Cos\u00edo, sostuvieron reuniones con empresarios tur\u00edsticos de Loreto"},"content":{"rendered":"<p><img decoding=\"async\" class=\"size-medium wp-image-311622 alignright\" src=\"https:\/\/dimensionturistica.com\/es\/wp-content\/uploads\/2022\/05\/LORETO-FONATUR-300x225.jpg\" alt=\"\" width=\"300\" height=\"225\" srcset=\"https:\/\/dimensionturistica.com\/es\/wp-content\/uploads\/2022\/05\/LORETO-FONATUR-300x225.jpg 300w, https:\/\/dimensionturistica.com\/es\/wp-content\/uploads\/2022\/05\/LORETO-FONATUR.jpg 500w\" sizes=\"(max-width: 300px) 100vw, 300px\" \/>\u00a0Miguel Torruco Marqu\u00e9s, Secretario de Turismo Federal, inici\u00f3 en Loreto, el segundo d\u00eda de actividades de su gira por Baja California Sur, junto con el gobernador, V\u00edctor Manuel Castro Cos\u00edo; en donde destac\u00f3 que s\u00f3lo con la participaci\u00f3n del sector empresarial y de los tres \u00f3rdenes de gobierno, se est\u00e1 logrando una recuperaci\u00f3n m\u00e1s r\u00e1pida del sector.<br \/>\nAcompa\u00f1ado tambi\u00e9n de la secretaria de Turismo y Econom\u00eda de Baja California Sur, Rosa Maribel Collins S\u00e1nchez; y las alcaldesas de Loreto, Paola Cota Davis, y de La Paz, Milena Quiroga Romero; el titular de la Secretar\u00eda de Turismo (Sectur) tuvo una reuni\u00f3n con empresarios e inversionistas, en la que resalt\u00f3 la importancia de generar acciones de manera firme y sostenida, que impulsen la actividad tur\u00edstica en Loreto y en la entidad.<br \/>\nCon el prop\u00f3sito de verificar el estado que guarda la infraestructura tur\u00edstica de este Centro Integralmente Planeado (CIP), Torruco Marqu\u00e9s realiz\u00f3 un recorrido por Nopol\u00f3, sitio que se enmarca en bellos escenarios naturales, en donde conviven en armon\u00eda las playas y las monta\u00f1as.<br \/>\n<img decoding=\"async\" class=\"size-medium wp-image-311624 alignleft\" src=\"https:\/\/dimensionturistica.com\/es\/wp-content\/uploads\/2022\/05\/LORETO-3-300x179.jpg\" alt=\"\" width=\"300\" height=\"179\" srcset=\"https:\/\/dimensionturistica.com\/es\/wp-content\/uploads\/2022\/05\/LORETO-3-300x179.jpg 300w, https:\/\/dimensionturistica.com\/es\/wp-content\/uploads\/2022\/05\/LORETO-3.jpg 500w\" sizes=\"(max-width: 300px) 100vw, 300px\" \/>De regreso en Loreto se sostuvo una reuni\u00f3n con integrantes de la Asociaci\u00f3n de Hoteles y Prestadores de Servicios Tur\u00edsticos y de la Alianza Hotelera, a quienes plante\u00f3 la necesidad de no continuar con inercias del pasado que no llevaban a nada.<br \/>\nEn su presentaci\u00f3n, el secretario de Turismo destac\u00f3 que por ello, la actual administraci\u00f3n trabaja en el desarrollo de productos \u201cancla\u201d, y a partir de \u00e9stos configurar circuitos tur\u00edsticos complementarios que detonen la econom\u00eda de la plaza, de la entidad y de la regi\u00f3n, como es el caso de la carrera \u201cMar a Mar\u201d.<br \/>\nPor su parte, el gobernador de Baja California Sur, V\u00edctor Manuel Castro Cos\u00edo, anunci\u00f3 que ya trabajan en conjunto con el gobierno municipal de Loreto, en la construcci\u00f3n de un nuevo relleno sanitario; asimismo, con el Fondo Nacional de Fomento al Turismo (Fonatur) en el arreglo del c\u00e1rcamo de rebombeo de la ciudad, ambas, demandas hist\u00f3ricas de la comunidad.<br \/>\nDestac\u00f3 que la ocupaci\u00f3n hotelera en marzo, super\u00f3 en seis puntos la registrada en 2019,<img decoding=\"async\" class=\"size-medium wp-image-311625 alignright\" src=\"https:\/\/dimensionturistica.com\/es\/wp-content\/uploads\/2022\/05\/LORETO-2-300x169.jpg\" alt=\"\" width=\"300\" height=\"169\" srcset=\"https:\/\/dimensionturistica.com\/es\/wp-content\/uploads\/2022\/05\/LORETO-2-300x169.jpg 300w, https:\/\/dimensionturistica.com\/es\/wp-content\/uploads\/2022\/05\/LORETO-2.jpg 500w\" sizes=\"(max-width: 300px) 100vw, 300px\" \/> expectativa que se mantiene para abril; e hizo un llamado a reconstruir la manera en que los gobiernos se relacionan con la comunidad, para que cada quien aporte lo que pueda en favor de las principales demandas de las poblaciones.<br \/>\nEn el evento estuvieron tambi\u00e9n presentes la diputada local, Paz Ochoa Quiroz, as\u00ed como representantes de Fonatur y de \u00c1ngeles Verdes.<br \/>\nLa gira de trabajo del titular de Sectur contempla la asistencia como testigo de honor, a la Firma del Hermanamiento de los Pueblos M\u00e1gicos de Loreto y Todos Santos, as\u00ed como la entrega de renovaci\u00f3n del nombramiento como Pueblo M\u00e1gico a Loreto.<\/p>\n","protected":false},"excerpt":{"rendered":"<p>\u00a0Miguel Torruco Marqu\u00e9s, Secretario de Turismo Federal, inici\u00f3 en Loreto, el segundo d\u00eda de actividades de su gira por Baja California Sur, junto con el gobernador, V\u00edctor Manuel Castro Cos\u00edo; en donde destac\u00f3 que s\u00f3lo con la participaci\u00f3n del sector empresarial y de los tres \u00f3rdenes de gobierno, se est\u00e1 logrando una recuperaci\u00f3n m\u00e1s r\u00e1pida [&hellip;]<\/p>\n","protected":false},"author":1,"featured_media":311623,"comment_status":"open","ping_status":"closed","sticky":false,"template":"","format":"standard","meta":{"om_disable_all_campaigns":false,"jnews-multi-image_gallery":[],"jnews_single_post":{"source_name":"","source_url":"","via_name":"","via_url":"","override_template":"0","override":[{"template":"1","single_blog_custom":"","parallax":"1","fullscreen":"1","layout":"right-sidebar","sidebar":"default-sidebar","second_sidebar":"default-sidebar","sticky_sidebar":"1","share_position":"top","share_float_style":"share-monocrhome","show_share_counter":"1","show_view_counter":"1","show_featured":"1","show_post_meta":"1","show_post_author":"1","show_post_author_image":"1","show_post_date":"1","post_date_format":"default","post_date_format_custom":"Y\/m\/d","show_post_category":"1","show_post_reading_time":"0","post_reading_time_wpm":"300","show_zoom_button":"0","zoom_button_out_step":"2","zoom_button_in_step":"3","show_post_tag":"1","show_prev_next_post":"1","show_popup_post":"1","number_popup_post":"1","show_author_box":"0","show_post_related":"0","show_inline_post_related":"0"}],"override_image_size":"0","image_override":[{"single_post_thumbnail_size":"crop-500","single_post_gallery_size":"crop-500"}],"trending_post":"0","trending_post_position":"meta","trending_post_label":"Trending","sponsored_post":"0","sponsored_post_label":"Sponsored by","sponsored_post_name":"","sponsored_post_url":"","sponsored_post_logo_enable":"0","sponsored_post_logo":"","sponsored_post_desc":"","disable_ad":"0"},"jnews_primary_category":{"id":""},"jnews_social_meta":{"fb_title":"","fb_description":"","fb_image":"","twitter_title":"","twitter_description":"","twitter_image":""},"footnotes":""},"categories":[39],"tags":[],"class_list":["post-311618","post","type-post","status-publish","format-standard","has-post-thumbnail","hentry","category-viajes"],"_links":{"self":[{"href":"https:\/\/dimensionturistica.com\/es\/wp-json\/wp\/v2\/posts\/311618","targetHints":{"allow":["GET"]}}],"collection":[{"href":"https:\/\/dimensionturistica.com\/es\/wp-json\/wp\/v2\/posts"}],"about":[{"href":"https:\/\/dimensionturistica.com\/es\/wp-json\/wp\/v2\/types\/post"}],"author":[{"embeddable":true,"href":"https:\/\/dimensionturistica.com\/es\/wp-json\/wp\/v2\/users\/1"}],"replies":[{"embeddable":true,"href":"https:\/\/dimensionturistica.com\/es\/wp-json\/wp\/v2\/comments?post=311618"}],"version-history":[{"count":0,"href":"https:\/\/dimensionturistica.com\/es\/wp-json\/wp\/v2\/posts\/311618\/revisions"}],"wp:featuredmedia":[{"embeddable":true,"href":"https:\/\/dimensionturistica.com\/es\/wp-json\/wp\/v2\/media\/311623"}],"wp:attachment":[{"href":"https:\/\/dimensionturistica.com\/es\/wp-json\/wp\/v2\/media?parent=311618"}],"wp:term":[{"taxonomy":"category","embeddable":true,"href":"https:\/\/dimensionturistica.com\/es\/wp-json\/wp\/v2\/categories?post=311618"},{"taxonomy":"post_tag","embeddable":true,"href":"https:\/\/dimensionturistica.com\/es\/wp-json\/wp\/v2\/tags?post=311618"}],"curies":[{"name":"wp","href":"https:\/\/api.w.org\/{rel}","templated":true}]}}