{"id":311468,"date":"2022-05-03T19:18:06","date_gmt":"2022-05-03T19:18:06","guid":{"rendered":"https:\/\/dimensionturistica.com\/es\/?p=311468"},"modified":"2022-05-03T19:18:06","modified_gmt":"2022-05-03T19:18:06","slug":"el-pan-gran-protagonista-del-crecimiento-de-vicky-foods","status":"publish","type":"post","link":"https:\/\/dimensionturistica.com\/es\/el-pan-gran-protagonista-del-crecimiento-de-vicky-foods\/","title":{"rendered":"El pan, gran protagonista del crecimiento de Vicky Foods"},"content":{"rendered":"<p> <br \/>\n<\/p>\n<div style=\"padding-top: 0px;font-size:1.1em;\">\n<p><strong>Vicky Meals<\/strong> ha aumentado un 38 % su volumen de producci\u00f3n de pan. Un hecho que le ha llevado a alcanzar los 127 millones de euros en ventas en 2021. De esta manera, el holding internacional afianza su liderazgo en esta divisi\u00f3n que encadena cinco a\u00f1os de incremento ininterrumpido. Con un acumulado del 265 % y una cuota de exportaci\u00f3n ya cercana al 30 %.<\/p>\n<p>Seg\u00fan han informado, una estrategia de crecimiento generada por la reputaci\u00f3n de estos productos a nivel internacional. Especialmente, en pa\u00edses como <strong>Francia<\/strong>, <strong>Portugal<\/strong>, <strong>Reino Unido<\/strong>, <strong>Italia<\/strong> y <strong>Alemania<\/strong>. A esto se une su plan de diversificaci\u00f3n a nuevos clientes y mercados.<\/p>\n<h2>El pan recupera el protagonismo<\/h2>\n<p>Como consecuencia de estas cifras, el <strong>pan<\/strong> recupera el protagonismo a nivel de producci\u00f3n de la compa\u00f1\u00eda. Con un 52 % de cuota, seguido de la<strong> boller\u00eda y pasteler\u00eda<\/strong> con un 46 %. Un gran hito para <a target=\"_blank\" href=\"https:\/\/economia3.com\/ficha-empresa\/vicky-foods-products-sl\/\" rel=\"noopener\">Vicky Foods<\/a> que retorna a los or\u00edgenes de su nacimiento en Villalonga (Valencia) como una panificadora fundada por <strong>Antonio Juan<\/strong>, padre del precise CEO de la empresa, <strong>Rafael Juan<\/strong>.<\/p>\n<p>Durante estas d\u00e9cadas, Vicky Meals ha apostado constantemente por la innovaci\u00f3n y la mejora continua de sus procedimientos, procesos; en maquinaria de \u00faltima generaci\u00f3n y en proyectos relacionados con el desarrollo de nuevas propuestas acordes a la demanda del cambiante consumidor precise. En este sentido, la compa\u00f1\u00eda adquiri\u00f3 a finales de 2020 tres l\u00edneas de producci\u00f3n adicionales. Por ellas invirti\u00f3 cerca de 40 millones de euros.<\/p>\n<p>Las nuevas l\u00edneas, que formaban parte de la estrategia de crecimiento del holding en esta categor\u00eda, est\u00e1n destinadas a la fabricaci\u00f3n de <strong>pan de molde<\/strong>, <strong>pan de burger<\/strong> y <strong>scorching canine<\/strong>.<\/p>\n<\/p><\/div>\n\n<p><em> \u2018 The preceding article may include information circulated by third parties \u2019 <\/em><\/p>\n<p><em> \u2018 Some details of this article were extracted from the following source economia3.com \u2019 <\/em><\/p>\n","protected":false},"excerpt":{"rendered":"<p>Vicky Meals ha aumentado un 38 % su volumen de producci\u00f3n de pan. Un hecho que le ha llevado a alcanzar los 127 millones de euros en ventas en 2021. De esta manera, el holding internacional afianza su liderazgo en esta divisi\u00f3n que encadena cinco a\u00f1os de incremento ininterrumpido. Con un acumulado del 265 % [&hellip;]<\/p>\n","protected":false},"author":2,"featured_media":311469,"comment_status":"open","ping_status":"closed","sticky":false,"template":"","format":"standard","meta":{"om_disable_all_campaigns":false,"jnews-multi-image_gallery":[],"jnews_single_post":[],"jnews_primary_category":[],"jnews_social_meta":[],"footnotes":""},"categories":[43],"tags":[],"class_list":["post-311468","post","type-post","status-publish","format-standard","has-post-thumbnail","hentry","category-gourmet"],"_links":{"self":[{"href":"https:\/\/dimensionturistica.com\/es\/wp-json\/wp\/v2\/posts\/311468","targetHints":{"allow":["GET"]}}],"collection":[{"href":"https:\/\/dimensionturistica.com\/es\/wp-json\/wp\/v2\/posts"}],"about":[{"href":"https:\/\/dimensionturistica.com\/es\/wp-json\/wp\/v2\/types\/post"}],"author":[{"embeddable":true,"href":"https:\/\/dimensionturistica.com\/es\/wp-json\/wp\/v2\/users\/2"}],"replies":[{"embeddable":true,"href":"https:\/\/dimensionturistica.com\/es\/wp-json\/wp\/v2\/comments?post=311468"}],"version-history":[{"count":0,"href":"https:\/\/dimensionturistica.com\/es\/wp-json\/wp\/v2\/posts\/311468\/revisions"}],"wp:featuredmedia":[{"embeddable":true,"href":"https:\/\/dimensionturistica.com\/es\/wp-json\/wp\/v2\/media\/311469"}],"wp:attachment":[{"href":"https:\/\/dimensionturistica.com\/es\/wp-json\/wp\/v2\/media?parent=311468"}],"wp:term":[{"taxonomy":"category","embeddable":true,"href":"https:\/\/dimensionturistica.com\/es\/wp-json\/wp\/v2\/categories?post=311468"},{"taxonomy":"post_tag","embeddable":true,"href":"https:\/\/dimensionturistica.com\/es\/wp-json\/wp\/v2\/tags?post=311468"}],"curies":[{"name":"wp","href":"https:\/\/api.w.org\/{rel}","templated":true}]}}