{"id":311465,"date":"2022-05-03T19:15:56","date_gmt":"2022-05-03T19:15:56","guid":{"rendered":"https:\/\/dimensionturistica.com\/es\/?p=311465"},"modified":"2022-05-03T19:15:56","modified_gmt":"2022-05-03T19:15:56","slug":"mas-de-140-cruceros-arribaran-en-puerto-de-montevideo-y-40-en-el-de-punta-del-este-negocios-03-05-2022","status":"publish","type":"post","link":"https:\/\/dimensionturistica.com\/es\/mas-de-140-cruceros-arribaran-en-puerto-de-montevideo-y-40-en-el-de-punta-del-este-negocios-03-05-2022\/","title":{"rendered":"M\u00e1s de 140 cruceros arribar\u00e1n en Puerto de Montevideo y 40 en el de Punta del Este &#8211; Negocios &#8211; 03\/05\/2022"},"content":{"rendered":"<p> <br \/>\n<\/p>\n<div>\n<div class=\"contenido-exclusivo-nota\" style=\"display:none\">\n<div class=\"ico-text\">\n<img decoding=\"async\" src=\"https:\/\/dimensionturistica.com\/es\/wp-content\/uploads\/2021\/11\/Preocupacion-en-Argentina-detectaron-caso-de-COVID-19-en-crucero-que.svg.svg+xml\" width=\"25\" height=\"25\" alt=\"Contenido exclusivo para suscriptores\" title=\"Contenido exclusivo para suscriptores\" border=\"0\"\/><\/p>\n<p>Contenido Exclusivo<\/p>\n<\/div>\n<p>La nota a la que intentas acceder es exclusiva para suscriptores<\/p>\n<div class=\"btn\">\n<a rel=\"nofollow noopener\" target=\"_blank\" class=\"suscribirme\" href=\"https:\/\/www.elpais.com.uy\/negocios\/noticias\/javascript:displayRequireEntitlementPaywall()\">Suscribirme<\/a> <\/p>\n<p><b>Conoc\u00e9 nuestros planes<\/b><br \/>y disfrut\u00e1 de El Pa\u00eds sin l\u00edmites.<\/p>\n<\/div>\n<div class=\"btn\">\n<a rel=\"nofollow noopener\" target=\"_blank\" class=\"ingresar\" href=\"https:\/\/www.elpais.com.uy\/negocios\/noticias\/javascript:displayRequireLoginPopupPaywall(true)\">Ingresar<\/a> <\/p>\n<p><b>Si ya sos suscriptor<\/b> pod\u00e9s<br \/>ingresar con tu usuario y contrase\u00f1a.<\/p>\n<\/div>\n<\/div>\n<p class=\"paragraph\" id=\"p328911-m86-85-87\">El subsecretario de Turismo, <b>Remo Monzeglio<\/b>, dijo este martes a El Pa\u00eds que hay 143 <b>cruceros confirmados que arribar\u00e1n al Puerto de Montevideo<\/b>\u00a0y unos 40 en el de <b>Punta del Este<\/b> durante la <b>temporada tur\u00edstica del sector<\/b>, que se extiende desde finales de octubre hasta principios de abril.<\/p>\n<p class=\"paragraph\" id=\"p328911-m91-1-92\">\u201cEs probable\u201d que aumente el n\u00famero de barcos que llegar\u00e1n a Uruguay, se\u00f1al\u00f3 Monzeglio, aunque a\u00f1adi\u00f3: \u201c(Esto) no est\u00e1 asegurado porque ya es una gran cantidad de barcos\u201d que confirmaron su arribo.<\/p>\n<p>\u201cLa ocupaci\u00f3n que est\u00e1n teniendo los cruceros (que llegar\u00e1n), sobre todo los de principios de temporada, es bastante buena porque se dan dos factores importantes, el primero es las promociones que han hecho para incentivar a la gente a que vuelva al <b>turismo de crucero<\/b>\u201d, cont\u00f3 el subsecretario.<\/p>\n<p>\u201cLa segunda es que muchos de los que ten\u00edan pasajes comprados cuando vino la pandemia tuvieron que esperar, trasladar sus fechas y ahora est\u00e1n aprovechando esta nueva temporada\u201d, asegur\u00f3.<\/p>\n<p class=\"paragraph\" id=\"p328911-m96-2-97\">Los datos mencionados &#8220;son muy alentadores, la industria de cruceros estima que va a tener el a\u00f1o pr\u00f3ximo un crecimiento del 6 % y posteriormente va a seguir creciendo&#8221;, apunt\u00f3.\u00a0<\/p>\n<p>Asimismo, el subsecretario dijo m\u00e1s temprano a Subrayado (Canal 10) que las compa\u00f1\u00edas del sector han hecho \u201calusi\u00f3n a que Uruguay era sin lugar a dudas un pa\u00eds confiable para atender los cruceros por su solidaridad y por la forma en la que se trat\u00f3 a la gente que estaba algunos de ellos anclados en los barcos\u201d y record\u00f3 el caso del <a rel=\"nofollow noopener\" target=\"_blank\" href=\"https:\/\/www.elpais.com.uy\/noticias\/greg-mortimer\">Greg Mortimer<\/a>.<\/p>\n<p>Por otra parte, Monzeglio se\u00f1al\u00f3 las razones detr\u00e1s de la ca\u00edda en los n\u00fameros de cruceros que han llegado al pa\u00eds desde el inicio de la pandemia: \u201cEl a\u00f1o pasado ten\u00edamos una temporada brillante, lamentablemente por una decisi\u00f3n unilateral de Brasil que no nos gust\u00f3, pero que la respetamos, que por cuestiones sanitarias no acept\u00f3 cruceros que hubieran pasado por otros pa\u00edses, se pas\u00f3 de unos 200 barcos que ten\u00edamos previstos a unos 15 o 20\u201d en la temporada 2021.<\/p>\n<p>Brasil anunci\u00f3 meses atr\u00e1s el\u00a0<a rel=\"nofollow noopener\" target=\"_blank\" href=\"https:\/\/www.elpais.com.uy\/negocios\/noticias\/brasil-anuncio-reinicio-cruceros-turisticos.html\">reinicio de los cruceros mar\u00edtimos tur\u00edsticos<\/a>, que estaban suspendidos desde marzo del a\u00f1o pasado por la elevada cantidad de contagios\u00a0 de coronavirus que registraban.\u00a0<\/p>\n<p class=\"paragraph\" id=\"p328911-m101-3-102\">Seg\u00fan datos del Ministerio de Turismo, en la temporada 2018-2019 hubo 89 arribos de cruceros en el Puerto de Montevideo y 57 en el de Punta del Este, mientras que en la de 2019-2020 hubo 118 en la capital y 48 en Maldonado.<\/p>\n<\/div>\n<p><script>\n        (function(d, s, id) {\n         var js, fjs = d.getElementsByTagName(s)[0];\n         if (d.getElementById(id)) return;\n         js = d.createElement(s); js.id = id;\n         js.src = \"\/\/connect.facebook.net\/es_ES\/sdk.js#xfbml=1&version=v2.10\";\n         fjs.parentNode.insertBefore(js, fjs);\n         }(document, 'script', 'facebook-jssdk'));\n    <\/script><script>\n\tif(typeof(fbAccounts)==\"undefined\"){\n\t\tfbAccounts = {\n\t\t\t'www.elpais.com.uy':'1975946609143501',\n\t\t\t'www.ovaciondigital.com.uy':'1126084374135056'\n\t   }\n\t   if(fbAccounts[window.location.host]){\n\t\t  !function(f,b,e,v,n,t,s)\n\t\t  {if(f.fbq)return;n=f.fbq=function(){n.callMethod?\n\t\t  n.callMethod.apply(n,arguments):n.queue.push(arguments)};\n\t\t  if(!f._fbq)f._fbq=n;n.push=n;n.loaded=!0;n.version='2.0';\n\t\t  n.queue=[];t=b.createElement(e);t.async=!0;\n\t\t  t.src=v;s=b.getElementsByTagName(e)[0];\n\t\t  s.parentNode.insertBefore(t,s)}(window, document,'script',\n\t\t  'https:\/\/connect.facebook.net\/en_US\/fbevents.js');\n\t\t  fbq('init', fbAccounts[window.location.host]);\n\t\t  fbq('track', 'PageView');\n\t\t }\n\t}\n<\/script><br \/>\n<br \/><\/p>\n<p><em> &#8221; Fuentes www.elpais.com.uy &#8221; <\/em><\/p>\n","protected":false},"excerpt":{"rendered":"<p>Contenido Exclusivo La nota a la que intentas acceder es exclusiva para suscriptores Suscribirme Conoc\u00e9 nuestros planesy disfrut\u00e1 de El Pa\u00eds sin l\u00edmites. Ingresar Si ya sos suscriptor pod\u00e9singresar con tu usuario y contrase\u00f1a. El subsecretario de Turismo, Remo Monzeglio, dijo este martes a El Pa\u00eds que hay 143 cruceros confirmados que arribar\u00e1n al Puerto [&hellip;]<\/p>\n","protected":false},"author":4,"featured_media":311466,"comment_status":"open","ping_status":"closed","sticky":false,"template":"","format":"standard","meta":{"om_disable_all_campaigns":false,"jnews-multi-image_gallery":[],"jnews_single_post":[],"jnews_primary_category":[],"jnews_social_meta":[],"footnotes":""},"categories":[41],"tags":[42955,543,11099,6794,1919],"class_list":["post-311465","post","type-post","status-publish","format-standard","has-post-thumbnail","hentry","category-cruceros","tag-42955","tag-cruceros","tag-espera","tag-luego","tag-uruguay"],"_links":{"self":[{"href":"https:\/\/dimensionturistica.com\/es\/wp-json\/wp\/v2\/posts\/311465","targetHints":{"allow":["GET"]}}],"collection":[{"href":"https:\/\/dimensionturistica.com\/es\/wp-json\/wp\/v2\/posts"}],"about":[{"href":"https:\/\/dimensionturistica.com\/es\/wp-json\/wp\/v2\/types\/post"}],"author":[{"embeddable":true,"href":"https:\/\/dimensionturistica.com\/es\/wp-json\/wp\/v2\/users\/4"}],"replies":[{"embeddable":true,"href":"https:\/\/dimensionturistica.com\/es\/wp-json\/wp\/v2\/comments?post=311465"}],"version-history":[{"count":0,"href":"https:\/\/dimensionturistica.com\/es\/wp-json\/wp\/v2\/posts\/311465\/revisions"}],"wp:featuredmedia":[{"embeddable":true,"href":"https:\/\/dimensionturistica.com\/es\/wp-json\/wp\/v2\/media\/311466"}],"wp:attachment":[{"href":"https:\/\/dimensionturistica.com\/es\/wp-json\/wp\/v2\/media?parent=311465"}],"wp:term":[{"taxonomy":"category","embeddable":true,"href":"https:\/\/dimensionturistica.com\/es\/wp-json\/wp\/v2\/categories?post=311465"},{"taxonomy":"post_tag","embeddable":true,"href":"https:\/\/dimensionturistica.com\/es\/wp-json\/wp\/v2\/tags?post=311465"}],"curies":[{"name":"wp","href":"https:\/\/api.w.org\/{rel}","templated":true}]}}