{"id":311370,"date":"2022-05-03T16:28:33","date_gmt":"2022-05-03T16:28:33","guid":{"rendered":"https:\/\/dimensionturistica.com\/es\/?p=311370"},"modified":"2022-05-03T16:28:34","modified_gmt":"2022-05-03T16:28:34","slug":"a-la-vuelta-de-la-esquina-la-privatizacion-de-los-muelles-de-cruceros-en-san-juan","status":"publish","type":"post","link":"https:\/\/dimensionturistica.com\/es\/a-la-vuelta-de-la-esquina-la-privatizacion-de-los-muelles-de-cruceros-en-san-juan\/","title":{"rendered":"A la vuelta de la esquina la privatizaci\u00f3n de los muelles de cruceros en San Juan"},"content":{"rendered":"<p> <br \/>\n<\/p>\n<div>\n<p class=\"content-element\">El proceso de privatizaci\u00f3n de los muelles de cruceros en San Juan est\u00e1 viento en popa y la transacci\u00f3n podr\u00eda completarse a finales del pr\u00f3ximo trimestre, confirm\u00f3 el director ejecutivo de la <a rel=\"nofollow noopener\" target=\"_blank\" href=\"https:\/\/www.elnuevodia.com\/topicos\/alianzas-publico-privadas\/\"><b>Autoridad para las Alianzas P\u00fablico-Privadas<\/b><\/a> (AAPP), Ferm\u00edn Fontan\u00e9s.<\/p>\n<\/div>\n\n<p><em> &#8221; Fuentes www.elnuevodia.com &#8221; <\/em><\/p>\n","protected":false},"excerpt":{"rendered":"<p>El proceso de privatizaci\u00f3n de los muelles de cruceros en San Juan est\u00e1 viento en popa y la transacci\u00f3n podr\u00eda completarse a finales del pr\u00f3ximo trimestre, confirm\u00f3 el director ejecutivo de la Autoridad para las Alianzas P\u00fablico-Privadas (AAPP), Ferm\u00edn Fontan\u00e9s. &#8221; Fuentes www.elnuevodia.com &#8221;<\/p>\n","protected":false},"author":4,"featured_media":311371,"comment_status":"open","ping_status":"closed","sticky":false,"template":"","format":"standard","meta":{"om_disable_all_campaigns":false,"jnews-multi-image_gallery":[],"jnews_single_post":[],"jnews_primary_category":[],"jnews_social_meta":[],"footnotes":""},"categories":[41],"tags":[543,544],"class_list":["post-311370","post","type-post","status-publish","format-standard","has-post-thumbnail","hentry","category-cruceros","tag-cruceros","tag-turismo"],"_links":{"self":[{"href":"https:\/\/dimensionturistica.com\/es\/wp-json\/wp\/v2\/posts\/311370","targetHints":{"allow":["GET"]}}],"collection":[{"href":"https:\/\/dimensionturistica.com\/es\/wp-json\/wp\/v2\/posts"}],"about":[{"href":"https:\/\/dimensionturistica.com\/es\/wp-json\/wp\/v2\/types\/post"}],"author":[{"embeddable":true,"href":"https:\/\/dimensionturistica.com\/es\/wp-json\/wp\/v2\/users\/4"}],"replies":[{"embeddable":true,"href":"https:\/\/dimensionturistica.com\/es\/wp-json\/wp\/v2\/comments?post=311370"}],"version-history":[{"count":0,"href":"https:\/\/dimensionturistica.com\/es\/wp-json\/wp\/v2\/posts\/311370\/revisions"}],"wp:featuredmedia":[{"embeddable":true,"href":"https:\/\/dimensionturistica.com\/es\/wp-json\/wp\/v2\/media\/311371"}],"wp:attachment":[{"href":"https:\/\/dimensionturistica.com\/es\/wp-json\/wp\/v2\/media?parent=311370"}],"wp:term":[{"taxonomy":"category","embeddable":true,"href":"https:\/\/dimensionturistica.com\/es\/wp-json\/wp\/v2\/categories?post=311370"},{"taxonomy":"post_tag","embeddable":true,"href":"https:\/\/dimensionturistica.com\/es\/wp-json\/wp\/v2\/tags?post=311370"}],"curies":[{"name":"wp","href":"https:\/\/api.w.org\/{rel}","templated":true}]}}