{"id":310996,"date":"2022-05-02T22:31:17","date_gmt":"2022-05-02T22:31:17","guid":{"rendered":"https:\/\/dimensionturistica.com\/es\/?p=310996"},"modified":"2022-05-02T22:31:18","modified_gmt":"2022-05-02T22:31:18","slug":"rgv-tours-construira-nuevas-oficinas-en-edinburg","status":"publish","type":"post","link":"https:\/\/dimensionturistica.com\/es\/rgv-tours-construira-nuevas-oficinas-en-edinburg\/","title":{"rendered":"RGV Tours construir\u00e1 nuevas oficinas en Edinburg"},"content":{"rendered":"<p> <br \/>\n<\/p>\n<div>\n<p><strong>RGV Excursions<\/strong> lleg\u00f3 a Edinburg, Texas, en donde <i>construir\u00e1 sus nuevas instalaciones<\/i>. Para anunciarlo a la comunidad realiz\u00f3 una ceremonia inaugural a la que asistieron representantes de la\u00a0<strong>Corporaci\u00f3n de Desarrollo Econ\u00f3mico<\/strong> de la ciudad, del Consejo Municipal, as\u00ed como de la <strong>C\u00e1mara de Comercio de Edinburg<\/strong> y l\u00edderes comunitarios.<\/p>\n<p>Blanca D\u00e1vila, directora de la Corporaci\u00f3n de Desarrollo Econ\u00f3mico de Edinburg, coment\u00f3 que es un gusto recibir a <strong>RGV Excursions\u00a0<\/strong>en la ciudad y dio a conocer que esta empresa generar\u00e1 entre 15 y 20 empleos directos.\u00a0<\/p>\n<p>\u201cRGV Tours hizo una interesante inversi\u00f3n y estamos contentos de tenerlos aqu\u00ed, despu\u00e9s de haber estado trabajando con ellos por seis meses. Continuaremos colaborando hasta que la construcci\u00f3n de su edificio quede finalizada en aproximadamente seis meses\u201d, inform\u00f3 D\u00e1vila.<\/p>\n<p><strong>RGV Excursions<\/strong> est\u00e1 <i>enfocada al turismo\u00a0<\/i>y tiene contratos con la <strong>Universidad de Texas<\/strong> del R\u00edo Grande, en explicit, con el \u00e1rea de deportes, con quienes ha realizado diversos viajes a destinos como\u00a0 Disney World y\u00a0 San Antonio, as\u00ed como otros destinos en EE.UU. Cualquiera que est\u00e9 interesado en realizar un viaje puede comunicarse con <strong>RGV Excursions<\/strong>.<\/p>\n<p>\u00a0<\/p>\n<p><strong>RGV TOURS<\/strong><\/p>\n<p><i>Esta compa\u00f1\u00eda tur\u00edstica ofrece en renta autobuses para viajes<\/i>, ya sea para grupos escolares, negocios o familias que deseen viajar a cualquier destino en EE.UU.<\/p>\n<p>Vicente Photo voltaic, fundador y director de la compa\u00f1\u00eda de viajes, coment\u00f3 que han sido 17 a\u00f1os de esfuerzo para conseguir las metas que han planeado; sin embargo, resalt\u00f3 que est\u00e1n agradecidos por ser parte ahora de la comunidad de Edinburg.<\/p>\n<p>\u201cHemos tenido tambi\u00e9n personas de M\u00e9xico que se han unido a nuestros viajes con destinos como Disney, Nueva York, Costa Este de Estados Unidos e incluso Canad\u00e1 para conocer las cataratas del Ni\u00e1gara\u201d, coment\u00f3 Lizeth Photo voltaic, socia fundadora en <strong>RGV Excursions<\/strong>.<\/p>\n<p>Para empresas, RGV Excursions se adapta a las necesidades de sus clientes brind\u00e1ndoles el transporte e integra adem\u00e1s a este servicio la b\u00fasqueda de las mejores opciones de boletos de accesos de varios lugares como parques de diversi\u00f3n, excursions a universidades e incluso les apoyan en la b\u00fasqueda de un hospedaje.<\/p>\n<p>\u201cNosotros podemos ayudar a nuestros clientes a hacer un paquete integral con todo lo que necesitan o adapt\u00e1ndose solo a brindar el transporte\u201d, mencion\u00f3 Lizeth Photo voltaic.<\/p>\n<\/p><\/div>\n<p><script>\n  !function(f,b,e,v,n,t,s)\n  {if(f.fbq)return;n=f.fbq=function(){n.callMethod?\n  n.callMethod.apply(n,arguments):n.queue.push(arguments)};\n  if(!f._fbq)f._fbq=n;n.push=n;n.loaded=!0;n.version='2.0';\n  n.queue=[];t=b.createElement(e);t.async=!0;\n  t.src=v;s=b.getElementsByTagName(e)[0];\n  s.parentNode.insertBefore(t,s)}(window, document,'script',\n  'https:\/\/connect.facebook.net\/en_US\/fbevents.js');\n  fbq('init', '1529559990541507');\n  fbq('track', 'PageView');\n  <\/script><script async defer crossorigin=\"anonymous\" src=\"https:\/\/connect.facebook.net\/es_LA\/sdk.js#xfbml=1&#038;version=v4.0&#038;appId=1814081208607470\"><\/script><br \/>\n<br \/><\/p>\n<p><em> &#8221; Fuentes mexicoindustry.com &#8221; <\/em><\/p>\n","protected":false},"excerpt":{"rendered":"<p>RGV Excursions lleg\u00f3 a Edinburg, Texas, en donde construir\u00e1 sus nuevas instalaciones. Para anunciarlo a la comunidad realiz\u00f3 una ceremonia inaugural a la que asistieron representantes de la\u00a0Corporaci\u00f3n de Desarrollo Econ\u00f3mico de la ciudad, del Consejo Municipal, as\u00ed como de la C\u00e1mara de Comercio de Edinburg y l\u00edderes comunitarios. Blanca D\u00e1vila, directora de la Corporaci\u00f3n [&hellip;]<\/p>\n","protected":false},"author":4,"featured_media":310997,"comment_status":"open","ping_status":"closed","sticky":false,"template":"","format":"standard","meta":{"om_disable_all_campaigns":false,"jnews-multi-image_gallery":[],"jnews_single_post":[],"jnews_primary_category":[],"jnews_social_meta":[],"footnotes":""},"categories":[39],"tags":[39245],"class_list":["post-310996","post","type-post","status-publish","format-standard","has-post-thumbnail","hentry","category-viajes","tag-mexicoindustry"],"_links":{"self":[{"href":"https:\/\/dimensionturistica.com\/es\/wp-json\/wp\/v2\/posts\/310996","targetHints":{"allow":["GET"]}}],"collection":[{"href":"https:\/\/dimensionturistica.com\/es\/wp-json\/wp\/v2\/posts"}],"about":[{"href":"https:\/\/dimensionturistica.com\/es\/wp-json\/wp\/v2\/types\/post"}],"author":[{"embeddable":true,"href":"https:\/\/dimensionturistica.com\/es\/wp-json\/wp\/v2\/users\/4"}],"replies":[{"embeddable":true,"href":"https:\/\/dimensionturistica.com\/es\/wp-json\/wp\/v2\/comments?post=310996"}],"version-history":[{"count":0,"href":"https:\/\/dimensionturistica.com\/es\/wp-json\/wp\/v2\/posts\/310996\/revisions"}],"wp:featuredmedia":[{"embeddable":true,"href":"https:\/\/dimensionturistica.com\/es\/wp-json\/wp\/v2\/media\/310997"}],"wp:attachment":[{"href":"https:\/\/dimensionturistica.com\/es\/wp-json\/wp\/v2\/media?parent=310996"}],"wp:term":[{"taxonomy":"category","embeddable":true,"href":"https:\/\/dimensionturistica.com\/es\/wp-json\/wp\/v2\/categories?post=310996"},{"taxonomy":"post_tag","embeddable":true,"href":"https:\/\/dimensionturistica.com\/es\/wp-json\/wp\/v2\/tags?post=310996"}],"curies":[{"name":"wp","href":"https:\/\/api.w.org\/{rel}","templated":true}]}}