{"id":310844,"date":"2022-05-02T17:28:28","date_gmt":"2022-05-02T17:28:28","guid":{"rendered":"https:\/\/dimensionturistica.com\/es\/?p=310844"},"modified":"2022-05-02T17:28:29","modified_gmt":"2022-05-02T17:28:29","slug":"viajes-bojorquez-de-mexico-apuesta-con-fuerza-por-fitcuba-2022","status":"publish","type":"post","link":"https:\/\/dimensionturistica.com\/es\/viajes-bojorquez-de-mexico-apuesta-con-fuerza-por-fitcuba-2022\/","title":{"rendered":"Viajes Bojorquez de M\u00e9xico apuesta con fuerza por FITCuba 2022"},"content":{"rendered":"<p> <br \/>\n<\/p>\n<div data-id=\"44014e52\" data-element_type=\"widget\" data-widget_type=\"theme-post-excerpt.default\">\n<p>\n\t\t\tVaradero, Cuba, 2 could (Prensa Latina) Una amplia delegaci\u00f3n de la agencia de viajes Bojorquez, de M\u00e9xico, lleg\u00f3 hoy al balneario de Varadero en esta isla para asistir a la 40 Feria Internacional de Turismo de Cuba (FITCuba 2022) y potenciar la relaci\u00f3n entre ambas naciones.\t\t<\/p>\n<\/p><\/div>\n\n<p><em> &#8221; Fuentes www.prensa-latina.cu &#8221; <\/em><\/p>\n","protected":false},"excerpt":{"rendered":"<p>Varadero, Cuba, 2 could (Prensa Latina) Una amplia delegaci\u00f3n de la agencia de viajes Bojorquez, de M\u00e9xico, lleg\u00f3 hoy al balneario de Varadero en esta isla para asistir a la 40 Feria Internacional de Turismo de Cuba (FITCuba 2022) y potenciar la relaci\u00f3n entre ambas naciones. &#8221; Fuentes www.prensa-latina.cu &#8221;<\/p>\n","protected":false},"author":4,"featured_media":221258,"comment_status":"open","ping_status":"closed","sticky":false,"template":"","format":"standard","meta":{"om_disable_all_campaigns":false,"jnews-multi-image_gallery":[],"jnews_single_post":[],"jnews_primary_category":[],"jnews_social_meta":[],"footnotes":""},"categories":[39],"tags":[715,35201,544],"class_list":["post-310844","post","type-post","status-publish","format-standard","has-post-thumbnail","hentry","category-viajes","tag-economia","tag-nota-informativa","tag-turismo"],"_links":{"self":[{"href":"https:\/\/dimensionturistica.com\/es\/wp-json\/wp\/v2\/posts\/310844","targetHints":{"allow":["GET"]}}],"collection":[{"href":"https:\/\/dimensionturistica.com\/es\/wp-json\/wp\/v2\/posts"}],"about":[{"href":"https:\/\/dimensionturistica.com\/es\/wp-json\/wp\/v2\/types\/post"}],"author":[{"embeddable":true,"href":"https:\/\/dimensionturistica.com\/es\/wp-json\/wp\/v2\/users\/4"}],"replies":[{"embeddable":true,"href":"https:\/\/dimensionturistica.com\/es\/wp-json\/wp\/v2\/comments?post=310844"}],"version-history":[{"count":0,"href":"https:\/\/dimensionturistica.com\/es\/wp-json\/wp\/v2\/posts\/310844\/revisions"}],"wp:featuredmedia":[{"embeddable":true,"href":"https:\/\/dimensionturistica.com\/es\/wp-json\/wp\/v2\/media\/221258"}],"wp:attachment":[{"href":"https:\/\/dimensionturistica.com\/es\/wp-json\/wp\/v2\/media?parent=310844"}],"wp:term":[{"taxonomy":"category","embeddable":true,"href":"https:\/\/dimensionturistica.com\/es\/wp-json\/wp\/v2\/categories?post=310844"},{"taxonomy":"post_tag","embeddable":true,"href":"https:\/\/dimensionturistica.com\/es\/wp-json\/wp\/v2\/tags?post=310844"}],"curies":[{"name":"wp","href":"https:\/\/api.w.org\/{rel}","templated":true}]}}