{"id":310780,"date":"2022-05-02T15:56:14","date_gmt":"2022-05-02T15:56:14","guid":{"rendered":"https:\/\/dimensionturistica.com\/es\/?p=310780"},"modified":"2022-05-02T15:56:15","modified_gmt":"2022-05-02T15:56:15","slug":"fitcuba-2022-definira-proyeccion-turistica-cubana-video-fotos","status":"publish","type":"post","link":"https:\/\/dimensionturistica.com\/es\/fitcuba-2022-definira-proyeccion-turistica-cubana-video-fotos\/","title":{"rendered":"FITCuba 2022 definir\u00e1 proyecci\u00f3n tur\u00edstica cubana (+ Video) (+ Fotos)"},"content":{"rendered":"<p> <br \/>\n<\/p>\n<div>\n\t\t\t<noscript><a href=\"https:\/\/www.youtube.com\/watch?v=qmJxRnb1AwI\">https:\/\/www.youtube.com\/watch?v=qmJxRnb1AwI<\/a><\/noscript><\/p>\n<p>Voceros del Ministerio del Turismo (Mintur) mostraron su optimismo en la recuperaci\u00f3n de este sector de cara a resolver los problemas econ\u00f3micos del pa\u00eds y transitar por un camino sostenible.<\/p>\n<p><img decoding=\"async\" class=\"alignnone size-full wp-image-231278\" src=\"data:image\/svg+xml,%3Csvg%20xmlns=\" http:=\"\" alt=\"\" width=\"600\" height=\"270\" data-lazy-srcset=\"https:\/\/www.prensa-latina.cu\/wp-content\/uploads\/2022\/04\/279064763_987232555119669_3859444943073042180_n.jpg 600w, https:\/\/www.prensa-latina.cu\/wp-content\/uploads\/2022\/04\/279064763_987232555119669_3859444943073042180_n-300x135.jpg 300w, https:\/\/www.prensa-latina.cu\/wp-content\/uploads\/2022\/04\/279064763_987232555119669_3859444943073042180_n-150x68.jpg 150w\" data-lazy-sizes=\"(max-width: 600px) 100vw, 600px\" data-lazy-src=\"https:\/\/www.prensa-latina.cu\/wp-content\/uploads\/2022\/04\/279064763_987232555119669_3859444943073042180_n.jpg\"\/><noscript><img decoding=\"async\" class=\"alignnone size-full wp-image-231278\" src=\"https:\/\/www.prensa-latina.cu\/wp-content\/uploads\/2022\/04\/279064763_987232555119669_3859444943073042180_n.jpg\" alt=\"\" width=\"600\" height=\"270\" srcset=\"https:\/\/www.prensa-latina.cu\/wp-content\/uploads\/2022\/04\/279064763_987232555119669_3859444943073042180_n.jpg 600w, https:\/\/www.prensa-latina.cu\/wp-content\/uploads\/2022\/04\/279064763_987232555119669_3859444943073042180_n-300x135.jpg 300w, https:\/\/www.prensa-latina.cu\/wp-content\/uploads\/2022\/04\/279064763_987232555119669_3859444943073042180_n-150x68.jpg 150w\" sizes=\"(max-width: 600px) 100vw, 600px\"\/><\/noscript><\/p>\n<p>FITCuba (3 al 7 de mayor, Plaza Am\u00e9rica, Varadero) constituye no solo la principal bolsa de su tipo en esta naci\u00f3n, sino en el Caribe, y tiene sobre s\u00ed la atenci\u00f3n de turoperadores y agentes de viajes de relieve sobre todo en Europa y Canad\u00e1.<\/p>\n<p>Esta cita con escenario en el balneario de la occidental provincia de Matanzas, en esta ocasi\u00f3n deviene s\u00edmbolo de la reactivaci\u00f3n sostenible de la actividad de este tipo en el pa\u00eds.<\/p>\n<p><img decoding=\"async\" class=\"alignnone size-full wp-image-231279\" src=\"data:image\/svg+xml,%3Csvg%20xmlns=\" http:=\"\" alt=\"\" width=\"600\" height=\"270\" data-lazy-srcset=\"https:\/\/www.prensa-latina.cu\/wp-content\/uploads\/2022\/04\/279083539_987231575119767_6131930439061833829_n.jpg 600w, https:\/\/www.prensa-latina.cu\/wp-content\/uploads\/2022\/04\/279083539_987231575119767_6131930439061833829_n-300x135.jpg 300w, https:\/\/www.prensa-latina.cu\/wp-content\/uploads\/2022\/04\/279083539_987231575119767_6131930439061833829_n-150x68.jpg 150w\" data-lazy-sizes=\"(max-width: 600px) 100vw, 600px\" data-lazy-src=\"https:\/\/www.prensa-latina.cu\/wp-content\/uploads\/2022\/04\/279083539_987231575119767_6131930439061833829_n.jpg\"\/><noscript><img decoding=\"async\" class=\"alignnone size-full wp-image-231279\" src=\"https:\/\/www.prensa-latina.cu\/wp-content\/uploads\/2022\/04\/279083539_987231575119767_6131930439061833829_n.jpg\" alt=\"\" width=\"600\" height=\"270\" srcset=\"https:\/\/www.prensa-latina.cu\/wp-content\/uploads\/2022\/04\/279083539_987231575119767_6131930439061833829_n.jpg 600w, https:\/\/www.prensa-latina.cu\/wp-content\/uploads\/2022\/04\/279083539_987231575119767_6131930439061833829_n-300x135.jpg 300w, https:\/\/www.prensa-latina.cu\/wp-content\/uploads\/2022\/04\/279083539_987231575119767_6131930439061833829_n-150x68.jpg 150w\" sizes=\"(max-width: 600px) 100vw, 600px\"\/><\/noscript><\/p>\n<p>El Mintur refiere que sin dudas, se trata de la oportunidad de compartir con todos los socios las novedades del destino.<\/p>\n<p>Indica su mensaje que las jornadas iniciar\u00e1n con un pre-evento denominado Por un turismo para todas las generaciones, que tiene como objetivo intercambiar sobre las mejores pr\u00e1cticas a nivel internacional, y es muestra del compromiso con el presente y el futuro de la actividad.<\/p>\n<p>Agregan que por vez primera se impulsar\u00e1 un programa bajo el nombre Descubre Cuba, orientado a captar la atenci\u00f3n de operadores que a\u00fan no conocen el destino.<\/p>\n<p>Agrupar\u00e1n en dicha iniciativa posibles inversionistas, l\u00edneas a\u00e9reas, grupos hoteleros y turoperadores tradicionales, pero muy especialmente de mercados poco explorados por Cuba.<\/p>\n<p>Las autoridades locales est\u00e1n convencidas de que ser\u00e1 una experiencia muy provechosa para fortalecer el sector.<\/p>\n<p>Dentro del Recinto Ferial Plaza Am\u00e9rica los organizadores reservaron espacio para la Expo FitCuba MICE, orientada a promover a Cuba como un destino de eventos e incentivos.<\/p>\n<p>Ser\u00e1 este el espacio supreme para presentar el calendario de reuniones del pa\u00eds, con muchas opciones de todas las tem\u00e1ticas, como cultura, deportes, salud, ciencias, gastronom\u00eda, naturaleza, y turismo en common.<\/p>\n<p>Regresa, dijeron, la Expo de Tecnolog\u00edas, que en esta ocasi\u00f3n sumar\u00e1 a todos los actores econ\u00f3micos del pa\u00eds, tanto estatales como privados, para laborar en la digitalizaci\u00f3n del destino.<\/p>\n<p>Otra novedad de la Feria es la Expo de Negocios, con la promoci\u00f3n de su cartera de oportunidades y la visita a proyectos de inter\u00e9s como el parque tem\u00e1tico Rio Can\u00edmar y el Acu\u00e1tico de Varadero.<\/p>\n<p>El multidestino ser\u00e1 otro de los elementos de destaque en la reuni\u00f3n, y la diversidad de propuestas que abarca, adem\u00e1s de sol y playa, cultura, patrimonio, gastronom\u00eda, naturaleza, n\u00e1utica y buceo. Aprovechan tambi\u00e9n la oportunidad para relanzar Cayo Largo del Sur, que cumple 40 a\u00f1os.<\/p>\n<p>De esa suerte, el Mintur califica a FitCuba como la vitrina para mostrar la oferta tur\u00edstica y la profesionalidad de los trabajadores de este archipi\u00e9lago.<\/p>\n<p>mem\/rfc<\/p>\n<\/p><\/div>\n\n<p><em> &#8221; Fuentes www.prensa-latina.cu &#8221; <\/em><\/p>\n","protected":false},"excerpt":{"rendered":"<p>Voceros del Ministerio del Turismo (Mintur) mostraron su optimismo en la recuperaci\u00f3n de este sector de cara a resolver los problemas econ\u00f3micos del pa\u00eds y transitar por un camino sostenible. FITCuba (3 al 7 de mayor, Plaza Am\u00e9rica, Varadero) constituye no solo la principal bolsa de su tipo en esta naci\u00f3n, sino en el Caribe, [&hellip;]<\/p>\n","protected":false},"author":4,"featured_media":310781,"comment_status":"open","ping_status":"closed","sticky":false,"template":"","format":"standard","meta":{"om_disable_all_campaigns":false,"jnews-multi-image_gallery":[],"jnews_single_post":[],"jnews_primary_category":[],"jnews_social_meta":[],"footnotes":""},"categories":[40],"tags":[715,35201,544],"class_list":["post-310780","post","type-post","status-publish","format-standard","has-post-thumbnail","hentry","category-industria","tag-economia","tag-nota-informativa","tag-turismo"],"_links":{"self":[{"href":"https:\/\/dimensionturistica.com\/es\/wp-json\/wp\/v2\/posts\/310780","targetHints":{"allow":["GET"]}}],"collection":[{"href":"https:\/\/dimensionturistica.com\/es\/wp-json\/wp\/v2\/posts"}],"about":[{"href":"https:\/\/dimensionturistica.com\/es\/wp-json\/wp\/v2\/types\/post"}],"author":[{"embeddable":true,"href":"https:\/\/dimensionturistica.com\/es\/wp-json\/wp\/v2\/users\/4"}],"replies":[{"embeddable":true,"href":"https:\/\/dimensionturistica.com\/es\/wp-json\/wp\/v2\/comments?post=310780"}],"version-history":[{"count":0,"href":"https:\/\/dimensionturistica.com\/es\/wp-json\/wp\/v2\/posts\/310780\/revisions"}],"wp:featuredmedia":[{"embeddable":true,"href":"https:\/\/dimensionturistica.com\/es\/wp-json\/wp\/v2\/media\/310781"}],"wp:attachment":[{"href":"https:\/\/dimensionturistica.com\/es\/wp-json\/wp\/v2\/media?parent=310780"}],"wp:term":[{"taxonomy":"category","embeddable":true,"href":"https:\/\/dimensionturistica.com\/es\/wp-json\/wp\/v2\/categories?post=310780"},{"taxonomy":"post_tag","embeddable":true,"href":"https:\/\/dimensionturistica.com\/es\/wp-json\/wp\/v2\/tags?post=310780"}],"curies":[{"name":"wp","href":"https:\/\/api.w.org\/{rel}","templated":true}]}}