{"id":310641,"date":"2022-05-02T10:42:47","date_gmt":"2022-05-02T10:42:47","guid":{"rendered":"https:\/\/dimensionturistica.com\/es\/?p=310641"},"modified":"2022-05-02T10:42:47","modified_gmt":"2022-05-02T10:42:47","slug":"la-temporada-de-viajes-de-egresados-viene-con-aumentos-de-hasta-el-70-diario-de-cuyo","status":"publish","type":"post","link":"https:\/\/dimensionturistica.com\/es\/la-temporada-de-viajes-de-egresados-viene-con-aumentos-de-hasta-el-70-diario-de-cuyo\/","title":{"rendered":"La temporada de viajes de egresados viene con aumentos de hasta el 70% | Diario de Cuyo"},"content":{"rendered":"<p> <br \/>\n<\/p>\n<div itemprop=\"articleBody\">\n<p>Con la vuelta a la normalidad de las clases, ante la baja de casos de covid-19, las agencias de viajes que trabajan en la provincia ya largaron la ventas de los paquetes para los viajes de egresados. La novedad este a\u00f1o es que para los chicos de la secundaria los valores se incrementaron un 50% y las ofertas arrancan desde los $113.000. En el caso de los que van a la primaria, las subas llegan al 70% y el plan m\u00e1s buscado parte desde los $62.000. Una particularidad del 2022 es que ante el incremento de los costos y la dificultad de viajar al exterior, por ejemplo a Cambori\u00fa, Bariloche volvi\u00f3 con fuerza y es la localidad preferida otra vez por los estudiantes.<\/p>\n<p>Seg\u00fan las agencias que operan con el turismo estudiantil en San Juan, y despu\u00e9s de una par\u00e1lisis complete del segmento durante la pandemia, el viaje de egresados volvi\u00f3 a ser un tema de conversaci\u00f3n en los grupos de WhatsApp, incluso en las reuniones de padres con la vuelta de las clases.<\/p>\n<p>El panorama es alentador, seg\u00fan opinan los operadores tur\u00edsticos consultados, y en el sector coinciden en que los viajes poscovid, volvieron al inter\u00e9s de quienes dejan los estudios.<\/p>\n<p>Desde Journey Rock, una de las empresas l\u00edderes en su segmento, Pablo Heit, gerente en San Juan y Chile de la compa\u00f1\u00eda, dijo que la expectativa es trabajar con 60.000 estudiantes de todo el pa\u00eds esta temporada. Los viajes comenzar\u00e1n el 15 de junio hasta el 10 de enero del 2023. Por un paquete que incluye 8 noches m\u00e1s 2 d\u00edas de viaje a Bariloche, con transporte, alojamiento, boliches, excursiones y seguros, sale $113.000, un 50% m\u00e1s caro que el a\u00f1o pasado. Entre las condiciones de pago, al momento de salir ofrecen que el 30% est\u00e9 cancelado y el 70% restante se puede financiar con tarjetas en hasta 12 \u00f3 18 cuotas.<\/p>\n<p>El mejor de los \u00faltimos a\u00f1os de la empresa, seg\u00fan Heit, fue el 2010, cuando en San Juan llegaron a trabajar con 1.300 estudiantes, mientras que en el 2019, por la disaster econ\u00f3mica, la cifra cay\u00f3 a 700 chicos. &#8220;Para este a\u00f1o queremos volver con los 1.300 estudiantes&#8221;, dijo el gerente.<\/p>\n<p>Otra agencia tradicional en San Juan en el rubro es Turismo Vittorio. Desde la empresa, Vittorio Vatteroni dio a conocer que tienen dos opciones de salidas, Carlos Paz y Bariloche. En el primer caso el paquete de 7 d\u00edas m\u00e1s 2 d\u00edas de viaje cuesta $78.000, incluido el transporte, alojamiento, seguros, noches de boliches y excursiones. La condiciones de pago se negocian, pero debe estar cancelado el viaje al momento de la salida.<\/p>\n<p>En la opci\u00f3n de Bariloche lanzaron a la venta los paquetes para el 2023 a raz\u00f3n de $150.000 el paquete, que incluye 8 noches de alojamiento m\u00e1s 2 d\u00edas de viaje. Y tambi\u00e9n los planes de pago se pueden acordar con la empresa.<\/p>\n<p>Un mundo aparte es el de los viajes para los estudiantes primarios. Una de las principales agencias que opera en este segmento del mercado es Mario Ag\u00fcero Turismo, que ofrece a Carlos Paz como la principal opci\u00f3n, con un paquete que incluye 5 d\u00edas con 3 noches por $ 62.000, con pensi\u00f3n completa, excursiones, entretenimientos, video, fotos y remera, seg\u00fan explic\u00f3 Mario Ag\u00fcero (h). Esta opci\u00f3n est\u00e1 un 70% m\u00e1s cara que el a\u00f1o pasado, cuando pudieron hacer algunos viajes a partir de octubre, luego que se habilitara la actividad. Se puede abonar en cuotas y antes de viajar debe estar cancelado.<\/p>\n<p>Un dato a tener en cuenta es que a la hora de firmar un contrato hay que averiguar si la agencia est\u00e1 habilitada y si tiene autorizado el destino por el Ministerio de Turismo de la Naci\u00f3n. Tambi\u00e9n se deben considerar los requisitos que debe cumplir la empresa, qu\u00e9 caracter\u00edsticas poseen los contratos -en cuanto a transporte, hospedaje, gastronom\u00eda, excursiones, seguro m\u00e9dico y de asistencia al viajero- y c\u00f3mo hacer denuncias.<\/p>\n<p><strong>Duraci\u00f3n<\/strong><\/p>\n<p>10 Es la cantidad de d\u00edas que se extiende el viaje a Bariloche, el m\u00e1s buscado por los chicos que dejan la secundaria. Son 8 noches de alojamiento y el resto comprende el traslado.<\/p>\n<h2>El regreso del Previaje<\/h2>\n<p>El Ministerio de Turismo y Deportes de la Naci\u00f3n que se lanzar\u00e1 la tercera edici\u00f3n del Previaje, con una diferencia sustancial respecto a las dos ediciones anteriores: el cr\u00e9dito del Previaje 3 ser\u00e1 para las temporadas baja y media-baja; es decir, entre agosto -despu\u00e9s de las vacaciones de invierno- y noviembre o diciembre de 2022.<\/p>\n<p>De esta manera es oficial la nueva implementaci\u00f3n de la principal pol\u00edtica de incentivo al turismo promocionada por el gobierno de Alberto Fern\u00e1ndez, que en su segunda edici\u00f3n cerr\u00f3 con una facturaci\u00f3n cercana a los 99 mil millones de pesos y 4,5 millones de usuarios, lo que multiplic\u00f3 por diez el complete de lo facturado en 2020, a\u00f1o de su primera edici\u00f3n.<\/p>\n<p>El Previaje es un programa de preventa tur\u00edstica que reintegra el 50% del valor del viaje en cr\u00e9dito disponible para ser usado en ese u otro destino de Argentina. A su vez, m\u00e1s de 400.000 personas accedieron a &#8220;Previaje PAMI&#8221;, que otorga un reintegro del 70% de los gastos para los afiliados de PAMI.<\/p>\n<\/p><\/div>\n<p><script>\n\t    window.fbAsyncInit = function() {\n\t      FB.init({\n\t        appId: \"128555857253291\",\n\t        xfbml: true,\n\t        version: \"v2.6\"\n\t      });\n\t    };\n\t    (function(d, s, id){\n\t       var js, fjs = d.getElementsByTagName(s)[0];\n\t       if (d.getElementById(id)) { return; }\n\t       js = d.createElement(s); js.id = id;\n\t       js.src = \"https:\/\/connect.facebook.net\/es_LA\/sdk.js\";\n\t       fjs.parentNode.insertBefore(js, fjs);\n\t    }(document, 'script', 'facebook-jssdk'));\n\t<\/script><br \/>\n<br \/><\/p>\n<p><em> &#8221; Fuentes www.diariodecuyo.com.ar &#8221; <\/em><\/p>\n","protected":false},"excerpt":{"rendered":"<p>Con la vuelta a la normalidad de las clases, ante la baja de casos de covid-19, las agencias de viajes que trabajan en la provincia ya largaron la ventas de los paquetes para los viajes de egresados. La novedad este a\u00f1o es que para los chicos de la secundaria los valores se incrementaron un 50% [&hellip;]<\/p>\n","protected":false},"author":4,"featured_media":310642,"comment_status":"open","ping_status":"closed","sticky":false,"template":"","format":"standard","meta":{"om_disable_all_campaigns":false,"jnews-multi-image_gallery":[],"jnews_single_post":[],"jnews_primary_category":[],"jnews_social_meta":[],"footnotes":""},"categories":[40],"tags":[6789],"class_list":["post-310641","post","type-post","status-publish","format-standard","has-post-thumbnail","hentry","category-industria","tag-turismo-estudiantil"],"_links":{"self":[{"href":"https:\/\/dimensionturistica.com\/es\/wp-json\/wp\/v2\/posts\/310641","targetHints":{"allow":["GET"]}}],"collection":[{"href":"https:\/\/dimensionturistica.com\/es\/wp-json\/wp\/v2\/posts"}],"about":[{"href":"https:\/\/dimensionturistica.com\/es\/wp-json\/wp\/v2\/types\/post"}],"author":[{"embeddable":true,"href":"https:\/\/dimensionturistica.com\/es\/wp-json\/wp\/v2\/users\/4"}],"replies":[{"embeddable":true,"href":"https:\/\/dimensionturistica.com\/es\/wp-json\/wp\/v2\/comments?post=310641"}],"version-history":[{"count":0,"href":"https:\/\/dimensionturistica.com\/es\/wp-json\/wp\/v2\/posts\/310641\/revisions"}],"wp:featuredmedia":[{"embeddable":true,"href":"https:\/\/dimensionturistica.com\/es\/wp-json\/wp\/v2\/media\/310642"}],"wp:attachment":[{"href":"https:\/\/dimensionturistica.com\/es\/wp-json\/wp\/v2\/media?parent=310641"}],"wp:term":[{"taxonomy":"category","embeddable":true,"href":"https:\/\/dimensionturistica.com\/es\/wp-json\/wp\/v2\/categories?post=310641"},{"taxonomy":"post_tag","embeddable":true,"href":"https:\/\/dimensionturistica.com\/es\/wp-json\/wp\/v2\/tags?post=310641"}],"curies":[{"name":"wp","href":"https:\/\/api.w.org\/{rel}","templated":true}]}}