{"id":310605,"date":"2022-05-02T08:11:46","date_gmt":"2022-05-02T08:11:46","guid":{"rendered":"https:\/\/dimensionturistica.com\/es\/?p=310605"},"modified":"2022-05-02T08:11:46","modified_gmt":"2022-05-02T08:11:46","slug":"la-marea-turquesa-de-la-cursa-de-la-dona-vicky-foods-inunda-las-calles-de-gandia","status":"publish","type":"post","link":"https:\/\/dimensionturistica.com\/es\/la-marea-turquesa-de-la-cursa-de-la-dona-vicky-foods-inunda-las-calles-de-gandia\/","title":{"rendered":"La &#8216;marea turquesa&#8217; de la Cursa de la Dona Vicky Foods inunda las calles de Gandia"},"content":{"rendered":"<p> <br \/>\n<\/p>\n<p>\t<!--blogger signature --><br \/>\n\t        <span class=\"signature\">SG \/ Fotos: Toni Deusa.<\/span>     <\/p>\n<p><!--TWITTER --><\/p>\n<p><!-- linkedin --><br \/>\n            <span class=\"desktopnewdata\"><br \/>\n                        <\/span><\/p>\n<div>\n<p><img decoding=\"async\" alt=\"[Img #60427]\" class=\"RichTextAlignLeft\" src=\"https:\/\/saforguia.com\/upload\/images\/05_2022\/8728_1-salida-cursa-dona-2022-copia.jpg\"\/><\/p>\n<p>\u00a0<\/p>\n<p>Cerca de 3.000\u00a0mujeres participaron el domingo en la XIII Cursa de la Dona Vicky Meals de Gandia. El evento estaba previsto para el 27 de marzo, pero tuvo que ser aplazado por la lluvia. Pero este Primero de Mayo luci\u00f3 el sol, con una temperatura agradable para correr, y por fin la Cursa, que fue anulada en 2020 y 2021 debido a la pandemia de coronavirus, volvi\u00f3 este a\u00f1o a las calles de Gandia y Benirredr\u00e0 en forma de \u201cmarea turquesa\u201d, el coloration que hab\u00edan escogido las mujeres para la camiseta en 2020. De hecho, muchas de las incripciones vienen de aqu\u00e9l a\u00f1o.<\/p>\n<p>\u00a0<\/p>\n<p><img decoding=\"async\" alt=\"[Img #60428]\" class=\"RichTextAlignLeft\" src=\"https:\/\/saforguia.com\/upload\/images\/05_2022\/699_2-autoridades-y-organizadores.jpg\" style=\"height:407px;width:670px;\"\/><\/p>\n<p><img decoding=\"async\" alt=\"[Img #60429]\" class=\"RichTextAlignLeft\" src=\"https:\/\/saforguia.com\/upload\/images\/05_2022\/3841_3-homenaje-victoria-fernandez.jpg\" style=\"height:447px;width:670px;\"\/><\/p>\n<p>\u00a0<\/p>\n<p>Un a\u00f1o m\u00e1s, la Cursa demostr\u00f3 ser, m\u00e1s que una carrera, un movimiento deportivo, l\u00fadico, reivindicativo y social. Tras el calentamiento de Miguel \u00c1ngel Garc\u00eda, que hab\u00eda dirigido los entrenamientos previos gratuitos, y de que sonara \u201cAy, mam\u00e1\u201d, de Rigoberta Bandini, en una jornada en la que tambi\u00e9n se celebraba el D\u00eda de la Madre, se dio paso a una de las salidas m\u00e1s multitudinarias de los \u00faltimos a\u00f1os. La carrera vuelve a ser lo que period.<\/p>\n<p>\u00a0<\/p>\n<p>La Cursa tambi\u00e9n lanz\u00f3 un mensaje pacifista contra la guerra en Ucrania, con los colores amarillo y azul de la bandera ucraniana en forma de confeti en el momento de la salida. Por otra parte, la organizaci\u00f3n tuvo un recuerdo para Victoria Fern\u00e1ndez Prieto, fallecida en abril de 2021. Fern\u00e1ndez fue cofundadora de Dulcesol, el precise grupo Vicky Meals, y patrocinador de la Cursa. El dorsal con el n\u00famero 1 y el nombre de \u201cVictoria\u201d se le entreg\u00f3 a su hija, Mariola Juan, quien a su vez estuvo muy implicada en la carrera, animando en l\u00ednea de meta y participando en la entrega de trofeos.<\/p>\n<p>\u00a0<\/p>\n<p><img decoding=\"async\" alt=\"[Img #60431]\" class=\"RichTextAlignLeft\" src=\"https:\/\/saforguia.com\/upload\/images\/05_2022\/3981_6-calentamiento.jpg\" style=\"height:456px;width:670px;\"\/><\/p>\n<p><img decoding=\"async\" alt=\"[Img #60432]\" class=\"RichTextAlignLeft\" src=\"https:\/\/saforguia.com\/upload\/images\/05_2022\/9172_7-alegria-compartida.jpg\" style=\"height:447px;width:670px;\"\/><\/p>\n<p>\u00a0<\/p>\n<p>Las tres primeras mujeres en llegar a meta pertenec\u00edan al Membership d\u2019Atletisme Safor Teika. La ganadora absoluta fue Pilar V\u00e1zquez, que ya suma cuatro victorias en esta competici\u00f3n. La atleta par\u00f3 el crono en 21.27, para una distancia de 5,9 kil\u00f3metros. Andrea Abad, que hab\u00eda sido segunda en 2019 y 2018, volvi\u00f3 a subirse al segundo caj\u00f3n, con un tiempo de 22.10. Y le sigui\u00f3 la joven atleta de Bellreguard Carla Breco, con 22.17. En cuarta posici\u00f3n qued\u00f3 Sof\u00eda Cambra (CA Vall d\u2019Albaida, 23.35) y quinta fue Beatriz P\u00e9rez, del CA Gandia Alpesa, con 24.54. Tambi\u00e9n hubo trofeos por equipos, por parentescos, y premios a las asociaciones m\u00e1s numerosas.<\/p>\n<p>\u00a0<\/p>\n<p>La carrera, organizada por el Membership d\u2019Atletisme Safor Teika, cont\u00f3 con la colaboraci\u00f3n de los Ayuntamientos de Gandia y Benirredr\u00e0. Tuvo desde primera hora de la ma\u00f1ana al periodista Xavi Blasco como \u2018speaker\u2019. Varias batukadas y discom\u00f3viles pusieron la animaci\u00f3n en diferentes puntos del recorrido y, al paso por Benirredr\u00e0, la comisi\u00f3n fallera, la banda de m\u00fasica y la charanga \u201cLa contrabanda\u201d.<\/p>\n<p>\u00a0<\/p>\n<p>La salida se dio a las 11 horas desde la avenida de Les Esclaves. Las participantes marcharon a su ritmo, unas corriendo, otras caminando, e incluso hab\u00eda madres con carritos de beb\u00e9s. La Cursa, tras adentrarse por Benirredr\u00e0 en su primer kil\u00f3metro, atraves\u00f3 el paseo Germanies y la plaza del Prado para dirigirse hacia el Museu Faller y de all\u00ed de vuelta a Benipeixcar, recuperando su itinerario recurring.<\/p>\n<p>\u00a0<\/p>\n<p>Tras la llegada a meta hubo una sesi\u00f3n de zumba a cargo de Will Buckridge, de Pura Vida Health, y para finalizar se procedi\u00f3 a la entrega de trofeos, con representantes de las firmas patrocinadoras y autoridades municipales. Tambi\u00e9n visit\u00f3 el evento el director normal de Deportes, Josep Miquel Moya.<\/p>\n<p>\u00a0<\/p>\n<p><img decoding=\"async\" alt=\"[Img #60433]\" class=\"RichTextAlignLeft\" src=\"https:\/\/saforguia.com\/upload\/images\/05_2022\/6225_4-llegada-pilar-vazquez.jpg\" style=\"height:447px;width:670px;\"\/><\/p>\n<p><img decoding=\"async\" alt=\"[Img #60430]\" class=\"RichTextAlignLeft\" src=\"https:\/\/saforguia.com\/upload\/images\/05_2022\/3269_5-las-tres-primeras.jpg\" style=\"height:445px;width:670px;\"\/><\/p>\n<p>\u00a0<\/p>\n<p>La carrera transcurri\u00f3 sin incidentes. En el hospital de campa\u00f1a, montado por efectivos de Cruz Roja y el equipo m\u00e9dico de la carrera, tan s\u00f3lo se atendieron cuatro ca\u00eddas leves. La organizaci\u00f3n tambi\u00e9n quiere agradecer a Protecci\u00f3n Civil, agentes de la Polic\u00eda Native, y las decenas de voluntarios que se ubicaron a lo largo de todo el recorrido. Entre ellos no faltaron, un a\u00f1o m\u00e1s, los vecinos del barrio de Benipeixcar, que repartieron en meta las bolsas de avituallamiento; los peque\u00f1os de la escuela del Membership d\u2019Atletisme Safor Teika, que entregaron botellas de agua a la altura de la calle Sant Francesc de Borja, acompa\u00f1ados por los adultos, o usuarios de Asmisaf, que tambi\u00e9n repartieron agua.<\/p>\n<p>\u00a0\u00a0<br \/>Este a\u00f1o la entidad beneficiaria con un euro de cada inscripci\u00f3n ha sido la Unidad de Neuroinmunolog\u00eda del Instituto de Investigaci\u00f3n Sanitaria La Fe de Val\u00e8ncia, que desarrolla un proyecto de investigaci\u00f3n sobre esclerosis m\u00faltiple, liderado por el physician Bonaventura Casanova.<\/p>\n<\/div>\n\n<p><em> \u2018 The preceding article may include information circulated by third parties \u2019 <\/em><\/p>\n<p><em> \u2018 Some details of this article were extracted from the following source saforguia.com \u2019 <\/em><\/p>\n","protected":false},"excerpt":{"rendered":"<p>SG \/ Fotos: Toni Deusa. \u00a0 Cerca de 3.000\u00a0mujeres participaron el domingo en la XIII Cursa de la Dona Vicky Meals de Gandia. El evento estaba previsto para el 27 de marzo, pero tuvo que ser aplazado por la lluvia. Pero este Primero de Mayo luci\u00f3 el sol, con una temperatura agradable para correr, y [&hellip;]<\/p>\n","protected":false},"author":2,"featured_media":310606,"comment_status":"open","ping_status":"closed","sticky":false,"template":"","format":"standard","meta":{"om_disable_all_campaigns":false,"jnews-multi-image_gallery":[],"jnews_single_post":[],"jnews_primary_category":[],"jnews_social_meta":[],"footnotes":""},"categories":[43],"tags":[41640],"class_list":["post-310605","post","type-post","status-publish","format-standard","has-post-thumbnail","hentry","category-gourmet","tag-cursa-dona-gandia"],"_links":{"self":[{"href":"https:\/\/dimensionturistica.com\/es\/wp-json\/wp\/v2\/posts\/310605","targetHints":{"allow":["GET"]}}],"collection":[{"href":"https:\/\/dimensionturistica.com\/es\/wp-json\/wp\/v2\/posts"}],"about":[{"href":"https:\/\/dimensionturistica.com\/es\/wp-json\/wp\/v2\/types\/post"}],"author":[{"embeddable":true,"href":"https:\/\/dimensionturistica.com\/es\/wp-json\/wp\/v2\/users\/2"}],"replies":[{"embeddable":true,"href":"https:\/\/dimensionturistica.com\/es\/wp-json\/wp\/v2\/comments?post=310605"}],"version-history":[{"count":0,"href":"https:\/\/dimensionturistica.com\/es\/wp-json\/wp\/v2\/posts\/310605\/revisions"}],"wp:featuredmedia":[{"embeddable":true,"href":"https:\/\/dimensionturistica.com\/es\/wp-json\/wp\/v2\/media\/310606"}],"wp:attachment":[{"href":"https:\/\/dimensionturistica.com\/es\/wp-json\/wp\/v2\/media?parent=310605"}],"wp:term":[{"taxonomy":"category","embeddable":true,"href":"https:\/\/dimensionturistica.com\/es\/wp-json\/wp\/v2\/categories?post=310605"},{"taxonomy":"post_tag","embeddable":true,"href":"https:\/\/dimensionturistica.com\/es\/wp-json\/wp\/v2\/tags?post=310605"}],"curies":[{"name":"wp","href":"https:\/\/api.w.org\/{rel}","templated":true}]}}