{"id":310587,"date":"2022-05-02T06:02:38","date_gmt":"2022-05-02T06:02:38","guid":{"rendered":"https:\/\/dimensionturistica.com\/es\/?p=310587"},"modified":"2022-05-02T06:02:39","modified_gmt":"2022-05-02T06:02:39","slug":"turismo-social-un-viaje-que-todos-debemos-emprender-mas-contenido","status":"publish","type":"post","link":"https:\/\/dimensionturistica.com\/es\/turismo-social-un-viaje-que-todos-debemos-emprender-mas-contenido\/","title":{"rendered":"Turismo social, un viaje que todos debemos emprender | M\u00e1s Contenido"},"content":{"rendered":"<p> <br \/>\n<\/p>\n<div itemprop=\"articleBody\">\n<p>                                                                                  <!-- inread --><\/p>\n<p class=\"parrafo first-parrafo\" id=\"p564826-m381-380-382\">En el marco de la m\u00e1s reciente Cumbre Mundial del Turismo, Colombia se ubic\u00f3 en el high 10 de los pa\u00edses con la mejor recuperaci\u00f3n en materia de turismo internacional, tras la disaster ocasionada por la pandemia. Y es que, seg\u00fan cifras del Ministerio de Comercio, Industria y Turismo, en enero de este a\u00f1o, se incrementaron en un 174% las visitas de personas no residentes en el pa\u00eds, en comparaci\u00f3n con el mismo periodo del 2021. As\u00ed mismo, se estima que, al finalizar este a\u00f1o, se registren 13.5 millones de turistas internos, un 36% m\u00e1s que el a\u00f1o pasado.<\/p>\n<p class=\"parrafo\" id=\"p564826-m437-2-438\">Sin duda, se trata de un panorama alentador que da cuenta de un proceso de reactivaci\u00f3n sostenible de esta industria, as\u00ed como de los esfuerzos p\u00fablicos y privados orientados a promover un turismo cada vez m\u00e1s accesible, incluyente, solidario y sostenible.<\/p>\n<p>Y precisamente, con el fin de intercambiar experiencias y aprendizajes que contribuyan al fortalecimiento del turismo social, entre el 25 y el 30 de abril se llev\u00f3 a cabo, por primera vez en Colombia, el Encuentro de las Am\u00e9ricas de Turismo Social 2022.<\/p>\n<p>El evento, liderado por la Organizaci\u00f3n Internacional de Turismo Social (ISTO), con el apoyo del Instituto Distrital de Turismo, la Alcald\u00eda de Medell\u00edn, Comfenalco Antioquia y Compensar, reuni\u00f3 en Bogot\u00e1 y Medell\u00edn a cerca de 300 actores del sector, entre representantes de autoridades locales, regionales y nacionales de turismo, operadores tur\u00edsticos, asociaciones y gremios, instituciones acad\u00e9micas y organizaciones civiles de 15 pa\u00edses del continente americano, en torno a una agenda que incluy\u00f3 conferencias, paneles, talleres, visitas guiadas y una feria de turismo social.<\/p>\n<p><i>\u201cLa esencia de este encuentro radica en la b\u00fasqueda de esa resignificaci\u00f3n del turismo como experiencia colectiva e individual y del redescubrimiento de las historias de los territorios y las personas que lo habitan, al tiempo que celebra la hermandad de nuestro continente, con este gran ejemplo de sede conjunta Bogot\u00e1 &#8211; Medell\u00edn, buscando continuar potenciando y poniendo en valor escenarios en los que todos seamos parte\u201d,<\/i> asegur\u00f3 Ver\u00f3nica G\u00f3mez, directora para las Am\u00e9ricas de ISTO.<br \/>\u200b<\/p>\n<div class=\"highlighted\" id=\"p564826-m443-3-444\">\n<p>Turismo interno m\u00e1s asequible<\/p>\n<\/div>\n<p class=\"parrafo\" id=\"p564826-m455-4-456\">En materia de turismo social, en Colombia, las Cajas de Compensaci\u00f3n Acquainted, se destacan como un actor relevante, no solo por su consolidada oferta, con cerca de 9 agencias de viajes, 60 hoteles y 65 centros vacacionales con alojamiento, ubicados en todo el territorio nacional, sino tambi\u00e9n por sus tarifas especiales para que los trabajadores de menores ingresos puedan acceder con sus familias a diferentes alternativas de descanso y diversi\u00f3n.<\/p>\n<p>Particularmente Compensar, una de las cajas m\u00e1s j\u00f3venes del pa\u00eds, contin\u00faa apost\u00e1ndole al fortalecimiento del turismo social asequible, registrando en lo corrido del a\u00f1o m\u00e1s de 101.000 visitas en sus hoteles Lagomar en Girardot y Lagosol en Nilo, de las cuales el 67% corresponden a afiliados en categor\u00edas A y B, es decir, quienes, devengan hasta 4 salarios m\u00ednimos, a lo que se suman las personas que han aprovechado los beneficios de su alianza con Hoteles Estelar, el convenio Cajas sin Fronteras y la oferta de su Agencia de Viajes; aportando as\u00ed a su sano esparcimiento, desarrollo y bienestar.<br \/>\u200b<\/p>\n<div class=\"highlighted\" id=\"p564826-m461-5-462\">\n<p>Desarrollo con sentido social<\/p>\n<\/div>\n<p class=\"parrafo\" id=\"p564826-m473-6-474\">Pensado en mejorar la experiencia de sus usuarios, en el 2021, Compensar finaliz\u00f3 un proyecto de remodelaci\u00f3n y ampliaci\u00f3n en su lodge Lagomar, que incluy\u00f3, entre otras cosas, la construcci\u00f3n de 90 habitaciones y el mejoramiento de algunos servicios de apoyo. De igual manera, y con el prop\u00f3sito de ofrecerles m\u00e1s y mejores alternativas a sus visitantes, la entidad contin\u00faa avanzando con la primera fase de un nuevo parque acu\u00e1tico en Lagosol.<\/p>\n<p>Por otra parte, inici\u00f3 el desarrollo del proyecto <i>\u201cplataforma de turismo\u201d,<\/i> un integrador tecnol\u00f3gico que permitir\u00e1 mejorar la experiencia de quienes de manera digital demanden sus servicios tur\u00edsticos. Asimismo, avanza en el desarrollo de la aplicaci\u00f3n TripTrapp, la cual complementar\u00e1 todo su portafolio mediante tecnolog\u00eda de gamificaci\u00f3n, realidad digital, personificaci\u00f3n, interacci\u00f3n y generaci\u00f3n de comunidades de viajeros.<\/p>\n<p>Estamos convencidos de que el descanso y el sano esparcimiento es esencial para el bienestar de las personas, por eso en Compensar estamos comprometidos con el fortalecimiento de un turismo accesible cada vez para m\u00e1s personas, respetuoso de las comunidades que habitan los territorios y, por supuesto, del medio ambiente, asegur\u00f3 Juan Manuel Rivadeneira, Gerente de Recreaci\u00f3n, Educaci\u00f3n y Deporte de Compensar en el marco de una de las actividades programadas dentro del Encuentro de las Am\u00e9ricas de Turismo Social 2022.<\/p>\n<p class=\"parrafo\" id=\"p564826-m479-7-480\"><b>M\u00e1s informaci\u00f3n en:<\/b> <a rel=\"nofollow noopener\" target=\"_blank\" href=\"https:\/\/corporativo.compensar.com\/turismo\">https:\/\/corporativo.compensar.com\/turismo<\/a><\/p>\n<\/div>\n\n<p><em> &#8221; Fuentes www.portafolio.co &#8221; <\/em><\/p>\n","protected":false},"excerpt":{"rendered":"<p>En el marco de la m\u00e1s reciente Cumbre Mundial del Turismo, Colombia se ubic\u00f3 en el high 10 de los pa\u00edses con la mejor recuperaci\u00f3n en materia de turismo internacional, tras la disaster ocasionada por la pandemia. Y es que, seg\u00fan cifras del Ministerio de Comercio, Industria y Turismo, en enero de este a\u00f1o, se [&hellip;]<\/p>\n","protected":false},"author":4,"featured_media":310588,"comment_status":"open","ping_status":"closed","sticky":false,"template":"","format":"standard","meta":{"om_disable_all_campaigns":false,"jnews-multi-image_gallery":[],"jnews_single_post":[],"jnews_primary_category":[],"jnews_social_meta":[],"footnotes":""},"categories":[40],"tags":[4599,771,3402,10638,544],"class_list":["post-310587","post","type-post","status-publish","format-standard","has-post-thumbnail","hentry","category-industria","tag-americas","tag-colombia","tag-encuentro","tag-primera","tag-turismo"],"_links":{"self":[{"href":"https:\/\/dimensionturistica.com\/es\/wp-json\/wp\/v2\/posts\/310587","targetHints":{"allow":["GET"]}}],"collection":[{"href":"https:\/\/dimensionturistica.com\/es\/wp-json\/wp\/v2\/posts"}],"about":[{"href":"https:\/\/dimensionturistica.com\/es\/wp-json\/wp\/v2\/types\/post"}],"author":[{"embeddable":true,"href":"https:\/\/dimensionturistica.com\/es\/wp-json\/wp\/v2\/users\/4"}],"replies":[{"embeddable":true,"href":"https:\/\/dimensionturistica.com\/es\/wp-json\/wp\/v2\/comments?post=310587"}],"version-history":[{"count":0,"href":"https:\/\/dimensionturistica.com\/es\/wp-json\/wp\/v2\/posts\/310587\/revisions"}],"wp:featuredmedia":[{"embeddable":true,"href":"https:\/\/dimensionturistica.com\/es\/wp-json\/wp\/v2\/media\/310588"}],"wp:attachment":[{"href":"https:\/\/dimensionturistica.com\/es\/wp-json\/wp\/v2\/media?parent=310587"}],"wp:term":[{"taxonomy":"category","embeddable":true,"href":"https:\/\/dimensionturistica.com\/es\/wp-json\/wp\/v2\/categories?post=310587"},{"taxonomy":"post_tag","embeddable":true,"href":"https:\/\/dimensionturistica.com\/es\/wp-json\/wp\/v2\/tags?post=310587"}],"curies":[{"name":"wp","href":"https:\/\/api.w.org\/{rel}","templated":true}]}}