{"id":310365,"date":"2022-05-01T16:50:49","date_gmt":"2022-05-01T16:50:49","guid":{"rendered":"https:\/\/dimensionturistica.com\/es\/?p=310365"},"modified":"2022-05-01T16:50:49","modified_gmt":"2022-05-01T16:50:49","slug":"tag-airlines-inicia-operaciones-en-su-ruta-entre-guatemala-y-merida-yucatan","status":"publish","type":"post","link":"https:\/\/dimensionturistica.com\/es\/tag-airlines-inicia-operaciones-en-su-ruta-entre-guatemala-y-merida-yucatan\/","title":{"rendered":"Tag Airlines inicia operaciones en su ruta entre Guatemala y M\u00e9rida, Yucat\u00e1n"},"content":{"rendered":"<p><img decoding=\"async\" class=\"size-medium wp-image-310367 alignleft\" src=\"https:\/\/dimensionturistica.com\/es\/wp-content\/uploads\/2022\/05\/unnamed-3-300x200.jpg\" alt=\"\" width=\"300\" height=\"200\" srcset=\"https:\/\/dimensionturistica.com\/es\/wp-content\/uploads\/2022\/05\/unnamed-3-300x200.jpg 300w, https:\/\/dimensionturistica.com\/es\/wp-content\/uploads\/2022\/05\/unnamed-3-1024x683.jpg 1024w, https:\/\/dimensionturistica.com\/es\/wp-content\/uploads\/2022\/05\/unnamed-3-768x512.jpg 768w, https:\/\/dimensionturistica.com\/es\/wp-content\/uploads\/2022\/05\/unnamed-3-750x500.jpg 750w, https:\/\/dimensionturistica.com\/es\/wp-content\/uploads\/2022\/05\/unnamed-3-1140x760.jpg 1140w, https:\/\/dimensionturistica.com\/es\/wp-content\/uploads\/2022\/05\/unnamed-3.jpg 1368w\" sizes=\"(max-width: 300px) 100vw, 300px\" \/>\u00a0TAG Airlines, la aerol\u00ednea bandera de Guatemala y considerada la aerol\u00ednea del Mundo Maya, inicio operaciones en su nueva ruta a\u00e9rea que conecta a las ciudades de Guatemala y M\u00e9rida, que permitir\u00e1 fortalecer la conectividad a\u00e9rea y promover los viajes y el turismo en la regi\u00f3n del Mundo Maya.<br \/>\nAl recibir el vuelo inaugural en el Aeropuerto Internacional de M\u00e9rida \u201cManuel Crescencio Rej\u00f3n\u201d, el Gobernador Constitucional del Estado de Yucat\u00e1n, Mauricio Vila Dosal, destac\u00f3 que el estado fortalece su conectividad a\u00e9rea y est\u00e1 decidido a dar un gran impulso a los viajes y el turismo.<br \/>\nEl mandatario celebr\u00f3 el inicio de operaciones de TAG Airlines en Yucat\u00e1n e<img decoding=\"async\" class=\"size-medium wp-image-310366 alignright\" src=\"https:\/\/dimensionturistica.com\/es\/wp-content\/uploads\/2022\/05\/unnamed-300x200.jpg\" alt=\"\" width=\"300\" height=\"200\" srcset=\"https:\/\/dimensionturistica.com\/es\/wp-content\/uploads\/2022\/05\/unnamed-300x200.jpg 300w, https:\/\/dimensionturistica.com\/es\/wp-content\/uploads\/2022\/05\/unnamed-1024x683.jpg 1024w, https:\/\/dimensionturistica.com\/es\/wp-content\/uploads\/2022\/05\/unnamed-768x512.jpg 768w, https:\/\/dimensionturistica.com\/es\/wp-content\/uploads\/2022\/05\/unnamed-750x500.jpg 750w, https:\/\/dimensionturistica.com\/es\/wp-content\/uploads\/2022\/05\/unnamed-1140x760.jpg 1140w, https:\/\/dimensionturistica.com\/es\/wp-content\/uploads\/2022\/05\/unnamed.jpg 1368w\" sizes=\"(max-width: 300px) 100vw, 300px\" \/> hizo votos para que sea una relaci\u00f3n duradera en favor del desarrollo.<br \/>\nJulio Gamero, CEO de TAG Airlines, agradeci\u00f3 la confianza de las autoridades de Yucat\u00e1n y se\u00f1al\u00f3 que el trabajo en equipo permitir\u00e1 fortalecer la conectividad a\u00e9rea en el Mundo Maya, el impulso al desarrollo de la industria de la aviaci\u00f3n y el turismo, que son motores importantes para el crecimiento econ\u00f3mico.<br \/>\nSe\u00f1al\u00f3 que TAG se consolida como la aerol\u00ednea del Mundo Maya, y adelant\u00f3 que la empresa continuar\u00e1 la expansi\u00f3n de sus operaciones en el sur-sureste <img decoding=\"async\" class=\"alignnone  wp-image-310368\" src=\"https:\/\/dimensionturistica.com\/es\/wp-content\/uploads\/2022\/05\/unnamed-1-300x55.jpg\" alt=\"\" width=\"573\" height=\"105\" srcset=\"https:\/\/dimensionturistica.com\/es\/wp-content\/uploads\/2022\/05\/unnamed-1-300x55.jpg 300w, https:\/\/dimensionturistica.com\/es\/wp-content\/uploads\/2022\/05\/unnamed-1.jpg 610w\" sizes=\"(max-width: 573px) 100vw, 573px\" \/>de M\u00e9xico, con el firme compromiso de fortalecer la conectividad a\u00e9rea.<br \/>\nPor su parte, Michelle Fridman, secretaria de Fomento Tur\u00edstico de Yucat\u00e1n, asegur\u00f3 que la nueva ruta a\u00e9rea permitir\u00e1 conectar a dos destinos estrat\u00e9gicos del Mundo Maya, como lo son M\u00e9rida y Guatemala, y con ello crece la oferta tur\u00edstica disponible para los viajeros, tanto nacionales como extranjeros.<br \/>\n<img decoding=\"async\" class=\"size-medium wp-image-310369 alignleft\" src=\"https:\/\/dimensionturistica.com\/es\/wp-content\/uploads\/2022\/05\/unnamed-2-300x200.jpg\" alt=\"\" width=\"300\" height=\"200\" srcset=\"https:\/\/dimensionturistica.com\/es\/wp-content\/uploads\/2022\/05\/unnamed-2-300x200.jpg 300w, https:\/\/dimensionturistica.com\/es\/wp-content\/uploads\/2022\/05\/unnamed-2-1024x683.jpg 1024w, https:\/\/dimensionturistica.com\/es\/wp-content\/uploads\/2022\/05\/unnamed-2-768x512.jpg 768w, https:\/\/dimensionturistica.com\/es\/wp-content\/uploads\/2022\/05\/unnamed-2-750x500.jpg 750w, https:\/\/dimensionturistica.com\/es\/wp-content\/uploads\/2022\/05\/unnamed-2-1140x760.jpg 1140w, https:\/\/dimensionturistica.com\/es\/wp-content\/uploads\/2022\/05\/unnamed-2.jpg 1368w\" sizes=\"(max-width: 300px) 100vw, 300px\" \/>Por su parte, Renan Barrera, alcalde de M\u00e9rida, dijo que la conectividad a\u00e9rea con Guatemala ser\u00e1 fundamental para impulsar el crecimiento econ\u00f3mico y el turismo entre los dos destinos.<br \/>\nLa nueva ruta est\u00e1 disponible con cuatro frecuencias semanales y tarifas competitivas:<br \/>\nLa ceremonia de bienvenida cont\u00f3 con la participaci\u00f3n de Marcella Toriello, Presidenta de TAG Airlines; Abel Escartin, jefe de Canciller\u00eda; Anayansy Rodr\u00edguez, Directora del Instituto Guatemalteco de Turismo; y Lynday Hern\u00e1ndez, Directora de Relaciones Internacionales Bilaterales del Ministerio de Relaciones Exteriores.<br \/>\nYucat\u00e1n ofrece a los visitantes grandes atractivos, como la cosmopolita ciudad de M\u00e9rida, la imponente zona arqueol\u00f3gica de Chichen-Itz\u00e1, Puerto Progreso, sus red de cenotes y una gastronom\u00eda \u00fanica considerada patrimonio de la humanidad. En tanto, Guatemala es considerada la puerta de entrada a Centroam\u00e9rica con atractivos como la emblem\u00e1tica ciudad de Antigua, la zona arqueol\u00f3gica de Tikal y el Lago Atitl\u00e1n, entre otros.<br \/>\nLa regi\u00f3n del Mundo Maya se ha convertido en un referente de los viajes y el turismo a nivel global, y TAG Airlines tiene el firme objetivo de continuar el fortalecimiento de la la conectividad en esta regi\u00f3n.<br \/>\nEn 2021 TAG Airlines consolid\u00f3 su presencia internacional al iniciar operaciones en M\u00e9xico, con las rutas Canc\u00fan-Guatemala, Canc\u00fan-Flores y Guatemala-Tapachula, que al momento reportan una ocupaci\u00f3n superior al 90 por ciento.<br \/>\nTAG Airlines es la aerol\u00ednea bandera de Guatemala y desde hace 60 a\u00f1os mantiene un firme compromiso con la conectividad a\u00e9rea y el desarrollo. Actualmente opera 27 vuelos diarios en Guatemala, Honduras, El Salvador, Belice y M\u00e9xico, con una flota de m\u00e1s de 20 aeronaves.<\/p>\n","protected":false},"excerpt":{"rendered":"<p>\u00a0TAG Airlines, la aerol\u00ednea bandera de Guatemala y considerada la aerol\u00ednea del Mundo Maya, inicio operaciones en su nueva ruta a\u00e9rea que conecta a las ciudades de Guatemala y M\u00e9rida, que permitir\u00e1 fortalecer la conectividad a\u00e9rea y promover los viajes y el turismo en la regi\u00f3n del Mundo Maya. Al recibir el vuelo inaugural en [&hellip;]<\/p>\n","protected":false},"author":1,"featured_media":310370,"comment_status":"open","ping_status":"closed","sticky":false,"template":"","format":"standard","meta":{"om_disable_all_campaigns":false,"jnews-multi-image_gallery":[],"jnews_single_post":{"source_name":"","source_url":"","via_name":"","via_url":"","override_template":"0","override":[{"template":"1","single_blog_custom":"","parallax":"1","fullscreen":"1","layout":"right-sidebar","sidebar":"default-sidebar","second_sidebar":"default-sidebar","sticky_sidebar":"1","share_position":"top","share_float_style":"share-monocrhome","show_share_counter":"1","show_view_counter":"1","show_featured":"1","show_post_meta":"1","show_post_author":"1","show_post_author_image":"1","show_post_date":"1","post_date_format":"default","post_date_format_custom":"Y\/m\/d","show_post_category":"1","show_post_reading_time":"0","post_reading_time_wpm":"300","show_zoom_button":"0","zoom_button_out_step":"2","zoom_button_in_step":"3","show_post_tag":"1","show_prev_next_post":"1","show_popup_post":"1","number_popup_post":"1","show_author_box":"0","show_post_related":"0","show_inline_post_related":"0"}],"override_image_size":"0","image_override":[{"single_post_thumbnail_size":"crop-500","single_post_gallery_size":"crop-500"}],"trending_post":"0","trending_post_position":"meta","trending_post_label":"Trending","sponsored_post":"0","sponsored_post_label":"Sponsored by","sponsored_post_name":"","sponsored_post_url":"","sponsored_post_logo_enable":"0","sponsored_post_logo":"","sponsored_post_desc":"","disable_ad":"0"},"jnews_primary_category":{"id":""},"jnews_social_meta":{"fb_title":"","fb_description":"","fb_image":"","twitter_title":"","twitter_description":"","twitter_image":""},"footnotes":""},"categories":[39],"tags":[],"class_list":["post-310365","post","type-post","status-publish","format-standard","has-post-thumbnail","hentry","category-viajes"],"_links":{"self":[{"href":"https:\/\/dimensionturistica.com\/es\/wp-json\/wp\/v2\/posts\/310365","targetHints":{"allow":["GET"]}}],"collection":[{"href":"https:\/\/dimensionturistica.com\/es\/wp-json\/wp\/v2\/posts"}],"about":[{"href":"https:\/\/dimensionturistica.com\/es\/wp-json\/wp\/v2\/types\/post"}],"author":[{"embeddable":true,"href":"https:\/\/dimensionturistica.com\/es\/wp-json\/wp\/v2\/users\/1"}],"replies":[{"embeddable":true,"href":"https:\/\/dimensionturistica.com\/es\/wp-json\/wp\/v2\/comments?post=310365"}],"version-history":[{"count":0,"href":"https:\/\/dimensionturistica.com\/es\/wp-json\/wp\/v2\/posts\/310365\/revisions"}],"wp:featuredmedia":[{"embeddable":true,"href":"https:\/\/dimensionturistica.com\/es\/wp-json\/wp\/v2\/media\/310370"}],"wp:attachment":[{"href":"https:\/\/dimensionturistica.com\/es\/wp-json\/wp\/v2\/media?parent=310365"}],"wp:term":[{"taxonomy":"category","embeddable":true,"href":"https:\/\/dimensionturistica.com\/es\/wp-json\/wp\/v2\/categories?post=310365"},{"taxonomy":"post_tag","embeddable":true,"href":"https:\/\/dimensionturistica.com\/es\/wp-json\/wp\/v2\/tags?post=310365"}],"curies":[{"name":"wp","href":"https:\/\/api.w.org\/{rel}","templated":true}]}}