{"id":310330,"date":"2022-05-01T15:03:38","date_gmt":"2022-05-01T15:03:38","guid":{"rendered":"https:\/\/dimensionturistica.com\/es\/?p=310330"},"modified":"2022-05-01T15:03:38","modified_gmt":"2022-05-01T15:03:38","slug":"durante-la-ceremonia-inaugural-de-nuestra-semana-de-la-innovacion-2022-llevamos-a-cabo-la-primera-entrega-de-los-reconocimientos-a-la-trayectoria-medico-cientifica","status":"publish","type":"post","link":"https:\/\/dimensionturistica.com\/es\/durante-la-ceremonia-inaugural-de-nuestra-semana-de-la-innovacion-2022-llevamos-a-cabo-la-primera-entrega-de-los-reconocimientos-a-la-trayectoria-medico-cientifica\/","title":{"rendered":"Durante la ceremonia inaugural de nuestra Semana de la Innovaci\u00f3n 2022 llevamos a cabo la primera entrega de los Reconocimientos a la trayectoria m\u00e9dico \u2013 cient\u00edfica."},"content":{"rendered":"<p>Crist\u00f3bal Thompson y Rodrigo Ruiz, Director Ejecutivo y Presidente de la AMIIF, entregaron este reconocimiento a:<br \/>\nDra. Mar\u00eda Elena Medina-Mora Icaza<br \/>\nDr. David Kershenobich Stalnikowitz<br \/>\nDr. Antonio Fraga Mouret<br \/>\nDr. Manuel H. Ruiz de Ch\u00e1vez<br \/>\nCada uno de estos profesionales de la salud fue reconocido con un grabado del artista oaxaque\u00f1o<img decoding=\"async\" class=\"size-medium wp-image-310332 alignright\" src=\"https:\/\/dimensionturistica.com\/es\/wp-content\/uploads\/2022\/05\/unnamed-5-300x169.png\" alt=\"\" width=\"300\" height=\"169\" srcset=\"https:\/\/dimensionturistica.com\/es\/wp-content\/uploads\/2022\/05\/unnamed-5-300x169.png 300w, https:\/\/dimensionturistica.com\/es\/wp-content\/uploads\/2022\/05\/unnamed-5.png 640w\" sizes=\"(max-width: 300px) 100vw, 300px\" \/> Sergio Hern\u00e1ndez, en el que plasma su versi\u00f3n pict\u00f3rica del Popol Vuh, libro sagrado con el que los mayas trataron de explicarse el mundo.<\/p>\n<p>\u00bfPor qu\u00e9 elegimos esta obra? Porque est\u00e1 inspirada en el Popol Vuh y la constante necesidad que, como humanidad, tenemos de explicarnos lo que nos rodea. Ese mismo impulso, esa misma llama, es lo que ha llevado a la ciencia y la medicina a explorar m\u00e1s all\u00e1 de sus l\u00edmites. En honor a ese esp\u00edritu, reconocimos a cuatro notables m\u00e9dicos que han buscado explicarse, a trav\u00e9s de la ciencia y la medicina, las razones de los padecimientos que nos aquejan y han tomado como misi\u00f3n la b\u00fasqueda permanente por encontrar respuestas y soluciones que mejoren la salud de las personas.<br \/>\nCinco prioridades para reducir las brechas de investigaci\u00f3n sobre c\u00e1ncer<br \/>\nPara 2030, aproximadamente las tres cuartas partes de todas las muertes por c\u00e1ncer ocurrir\u00e1n en pa\u00edses de ingresos medianos y bajos (LMIC, por sus siglas en ingl\u00e9s), y 1 de cada 8 personas experimentar\u00e1 un diagn\u00f3stico de c\u00e1ncer en su vida. En los pr\u00f3ximos cincuenta a\u00f1os la carga mundial del c\u00e1ncer vendr\u00e1 de estos pa\u00edses.<br \/>\nConstruir una respuesta efectiva frente a esta enfermedad requiere de aumentar la investigaci\u00f3n<img decoding=\"async\" class=\"size-medium wp-image-310334 alignleft\" src=\"https:\/\/dimensionturistica.com\/es\/wp-content\/uploads\/2022\/05\/unnamed-4-300x225.png\" alt=\"\" width=\"300\" height=\"225\" srcset=\"https:\/\/dimensionturistica.com\/es\/wp-content\/uploads\/2022\/05\/unnamed-4-300x225.png 300w, https:\/\/dimensionturistica.com\/es\/wp-content\/uploads\/2022\/05\/unnamed-4.png 640w\" sizes=\"(max-width: 300px) 100vw, 300px\" \/> sobre el c\u00e1ncer, a fin de contar con informaci\u00f3n relevante sobre los problemas m\u00e1s apremiantes a nivel regional. En este art\u00edculo publicado en Nature se identifican cinco prioridades para atender durante la pr\u00f3xima d\u00e9cada:<br \/>\nReducir la carga de los pacientes con enfermedad en estadio avanzado. Esto incluye la promoci\u00f3n de la salud, la prevenci\u00f3n primaria y la detecci\u00f3n temprana.<br \/>\nMejorar el acceso, la asequibilidad y los resultados del tratamiento. Se propone atender las barreras geogr\u00e1ficas, financieras, socioculturales, de recursos humanos y de los sistemas de salud para acceder a la atenci\u00f3n del c\u00e1ncer. A su vez, ampliar los ensayos cl\u00ednicos en los pa\u00edses LMIC centrados en las prioridades locales.<br \/>\nAtenci\u00f3n basada en valores y econom\u00eda de la salud. Los resultados de salud deben medirse frente al costo de brindar atenci\u00f3n al paciente, el sistema y la sociedad.<br \/>\nInvestigaci\u00f3n sobre la calidad de la atenci\u00f3n y su mejora. Este rubro contempla la evaluaci\u00f3n de la calidad de la atenci\u00f3n y un programa de s\u00f3lido de mejora para reducir el retraso en los<img decoding=\"async\" class=\"size-medium wp-image-310337 alignright\" src=\"https:\/\/dimensionturistica.com\/es\/wp-content\/uploads\/2022\/05\/unnamed-2-300x179.png\" alt=\"\" width=\"300\" height=\"179\" srcset=\"https:\/\/dimensionturistica.com\/es\/wp-content\/uploads\/2022\/05\/unnamed-2-300x179.png 300w, https:\/\/dimensionturistica.com\/es\/wp-content\/uploads\/2022\/05\/unnamed-2-1024x610.png 1024w, https:\/\/dimensionturistica.com\/es\/wp-content\/uploads\/2022\/05\/unnamed-2-768x457.png 768w, https:\/\/dimensionturistica.com\/es\/wp-content\/uploads\/2022\/05\/unnamed-2-750x447.png 750w, https:\/\/dimensionturistica.com\/es\/wp-content\/uploads\/2022\/05\/unnamed-2-1140x679.png 1140w, https:\/\/dimensionturistica.com\/es\/wp-content\/uploads\/2022\/05\/unnamed-2.png 1444w\" sizes=\"(max-width: 300px) 100vw, 300px\" \/> diagn\u00f3sticos y los tiempos de espera para el tratamiento, entre otras cosas.<br \/>\nAprovechar la tecnolog\u00eda para mejorar el control del c\u00e1ncer. Echar mano de herramientas como la biolog\u00eda molecular, la secuenciaci\u00f3n de \u00faltima generaci\u00f3n o la medicina de precisi\u00f3n, que sean aplicables a los pacientes y que se validen en situaciones de la vida real.<br \/>\n<img decoding=\"async\" class=\"size-medium wp-image-310338 alignleft\" src=\"https:\/\/dimensionturistica.com\/es\/wp-content\/uploads\/2022\/05\/unnamed-1-300x161.png\" alt=\"\" width=\"300\" height=\"161\" srcset=\"https:\/\/dimensionturistica.com\/es\/wp-content\/uploads\/2022\/05\/unnamed-1-300x161.png 300w, https:\/\/dimensionturistica.com\/es\/wp-content\/uploads\/2022\/05\/unnamed-1-1024x551.png 1024w, https:\/\/dimensionturistica.com\/es\/wp-content\/uploads\/2022\/05\/unnamed-1-768x413.png 768w, https:\/\/dimensionturistica.com\/es\/wp-content\/uploads\/2022\/05\/unnamed-1-750x404.png 750w, https:\/\/dimensionturistica.com\/es\/wp-content\/uploads\/2022\/05\/unnamed-1-1140x614.png 1140w, https:\/\/dimensionturistica.com\/es\/wp-content\/uploads\/2022\/05\/unnamed-1.png 1386w\" sizes=\"(max-width: 300px) 100vw, 300px\" \/>Fortalecer las capacidades de investigaci\u00f3n requiere de una estrecha colaboraci\u00f3n entre gobiernos, formuladores de pol\u00edticas, financiadores, sector privado, investigadores y pacientes.<br \/>\nSi bien muchos pa\u00edses ya atienden algunos aspectos como la reducci\u00f3n de factores de riesgo modificables (alcohol, tabaco o la obesidad), tambi\u00e9n se debe prestar atenci\u00f3n a la generaci\u00f3n de evidencia espec\u00edfica por pa\u00eds y a la generaci\u00f3n de datos y registros para guiar la prevenci\u00f3n, la detecci\u00f3n temprana, el acceso a tratamientos, la supervivencia y los cuidados paliativos, con calidad y oportunidad.<br \/>\nExiste el riesgo de nuevos brotes de sarampi\u00f3n en el mundo. En la vacunaci\u00f3n est\u00e1 la soluci\u00f3n<br \/>\nLa Organizaci\u00f3n Mundial de la Salud registra m\u00e1s de 17 mil casos nuevos de sarampi\u00f3n a nivel mundial, entre enero y febrero de 2022, lo que prende las alarmas sobre la propagaci\u00f3n de esta enfermedad que es prevenible por vacunaci\u00f3n.<img decoding=\"async\" class=\"size-medium wp-image-310331 alignright\" src=\"https:\/\/dimensionturistica.com\/es\/wp-content\/uploads\/2022\/05\/unnamed-300x142.png\" alt=\"\" width=\"300\" height=\"142\" srcset=\"https:\/\/dimensionturistica.com\/es\/wp-content\/uploads\/2022\/05\/unnamed-300x142.png 300w, https:\/\/dimensionturistica.com\/es\/wp-content\/uploads\/2022\/05\/unnamed.png 339w\" sizes=\"(max-width: 300px) 100vw, 300px\" \/><br \/>\nMuchos pa\u00edses siguen experimentando interrupciones en los servicios de salud relacionadas con la pandemia, as\u00ed como retrasos en las campa\u00f1as de inmunizaci\u00f3n de rutina, lo que deja a muchas ni\u00f1as y ni\u00f1os sin protecci\u00f3n contra esta y otras enfermedades. Tan solo en 2020 se calculaba que al menos a 23 millones de ni\u00f1os no se les hab\u00edan aplicado las vacunas b\u00e1sicas contra difteria, t\u00e9tanos y tos ferina. Esta cifra es la m\u00e1s alta desde 2009 y 3,7 millones m\u00e1s que en 2019.<br \/>\nPara abril de 2022, la OMS reporta que las campa\u00f1as de vacunaci\u00f3n en 43 pa\u00edses que estaban programadas desde el comienzo de la pandemia a\u00fan est\u00e1n pospuestas, lo que afecta a 203 millones de personas, en su mayor\u00eda ni\u00f1os. De esas campa\u00f1as, 19 son contra sarampi\u00f3n, dejando a 73 millones de ni\u00f1os en riesgo de enfermar por falta de vacunaci\u00f3n.<br \/>\nAnte este escenario, junto con la UNICEF, la OMS lanza un llamado a los pa\u00edses para: restaurar los \u00a0<img decoding=\"async\" class=\"wp-image-310340 alignleft\" src=\"https:\/\/dimensionturistica.com\/es\/wp-content\/uploads\/2022\/05\/UNICEF-300x72.jpg\" alt=\"\" width=\"371\" height=\"89\" srcset=\"https:\/\/dimensionturistica.com\/es\/wp-content\/uploads\/2022\/05\/UNICEF-300x72.jpg 300w, https:\/\/dimensionturistica.com\/es\/wp-content\/uploads\/2022\/05\/UNICEF.jpg 474w\" sizes=\"(max-width: 371px) 100vw, 371px\" \/>servicios de salud y las campa\u00f1as de vacunaci\u00f3n; ayudar a los trabajadores de la salud y l\u00edderes comunitarios para explicar la importancia de las vacunas a la poblaci\u00f3n; implementar planes para prevenir y responder a brotes de enfermedades prevenibles por vacunaci\u00f3n.<br \/>\nReci\u00e9n conmemoramos la Semana Mundial de la Inmunizaci\u00f3n y la Semana de Vacunaci\u00f3n en las Am\u00e9ricas, y no hay mejor momento que este para recordar el valor de las vacunas, que no se mide solo por la dosis administradas sino por las vidas salvadas, por las personas que no experimentaron nunca una enfermedad y por todas aquellas madres y padres que vieron a sus hijos crecer saludables.<br \/>\nEn los \u00faltimos a\u00f1os y en medio de la pandemia por covid-19, el valor de las vacunas se mide por los millones de muertes evitadas y por la oportunidad de recuperar un poco de aquello que tanto perdimos.<br \/>\n\u00a1Gracias por habernos acompa\u00f1ado a la Semana de la innovaci\u00f3n!<img decoding=\"async\" class=\" wp-image-310341 alignright\" src=\"https:\/\/dimensionturistica.com\/es\/wp-content\/uploads\/2022\/05\/covid-19.jpg\" alt=\"\" width=\"317\" height=\"178\" \/><br \/>\nA lo largo de tres intensos d\u00edas hemos hablado de algunos de los temas m\u00e1s apremiantes para la salud. Hablamos de enfermedades no transmisibles y g\u00e9nero, esto debido a la poca atenci\u00f3n que han experimentado las mujeres que padecen estas enfermedades que, junto con las lesiones por violencia, representan las principales causas de morbi-mortalidad en casi todos los pa\u00edses, incluido M\u00e9xico.<br \/>\nEs por ello que desde AMIIF estamos auspiciando un proyecto de colaboraci\u00f3n entre el Instituto George de Salud Global y el Instituto Nacional de Salud P\u00fablica de M\u00e9xico para explora los impactos econ\u00f3micos y de salud de las enfermedades no transmisibles (ENT) en las mujeres mexicanas.<br \/>\nEsto se suma a ya a una larga tradici\u00f3n de AMIIF de generar evidencia y datos, y acercar las mejores pr\u00e1cticas internacionales que permitan mejorar la salud de las personas y fortalecer el sistema de salud mexicano.<br \/>\nPor otro lado, asociaciones hermanas de Latinoam\u00e9rica nos han hablado sobre mejores pr\u00e1cticas para agilizar la investigaci\u00f3n cl\u00ednica en sus pa\u00edses y as\u00ed liberar el potencial de la innovaci\u00f3n y agilizar el acceso a la misma para los pacientes. Por ejemplo: En Argentina por una disposici\u00f3n de parte de la autoridad regulatoria para la utilizaci\u00f3n de plataformas permiti\u00f3 incrementar en tan solo cinco a\u00f1os, en 79% el n\u00famero de protocolos aprobados.<br \/>\nM\u00e9xico, lo hemos dicho, tiene un potencial enorme para ser un hub de investigaci\u00f3n cl\u00ednica en la regi\u00f3n de Latinoam\u00e9rica pero necesitamos un entendimiento com\u00fan sobre esta oportunidad. Sobre eso trabajamos todos los d\u00edas desde AMIIF.<br \/>\nTambi\u00e9n hemos tocado la importancia de la polinizaci\u00f3n cruzada en innovaci\u00f3n y su poder <img decoding=\"async\" class=\" wp-image-310342 alignleft\" src=\"https:\/\/dimensionturistica.com\/es\/wp-content\/uploads\/2022\/05\/OMS-300x151.jpg\" alt=\"\" width=\"381\" height=\"192\" srcset=\"https:\/\/dimensionturistica.com\/es\/wp-content\/uploads\/2022\/05\/OMS-300x151.jpg 300w, https:\/\/dimensionturistica.com\/es\/wp-content\/uploads\/2022\/05\/OMS.jpg 344w\" sizes=\"(max-width: 381px) 100vw, 381px\" \/>transformador el panorama de las tecnolog\u00edas en salud.<br \/>\nY hemos puesto sobre la mesa la urgente necesidad de apoyar el impulso innovador de las nuevas generaciones. Pues es su hambre de un futuro mejor lo que impulsa el cambio. No es casualidad que este a\u00f1o el D\u00eda Mundial de la Propiedad Intelectual -que por una alegre coincidencia se celebr\u00f3 el mismo d\u00eda que inauguramos la Semana de la innovaci\u00f3n, el 26 de abril- haya estado dedicado a la innovaci\u00f3n y la creatividad impulsadas por los j\u00f3venes.<br \/>\nDespu\u00e9s de covid 19 nada ser\u00e1 igual. Nada debe volver a ser igual. Como sector hemos aprendido el poder de las alianzas y hemos constatado una vez m\u00e1s que el futuro de la atenci\u00f3n m\u00e9dica radica en trabajar de la mano con la tecnolog\u00eda.<br \/>\nEsperamos que hayan encontrado interesante estas conversaciones y que a lo largo del a\u00f1o sigan acompa\u00f1\u00e1ndonos para co-crear las soluciones en salud que M\u00e9xico necesita para el bienestar de su poblaci\u00f3n.<\/p>\n","protected":false},"excerpt":{"rendered":"<p>Crist\u00f3bal Thompson y Rodrigo Ruiz, Director Ejecutivo y Presidente de la AMIIF, entregaron este reconocimiento a: Dra. Mar\u00eda Elena Medina-Mora Icaza Dr. David Kershenobich Stalnikowitz Dr. Antonio Fraga Mouret Dr. Manuel H. Ruiz de Ch\u00e1vez Cada uno de estos profesionales de la salud fue reconocido con un grabado del artista oaxaque\u00f1o Sergio Hern\u00e1ndez, en el [&hellip;]<\/p>\n","protected":false},"author":1,"featured_media":310339,"comment_status":"open","ping_status":"closed","sticky":false,"template":"","format":"standard","meta":{"om_disable_all_campaigns":false,"jnews-multi-image_gallery":[],"jnews_single_post":{"source_name":"","source_url":"","via_name":"","via_url":"","override_template":"0","override":[{"template":"1","single_blog_custom":"","parallax":"1","fullscreen":"1","layout":"right-sidebar","sidebar":"default-sidebar","second_sidebar":"default-sidebar","sticky_sidebar":"1","share_position":"top","share_float_style":"share-monocrhome","show_share_counter":"1","show_view_counter":"1","show_featured":"1","show_post_meta":"1","show_post_author":"1","show_post_author_image":"1","show_post_date":"1","post_date_format":"default","post_date_format_custom":"Y\/m\/d","show_post_category":"1","show_post_reading_time":"0","post_reading_time_wpm":"300","show_zoom_button":"0","zoom_button_out_step":"2","zoom_button_in_step":"3","show_post_tag":"1","show_prev_next_post":"1","show_popup_post":"1","number_popup_post":"1","show_author_box":"0","show_post_related":"0","show_inline_post_related":"0"}],"override_image_size":"0","image_override":[{"single_post_thumbnail_size":"crop-500","single_post_gallery_size":"crop-500"}],"trending_post":"0","trending_post_position":"meta","trending_post_label":"Trending","sponsored_post":"0","sponsored_post_label":"Sponsored by","sponsored_post_name":"","sponsored_post_url":"","sponsored_post_logo_enable":"0","sponsored_post_logo":"","sponsored_post_desc":"","disable_ad":"0"},"jnews_primary_category":{"id":""},"jnews_social_meta":{"fb_title":"","fb_description":"","fb_image":"","twitter_title":"","twitter_description":"","twitter_image":""},"footnotes":""},"categories":[40],"tags":[],"class_list":["post-310330","post","type-post","status-publish","format-standard","has-post-thumbnail","hentry","category-industria"],"_links":{"self":[{"href":"https:\/\/dimensionturistica.com\/es\/wp-json\/wp\/v2\/posts\/310330","targetHints":{"allow":["GET"]}}],"collection":[{"href":"https:\/\/dimensionturistica.com\/es\/wp-json\/wp\/v2\/posts"}],"about":[{"href":"https:\/\/dimensionturistica.com\/es\/wp-json\/wp\/v2\/types\/post"}],"author":[{"embeddable":true,"href":"https:\/\/dimensionturistica.com\/es\/wp-json\/wp\/v2\/users\/1"}],"replies":[{"embeddable":true,"href":"https:\/\/dimensionturistica.com\/es\/wp-json\/wp\/v2\/comments?post=310330"}],"version-history":[{"count":0,"href":"https:\/\/dimensionturistica.com\/es\/wp-json\/wp\/v2\/posts\/310330\/revisions"}],"wp:featuredmedia":[{"embeddable":true,"href":"https:\/\/dimensionturistica.com\/es\/wp-json\/wp\/v2\/media\/310339"}],"wp:attachment":[{"href":"https:\/\/dimensionturistica.com\/es\/wp-json\/wp\/v2\/media?parent=310330"}],"wp:term":[{"taxonomy":"category","embeddable":true,"href":"https:\/\/dimensionturistica.com\/es\/wp-json\/wp\/v2\/categories?post=310330"},{"taxonomy":"post_tag","embeddable":true,"href":"https:\/\/dimensionturistica.com\/es\/wp-json\/wp\/v2\/tags?post=310330"}],"curies":[{"name":"wp","href":"https:\/\/api.w.org\/{rel}","templated":true}]}}