{"id":310292,"date":"2022-05-01T13:10:10","date_gmt":"2022-05-01T13:10:10","guid":{"rendered":"https:\/\/dimensionturistica.com\/es\/?p=310292"},"modified":"2022-05-01T13:10:11","modified_gmt":"2022-05-01T13:10:11","slug":"tacna-capacitan-a-transportistas-y-taxistas-por-reapertura-de-frontera-con-chile-noticias","status":"publish","type":"post","link":"https:\/\/dimensionturistica.com\/es\/tacna-capacitan-a-transportistas-y-taxistas-por-reapertura-de-frontera-con-chile-noticias\/","title":{"rendered":"Tacna: capacitan a transportistas y taxistas por reapertura de frontera con Chile | Noticias"},"content":{"rendered":"<p> <br \/>\n<\/p>\n<div>\n<p>                        <!-- \/\/\/\/\/\/\/\/\/\/\/\/\/\/\/\/\/\/\/\/\/\/\/\/\/\/\/\/\/\/  DESCRIPCION  \/\/\/\/\/\/\/\/\/\/\/\/\/\/\/\/\/\/\/\/\/\/\/\/\/\/\/ --><br \/>\n                        La Municipalidad Provincial de Tacna capacit\u00f3 en los ambientes del Terminal Terrestre Internacional, a m\u00e1s de 200 conductores y propietarios de colectivos y buses que operan en la ruta Tacna &#8211; Arica, ante la reapertura de la frontera terrestre con Chile este domingo 1 de mayo.<\/p>\n<p>                        <!-- \/\/\/\/\/\/\/\/\/\/\/\/\/\/\/\/\/\/\/\/\/\/\/\/\/\/\/\/\/\/  CONTENIDO DE LA NOTICIA \/\/\/\/\/\/\/\/\/\/\/\/\/\/\/\/\/\/\/\/\/\/\/\/\/\/\/\/ --><\/p>\n<p>Los hombres del volante y empresarios acudieron el \u00faltimo viernes a la convocatoria de la <strong>Gerencia de Terminales Terrestres<\/strong> y de la <strong>Subgerencia de Desarrollo Econ\u00f3mico y Tur\u00edstico.<\/strong><\/p>\n<div>\n<p>\u00a0<\/p>\n<p>La comuna convoc\u00f3 tambi\u00e9n a la <strong>Jefatura Zonal de Migraciones Tacna,<\/strong> la <strong>Direcci\u00f3n Regional de Salud<\/strong> y la <strong>Polic\u00eda de Turismo<\/strong>, para que expongan ante los conductores, cu\u00e1l ser\u00e1 el procedimiento que se seguir\u00e1 para el paso por el <strong>Complejo Fronterizo de Santa Rosa.\u00a0<\/strong><\/p>\n<p><img decoding=\"async\" alt=\"\" src=\"https:\/\/portal.andina.pe\/EDPFotografia3\/thumbnail\/2022\/05\/01\/000864844M.jpg\" width=\"580px\"\/><\/p>\n<p><strong>Recepci\u00f3n para turistas chilenos\u00a0<\/strong><\/p>\n<p><strong>\u00a0\u00a0<\/strong><\/p>\n<p>Se inform\u00f3 que la comuna tacne\u00f1a prepara una recepci\u00f3n para los turistas el 1 de mayo. Empresas dedicadas a diferentes actividades del rubro tur\u00edstico ofrecer\u00e1n <strong>pisco bitter<\/strong>, c<strong>omida t\u00edpica y souvenirs<\/strong> a los <strong>visitantes chilenos,<\/strong> quienes arribar\u00e1n al terminal terrestre despu\u00e9s de 2 a\u00f1os de cierre de fronteras por la pandemia del <strong>covid-19.<\/strong><\/p>\n<p>Del mismo modo, el proyecto que mejora y ampl\u00eda los servicios del <strong>corredor tur\u00edstico Valle Viejo, Miculla,<\/strong> a trav\u00e9s de la Subgerencia de Inversi\u00f3n Privada, igualmente capacit\u00f3 a los transportistas y asociaciones de taxistas del terminal terrestre nacional e internacional, congregando a cerca de 100 personas en whole.<\/p>\n<\/div>\n<p><img decoding=\"async\" alt=\"\" src=\"https:\/\/portal.andina.pe\/EDPFotografia3\/thumbnail\/2022\/05\/01\/000864835M.jpg\" width=\"580px\"\/><\/p>\n<p>El especialista de turismo del proyecto Valle Viejo, Yein Chura Arias, manifest\u00f3 que estas jornadas de capacitaci\u00f3n, que se desarrollaron el martes y mi\u00e9rcoles \u00faltimo, estuvieron enfocadas a toda la informaci\u00f3n referida al<strong> corredor tur\u00edstico <\/strong>y a los recientes hallazgos de las investigaciones que se realizaron a trav\u00e9s del componente 2 del proyecto, as\u00ed como a primeros auxilios, \u00e9tica profesional y <strong>protecci\u00f3n al turista.\u00a0<\/strong><\/p>\n<p><img decoding=\"async\" alt=\"\" src=\"https:\/\/portal.andina.pe\/EDPFotografia3\/thumbnail\/2022\/05\/01\/000864838M.jpg\" width=\"580px\"\/><\/p>\n<p><strong>Lea tambi\u00e9n:\u00a0<\/strong><\/p>\n<p>Tambi\u00e9n se brind\u00f3 una capacitaci\u00f3n a los prestadores de servicios tur\u00edsticos: artesanos, hospedajes, agencias de viaje, comerciantes y toda la cadena tur\u00edstica, en el auditorio de Pocollay,\u00a0 sobre buenas pr\u00e1cticas y destrezas.\u00a0\u00a0<\/p>\n<h3><strong>M\u00e1s en Andina:<\/strong><\/h3>\n<blockquote class=\"twitter-tweet\">\n<p lang=\"es\" dir=\"ltr\">El Ministerio de Cultura (<a rel=\"nofollow noopener\" target=\"_blank\" href=\"https:\/\/twitter.com\/MinCulturaPe?ref_src=twsrc%5Etfw\">@MinCulturaPe<\/a>) incorpora a comunidad de Aquia a Base de Datos de Pueblos Ind\u00edgenas <a rel=\"nofollow noopener\" target=\"_blank\" href=\"https:\/\/t.co\/pTHXpk8nCW\">https:\/\/t.co\/pTHXpk8nCW<\/a> <a rel=\"nofollow noopener\" target=\"_blank\" href=\"https:\/\/t.co\/4jiOS0lT9n\">pic.twitter.com\/4jiOS0lT9n<\/a><\/p>\n<p>\u2014 Agencia Andina (@Agencia_Andina) <a rel=\"nofollow noopener\" target=\"_blank\" href=\"https:\/\/twitter.com\/Agencia_Andina\/status\/1520570699257057280?ref_src=twsrc%5Etfw\">May 1, 2022<\/a><\/p><\/blockquote>\n<p>(FIN) NDP\/TMC<\/p>\n<p>\nPublicado: 30\/4\/2022<\/p>\n<p>                        <!-- PUBLICIDAD MGID --><br \/>\n                      <!-- Composite Start --><\/p>\n<p>                      <!-- Composite End --><\/p><\/div>\n<p><script async src=\"\/\/platform.twitter.com\/widgets.js\" charset=\"utf-8\"><\/script><br \/>\n<br \/><\/p>\n<p><em> &#8221; Fuentes andina.pe &#8221; <\/em><\/p>\n","protected":false},"excerpt":{"rendered":"<p>La Municipalidad Provincial de Tacna capacit\u00f3 en los ambientes del Terminal Terrestre Internacional, a m\u00e1s de 200 conductores y propietarios de colectivos y buses que operan en la ruta Tacna &#8211; Arica, ante la reapertura de la frontera terrestre con Chile este domingo 1 de mayo. Los hombres del volante y empresarios acudieron el \u00faltimo [&hellip;]<\/p>\n","protected":false},"author":4,"featured_media":310293,"comment_status":"open","ping_status":"closed","sticky":false,"template":"","format":"standard","meta":{"om_disable_all_campaigns":false,"jnews-multi-image_gallery":[],"jnews_single_post":[],"jnews_primary_category":[],"jnews_social_meta":[],"footnotes":""},"categories":[40],"tags":[44965,44963,44964,44961,44962,44966,11986],"class_list":["post-310292","post","type-post","status-publish","format-standard","has-post-thumbnail","hentry","category-industria","tag-asociaciones-de-taxistas","tag-corredor-turistico-valle-viejo","tag-miculla","tag-reactivacion-economica-de-la-region","tag-reapertura-frontera-con-chile","tag-terminal-terrestre-nacional-e-internacional","tag-transportistas"],"_links":{"self":[{"href":"https:\/\/dimensionturistica.com\/es\/wp-json\/wp\/v2\/posts\/310292","targetHints":{"allow":["GET"]}}],"collection":[{"href":"https:\/\/dimensionturistica.com\/es\/wp-json\/wp\/v2\/posts"}],"about":[{"href":"https:\/\/dimensionturistica.com\/es\/wp-json\/wp\/v2\/types\/post"}],"author":[{"embeddable":true,"href":"https:\/\/dimensionturistica.com\/es\/wp-json\/wp\/v2\/users\/4"}],"replies":[{"embeddable":true,"href":"https:\/\/dimensionturistica.com\/es\/wp-json\/wp\/v2\/comments?post=310292"}],"version-history":[{"count":0,"href":"https:\/\/dimensionturistica.com\/es\/wp-json\/wp\/v2\/posts\/310292\/revisions"}],"wp:featuredmedia":[{"embeddable":true,"href":"https:\/\/dimensionturistica.com\/es\/wp-json\/wp\/v2\/media\/310293"}],"wp:attachment":[{"href":"https:\/\/dimensionturistica.com\/es\/wp-json\/wp\/v2\/media?parent=310292"}],"wp:term":[{"taxonomy":"category","embeddable":true,"href":"https:\/\/dimensionturistica.com\/es\/wp-json\/wp\/v2\/categories?post=310292"},{"taxonomy":"post_tag","embeddable":true,"href":"https:\/\/dimensionturistica.com\/es\/wp-json\/wp\/v2\/tags?post=310292"}],"curies":[{"name":"wp","href":"https:\/\/api.w.org\/{rel}","templated":true}]}}