{"id":310024,"date":"2022-04-30T13:30:37","date_gmt":"2022-04-30T13:30:37","guid":{"rendered":"https:\/\/dimensionturistica.com\/es\/?p=310024"},"modified":"2022-04-30T13:30:37","modified_gmt":"2022-04-30T13:30:37","slug":"atendio-el-modulo-turistico-a-mas-de-29-mil-visitantes-en-semana-santa","status":"publish","type":"post","link":"https:\/\/dimensionturistica.com\/es\/atendio-el-modulo-turistico-a-mas-de-29-mil-visitantes-en-semana-santa\/","title":{"rendered":"Atendi\u00f3 el M\u00f3dulo Tur\u00edstico a mas de 29 mil visitantes en Semana Santa"},"content":{"rendered":"<p><img decoding=\"async\" class=\"size-medium wp-image-310027 alignright\" src=\"https:\/\/dimensionturistica.com\/es\/wp-content\/uploads\/2022\/04\/unnamed-2-16-300x200.jpg\" alt=\"\" width=\"300\" height=\"200\" srcset=\"https:\/\/dimensionturistica.com\/es\/wp-content\/uploads\/2022\/04\/unnamed-2-16-300x200.jpg 300w, https:\/\/dimensionturistica.com\/es\/wp-content\/uploads\/2022\/04\/unnamed-2-16-1024x683.jpg 1024w, https:\/\/dimensionturistica.com\/es\/wp-content\/uploads\/2022\/04\/unnamed-2-16-768x512.jpg 768w, https:\/\/dimensionturistica.com\/es\/wp-content\/uploads\/2022\/04\/unnamed-2-16-1536x1024.jpg 1536w, https:\/\/dimensionturistica.com\/es\/wp-content\/uploads\/2022\/04\/unnamed-2-16-2048x1365.jpg 2048w, https:\/\/dimensionturistica.com\/es\/wp-content\/uploads\/2022\/04\/unnamed-2-16-750x500.jpg 750w, https:\/\/dimensionturistica.com\/es\/wp-content\/uploads\/2022\/04\/unnamed-2-16-1140x760.jpg 1140w\" sizes=\"(max-width: 300px) 100vw, 300px\" \/>En el periodo vacacional de Semana Santa, comprendido entre el 8 y 24 de abril del 2022, el M\u00f3dulo de Informaci\u00f3n Tur\u00edstica de la Secretar\u00eda de Turismo, ubicado en el Centro Hist\u00f3rico de la capital, atendi\u00f3 a 29 mil personas, entre visitantes y turistas que escogieron como destino a Puebla.<br \/>\nEn el m\u00f3dulo del Aeropuerto Hermanos Serd\u00e1n, ubicado en Huejotzingo, 849 personas de vuelos originarios de Houston, Tijuana, Monterrey, Guadalajara y Canc\u00fan tambi\u00e9n fueron atendidas.<br \/>\nDe acuerdo con la informaci\u00f3n recabada en el perfil del visitante, los extranjeros que llegaron a Puebla provienen, principalmente, de Estados Unidos, Colombia, Francia y Guatemala, mientras que el turismo nacional tiene como residencia Chiapas, Ciudad de M\u00e9xico, Baja California, Veracruz y Tlaxcala.<br \/>\n<img decoding=\"async\" class=\"size-medium wp-image-310028 alignleft\" src=\"https:\/\/dimensionturistica.com\/es\/wp-content\/uploads\/2022\/04\/unnamed-1-20-300x200.jpg\" alt=\"\" width=\"300\" height=\"200\" srcset=\"https:\/\/dimensionturistica.com\/es\/wp-content\/uploads\/2022\/04\/unnamed-1-20-300x200.jpg 300w, https:\/\/dimensionturistica.com\/es\/wp-content\/uploads\/2022\/04\/unnamed-1-20-1024x683.jpg 1024w, https:\/\/dimensionturistica.com\/es\/wp-content\/uploads\/2022\/04\/unnamed-1-20-768x512.jpg 768w, https:\/\/dimensionturistica.com\/es\/wp-content\/uploads\/2022\/04\/unnamed-1-20-1536x1024.jpg 1536w, https:\/\/dimensionturistica.com\/es\/wp-content\/uploads\/2022\/04\/unnamed-1-20-2048x1365.jpg 2048w, https:\/\/dimensionturistica.com\/es\/wp-content\/uploads\/2022\/04\/unnamed-1-20-750x500.jpg 750w, https:\/\/dimensionturistica.com\/es\/wp-content\/uploads\/2022\/04\/unnamed-1-20-1140x760.jpg 1140w\" sizes=\"(max-width: 300px) 100vw, 300px\" \/>La estancia promedio de los turistas en el estado fue de tres d\u00edas durante este lapso, y los principales atractivos que visitaron en la capital fueron la Biblioteca Palafoxiana, la zona de Los Fuertes de Loreto y Guadalupe, la Capilla del Rosario, la Bas\u00edlica Catedral y el museo Jos\u00e9 Luis Bello y Zetina.<br \/>\nEn el caso de Pueblos M\u00e1gicos, los que recibieron el mayor n\u00famero de visitantes fueron Zacatl\u00e1n de las Manzanas, Atlixco, Cholula, Chignahuapan, Tlatlauquitepec y Xicotepec de Ju\u00e1rez.<br \/>\nEl 58 por ciento de los visitantes y turistas encuestados refirieron que recorr\u00edan por primera vez el estado, siete de cada 10 lo hizo en familia, mientras que 18 por ciento realiz\u00f3 el viaje en pareja; todos aseguraron que recomendar\u00edan el destino y tienen previsto regresar para visitar algunos atractivos que les resultaron interesantes.<\/p>\n","protected":false},"excerpt":{"rendered":"<p>En el periodo vacacional de Semana Santa, comprendido entre el 8 y 24 de abril del 2022, el M\u00f3dulo de Informaci\u00f3n Tur\u00edstica de la Secretar\u00eda de Turismo, ubicado en el Centro Hist\u00f3rico de la capital, atendi\u00f3 a 29 mil personas, entre visitantes y turistas que escogieron como destino a Puebla. En el m\u00f3dulo del Aeropuerto [&hellip;]<\/p>\n","protected":false},"author":1,"featured_media":310026,"comment_status":"open","ping_status":"closed","sticky":false,"template":"","format":"standard","meta":{"om_disable_all_campaigns":false,"jnews-multi-image_gallery":[],"jnews_single_post":{"source_name":"","source_url":"","via_name":"","via_url":"","override_template":"0","override":[{"template":"1","single_blog_custom":"","parallax":"1","fullscreen":"1","layout":"right-sidebar","sidebar":"default-sidebar","second_sidebar":"default-sidebar","sticky_sidebar":"1","share_position":"top","share_float_style":"share-monocrhome","show_share_counter":"1","show_view_counter":"1","show_featured":"1","show_post_meta":"1","show_post_author":"1","show_post_author_image":"1","show_post_date":"1","post_date_format":"default","post_date_format_custom":"Y\/m\/d","show_post_category":"1","show_post_reading_time":"0","post_reading_time_wpm":"300","show_zoom_button":"0","zoom_button_out_step":"2","zoom_button_in_step":"3","show_post_tag":"1","show_prev_next_post":"1","show_popup_post":"1","number_popup_post":"1","show_author_box":"0","show_post_related":"0","show_inline_post_related":"0"}],"override_image_size":"0","image_override":[{"single_post_thumbnail_size":"crop-500","single_post_gallery_size":"crop-500"}],"trending_post":"0","trending_post_position":"meta","trending_post_label":"Trending","sponsored_post":"0","sponsored_post_label":"Sponsored by","sponsored_post_name":"","sponsored_post_url":"","sponsored_post_logo_enable":"0","sponsored_post_logo":"","sponsored_post_desc":"","disable_ad":"0"},"jnews_primary_category":{"id":""},"jnews_social_meta":{"fb_title":"","fb_description":"","fb_image":"","twitter_title":"","twitter_description":"","twitter_image":""},"footnotes":""},"categories":[39],"tags":[],"class_list":["post-310024","post","type-post","status-publish","format-standard","has-post-thumbnail","hentry","category-viajes"],"_links":{"self":[{"href":"https:\/\/dimensionturistica.com\/es\/wp-json\/wp\/v2\/posts\/310024","targetHints":{"allow":["GET"]}}],"collection":[{"href":"https:\/\/dimensionturistica.com\/es\/wp-json\/wp\/v2\/posts"}],"about":[{"href":"https:\/\/dimensionturistica.com\/es\/wp-json\/wp\/v2\/types\/post"}],"author":[{"embeddable":true,"href":"https:\/\/dimensionturistica.com\/es\/wp-json\/wp\/v2\/users\/1"}],"replies":[{"embeddable":true,"href":"https:\/\/dimensionturistica.com\/es\/wp-json\/wp\/v2\/comments?post=310024"}],"version-history":[{"count":0,"href":"https:\/\/dimensionturistica.com\/es\/wp-json\/wp\/v2\/posts\/310024\/revisions"}],"wp:featuredmedia":[{"embeddable":true,"href":"https:\/\/dimensionturistica.com\/es\/wp-json\/wp\/v2\/media\/310026"}],"wp:attachment":[{"href":"https:\/\/dimensionturistica.com\/es\/wp-json\/wp\/v2\/media?parent=310024"}],"wp:term":[{"taxonomy":"category","embeddable":true,"href":"https:\/\/dimensionturistica.com\/es\/wp-json\/wp\/v2\/categories?post=310024"},{"taxonomy":"post_tag","embeddable":true,"href":"https:\/\/dimensionturistica.com\/es\/wp-json\/wp\/v2\/tags?post=310024"}],"curies":[{"name":"wp","href":"https:\/\/api.w.org\/{rel}","templated":true}]}}